{"id":62322,"date":"2025-11-25T13:28:58","date_gmt":"2025-11-25T11:28:58","guid":{"rendered":"https:\/\/edublog.educastur.es\/ixuxu\/?p=62322"},"modified":"2025-11-25T13:29:26","modified_gmt":"2025-11-25T11:29:26","slug":"el-conceyu-duvieu-tien-quusar-y-defender-la-toponimia-oficial","status":"publish","type":"post","link":"https:\/\/edublog.educastur.es\/ixuxu\/2025\/11\/el-conceyu-duvieu-tien-quusar-y-defender-la-toponimia-oficial\/","title":{"rendered":"El Conceyu d\u2019Uvi\u00e9u tien qu\u2019usar y defender la toponimia oficial"},"content":{"rendered":"<div class=\"x1xegmmw\">\n<div class=\"\">\n<div style=\"text-align: center\"><span class=\"x193iq5w xeuugli x13faqbe x1vvkbs xt0psk2 x1i0vuye xvs91rp xo1l8bm x5n08af x10wh9bi xpm28yp x8viiok x1o7cslx x126k92a\"><span class=\"html-span xexx8yu x4uap5 x18d9i69 xkhd6sd x1hl2dhg x16tdsg8 x1vvkbs x3nfvp2 x1j61x8r x1fcty0u xdj266r xat24cr xgzva0m xhhsvwb xxymvpz xlup9mm x1kky2od\">\n<!-- iframe plugin v.6.0 wordpress.org\/plugins\/iframe\/ -->\n<iframe loading=\"lazy\" src=\"https:\/\/www.instagram.com\/reel\/DRcNdzfjIek\/embed\" width=\"460\" height=\"545\" 0=\"\/iframe\" scrolling=\"yes\" class=\"iframe-class\" frameborder=\"0\"><\/iframe>\n<\/span><\/span><\/div>\n<div><\/div>\n<div>\n<p><span class=\"x193iq5w xeuugli x13faqbe x1vvkbs xt0psk2 x1i0vuye xvs91rp xo1l8bm x5n08af x10wh9bi xpm28yp x8viiok x1o7cslx x126k92a\">\u203c\ufe0f El Conceyu d\u2019<a class=\"x1i10hfl xjbqb8w x1ejq31n x18oe1m7 x1sy0etr xstzfhl x972fbf x10w94by x1qhh985 x14e42zd x9f619 x1ypdohk xt0psk2 x3ct3a4 xdj266r x14z9mp xat24cr x1lziwak xexx8yu xyri2b x18d9i69 x1c1uobl x16tdsg8 x1hl2dhg xggy1nq x1a2a7pz _aa9_ _a6hd\" role=\"link\" href=\"https:\/\/www.instagram.com\/explore\/tags\/uvi%C3%A9u\/\">#Uvi\u00e9u<\/a> tien qu\u2019usar y defender la toponimia oficial. \ud83d\udc49\ud83c\udffb Ye\u2019l momentu d\u2019apostar pola llei, pola convivencia y pol alcuentru frente a la divisi\u00f3n y la esclusi\u00f3n lling\u00fc\u00edstica. \ud83d\udc49\ud83c\udffb Pidimos al gobiernu carbay\u00f3n una campa\u00f1a d\u2019informaci\u00f3n y sensibilizaci\u00f3n alredor de la toponimia tradicional de la ciud\u00e1 y un usu escrupulosu en tolos \u00e1mbitos, m\u00e1s que necesariu si quieren qu\u2019Uvi\u00e9u tenga dalguna opci\u00f3n de ser Capital Europea de la Cultura.<\/span><\/p>\n<p>\ud83c\udf10<a class=\"x1i10hfl xjbqb8w x1ejq31n x18oe1m7 x1sy0etr xstzfhl x972fbf x10w94by x1qhh985 x14e42zd x9f619 x1ypdohk xt0psk2 x3ct3a4 xdj266r x14z9mp xat24cr x1lziwak xexx8yu xyri2b x18d9i69 x1c1uobl x16tdsg8 x1hl2dhg xggy1nq x1a2a7pz _aa9_ _a6hd\" role=\"link\" href=\"https:\/\/www.instagram.com\/explore\/tags\/toponimia\/\">#toponimia<\/a> <a class=\"x1i10hfl xjbqb8w x1ejq31n x18oe1m7 x1sy0etr xstzfhl x972fbf x10w94by x1qhh985 x14e42zd x9f619 x1ypdohk xt0psk2 x3ct3a4 xdj266r x14z9mp xat24cr x1lziwak xexx8yu xyri2b x18d9i69 x1c1uobl x16tdsg8 x1hl2dhg xggy1nq x1a2a7pz _aa9_ _a6hd\" role=\"link\" href=\"https:\/\/www.instagram.com\/explore\/tags\/astur\/\">#astur<\/a> <a class=\"x1i10hfl xjbqb8w x1ejq31n x18oe1m7 x1sy0etr xstzfhl x972fbf x10w94by x1qhh985 x14e42zd x9f619 x1ypdohk xt0psk2 x3ct3a4 xdj266r x14z9mp xat24cr x1lziwak xexx8yu xyri2b x18d9i69 x1c1uobl x16tdsg8 x1hl2dhg xggy1nq x1a2a7pz _aa9_ _a6hd\" role=\"link\" href=\"https:\/\/www.instagram.com\/explore\/tags\/asturianu\/\">#asturianu<\/a> <a class=\"x1i10hfl xjbqb8w x1ejq31n x18oe1m7 x1sy0etr xstzfhl x972fbf x10w94by x1qhh985 x14e42zd x9f619 x1ypdohk xt0psk2 x3ct3a4 xdj266r x14z9mp xat24cr x1lziwak xexx8yu xyri2b x18d9i69 x1c1uobl x16tdsg8 x1hl2dhg xggy1nq x1a2a7pz _aa9_ _a6hd\" role=\"link\" href=\"https:\/\/www.instagram.com\/explore\/tags\/uvieu\/\">#uvieu<\/a><\/p>\n<\/div>\n<\/div>\n<\/div>\n","protected":false},"excerpt":{"rendered":"<p>\u203c\ufe0f El Conceyu d\u2019#Uvi\u00e9u tien qu\u2019usar y defender la toponimia oficial. \ud83d\udc49\ud83c\udffb Ye\u2019l momentu d\u2019apostar pola llei, pola convivencia y pol alcuentru frente a la divisi\u00f3n y la esclusi\u00f3n lling\u00fc\u00edstica. \ud83d\udc49\ud83c\udffb Pidimos al gobiernu carbay\u00f3n una campa\u00f1a d\u2019informaci\u00f3n y sensibilizaci\u00f3n alredor de la toponimia tradicional de la ciud\u00e1 y un usu escrupulosu en tolos \u00e1mbitos, [&hellip;]<\/p>\n","protected":false},"author":117,"featured_media":0,"comment_status":"closed","ping_status":"closed","sticky":false,"template":"","format":"standard","meta":{"footnotes":""},"categories":[108,33],"tags":[],"class_list":["post-62322","post","type-post","status-publish","format-standard","hentry","category-toponimia","category-uvieu"],"_links":{"self":[{"href":"https:\/\/edublog.educastur.es\/ixuxu\/wp-json\/wp\/v2\/posts\/62322","targetHints":{"allow":["GET"]}}],"collection":[{"href":"https:\/\/edublog.educastur.es\/ixuxu\/wp-json\/wp\/v2\/posts"}],"about":[{"href":"https:\/\/edublog.educastur.es\/ixuxu\/wp-json\/wp\/v2\/types\/post"}],"author":[{"embeddable":true,"href":"https:\/\/edublog.educastur.es\/ixuxu\/wp-json\/wp\/v2\/users\/117"}],"replies":[{"embeddable":true,"href":"https:\/\/edublog.educastur.es\/ixuxu\/wp-json\/wp\/v2\/comments?post=62322"}],"version-history":[{"count":3,"href":"https:\/\/edublog.educastur.es\/ixuxu\/wp-json\/wp\/v2\/posts\/62322\/revisions"}],"predecessor-version":[{"id":62325,"href":"https:\/\/edublog.educastur.es\/ixuxu\/wp-json\/wp\/v2\/posts\/62322\/revisions\/62325"}],"wp:attachment":[{"href":"https:\/\/edublog.educastur.es\/ixuxu\/wp-json\/wp\/v2\/media?parent=62322"}],"wp:term":[{"taxonomy":"category","embeddable":true,"href":"https:\/\/edublog.educastur.es\/ixuxu\/wp-json\/wp\/v2\/categories?post=62322"},{"taxonomy":"post_tag","embeddable":true,"href":"https:\/\/edublog.educastur.es\/ixuxu\/wp-json\/wp\/v2\/tags?post=62322"}],"curies":[{"name":"wp","href":"https:\/\/api.w.org\/{rel}","templated":true}]}}