{"id":62359,"date":"2025-11-26T08:30:20","date_gmt":"2025-11-26T06:30:20","guid":{"rendered":"https:\/\/edublog.educastur.es\/ixuxu\/?p=62359"},"modified":"2025-11-25T22:52:15","modified_gmt":"2025-11-25T20:52:15","slug":"el-tiempu-el-comercio-194","status":"publish","type":"post","link":"https:\/\/edublog.educastur.es\/ixuxu\/2025\/11\/el-tiempu-el-comercio-194\/","title":{"rendered":"El tiempu (El Comercio)"},"content":{"rendered":"<p style=\"text-align: center\"><a href=\"https:\/\/s1.ppllstatics.com\/elcomercio\/www\/multimedia\/2025\/11\/25\/prevision-tiempo-asturias-kSeC-U2302588077118HVD-1200x870@El%20Comercio.jpg\"><img loading=\"lazy\" decoding=\"async\" class=\"aligncenter size-large\" src=\"https:\/\/s1.ppllstatics.com\/elcomercio\/www\/multimedia\/2025\/11\/25\/prevision-tiempo-asturias-kSeC-U2302588077118HVD-1200x870@El%20Comercio.jpg\" width=\"1200\" height=\"870\" \/><\/a><\/p>\n<p>Esp\u00e9rense cielos nublos o bien nublos otra vegada anque nun se refuga l&#8217;apertura de delles escamplaes a la fin del d\u00eda. Les precipitaciones van tar presentes ent\u00e1 <strong>pela ma\u00f1ana<\/strong> y van tender a dir unviando de cara a la segunda parte de la xornada. Estes precipitaciones ent\u00e1 podr\u00eden ser localmente moderaes nes primeres hores de la ma\u00f1ana dexando nieve a partir de los 1200 metros d&#8217;altor.<strong> Conforme vaiga trescurriendo&#8217;l mi\u00e9rcoles<\/strong> la cota va dir xubiendo hasta los 1500 o 1600 metros anque, como acabamos de comentar, apenes s&#8217;espera inestabilid\u00e1 pela tarde. Los vientos van ser fluexos y variables con delles raches moderaes s\u00eda que non na mari\u00f1a y en zones altes del cordal. Tanto <strong>les temperatures m\u00e1ximes<\/strong> como les m\u00ednimes van xubir de forma llixera nam\u00e1 nel suroccidente asturianu. Nel restu del Princip\u00e1u van caltenese ensin grandes cambeos al respective de les anotaes el martes.<\/p>\n<p><!--more--><\/p>\n<p>El xueves vamos ver el sol na nuesa rex\u00f3n cuidao que dende primer hora los cielos van tar poco nublos. A lo sumo, prevense intervalos de nubes altes insignificantes mientres el d\u00eda. La probabilid\u00e1 de precipitaciones va ser rotundamente nula. Los vientos van ser fluexos polo xeneral y les temperatures van xubir de forma xeneralizada ente 3 y 5 \u00baC.<\/p>\n","protected":false},"excerpt":{"rendered":"<p>Esp\u00e9rense cielos nublos o bien nublos otra vegada anque nun se refuga l&#8217;apertura de delles escamplaes a la fin del d\u00eda. Les precipitaciones van tar presentes ent\u00e1 pela ma\u00f1ana y van tender a dir unviando de cara a la segunda parte de la xornada. Estes precipitaciones ent\u00e1 podr\u00eden ser localmente moderaes nes primeres hores de [&hellip;]<\/p>\n","protected":false},"author":117,"featured_media":0,"comment_status":"closed","ping_status":"closed","sticky":false,"template":"","format":"standard","meta":{"footnotes":""},"categories":[1,5],"tags":[],"class_list":["post-62359","post","type-post","status-publish","format-standard","hentry","category-sin-categoria","category-tiempu"],"_links":{"self":[{"href":"https:\/\/edublog.educastur.es\/ixuxu\/wp-json\/wp\/v2\/posts\/62359","targetHints":{"allow":["GET"]}}],"collection":[{"href":"https:\/\/edublog.educastur.es\/ixuxu\/wp-json\/wp\/v2\/posts"}],"about":[{"href":"https:\/\/edublog.educastur.es\/ixuxu\/wp-json\/wp\/v2\/types\/post"}],"author":[{"embeddable":true,"href":"https:\/\/edublog.educastur.es\/ixuxu\/wp-json\/wp\/v2\/users\/117"}],"replies":[{"embeddable":true,"href":"https:\/\/edublog.educastur.es\/ixuxu\/wp-json\/wp\/v2\/comments?post=62359"}],"version-history":[{"count":3,"href":"https:\/\/edublog.educastur.es\/ixuxu\/wp-json\/wp\/v2\/posts\/62359\/revisions"}],"predecessor-version":[{"id":62362,"href":"https:\/\/edublog.educastur.es\/ixuxu\/wp-json\/wp\/v2\/posts\/62359\/revisions\/62362"}],"wp:attachment":[{"href":"https:\/\/edublog.educastur.es\/ixuxu\/wp-json\/wp\/v2\/media?parent=62359"}],"wp:term":[{"taxonomy":"category","embeddable":true,"href":"https:\/\/edublog.educastur.es\/ixuxu\/wp-json\/wp\/v2\/categories?post=62359"},{"taxonomy":"post_tag","embeddable":true,"href":"https:\/\/edublog.educastur.es\/ixuxu\/wp-json\/wp\/v2\/tags?post=62359"}],"curies":[{"name":"wp","href":"https:\/\/api.w.org\/{rel}","templated":true}]}}