{"id":62386,"date":"2025-11-27T08:30:08","date_gmt":"2025-11-27T06:30:08","guid":{"rendered":"https:\/\/edublog.educastur.es\/ixuxu\/?p=62386"},"modified":"2025-11-26T23:16:58","modified_gmt":"2025-11-26T21:16:58","slug":"el-tiempu-el-comercio-195","status":"publish","type":"post","link":"https:\/\/edublog.educastur.es\/ixuxu\/2025\/11\/el-tiempu-el-comercio-195\/","title":{"rendered":"El tiempu (El Comercio)"},"content":{"rendered":"<p style=\"text-align: center\"><a href=\"https:\/\/s2.ppllstatics.com\/elcomercio\/www\/multimedia\/2025\/11\/26\/prevision-tiempo-asturias.jpg\"><img loading=\"lazy\" decoding=\"async\" class=\"aligncenter size-large\" src=\"https:\/\/s2.ppllstatics.com\/elcomercio\/www\/multimedia\/2025\/11\/26\/prevision-tiempo-asturias.jpg\" width=\"1524\" height=\"1090\" \/><\/a><\/p>\n<p>Esperamos una xornada estable en tol Princip\u00e1u d&#8217;Asturies.<strong> Los cielos<\/strong> van tar pocu nublos con, a lo sumo, intervalos de nubes altes ensin importancia. La probabilid\u00e1 de precipitaciones va ser nula.<strong> Los vientos<\/strong> van ser fluexos y variables. <strong>Les temperatures m\u00e1ximes<\/strong> van xubir de forma xeneralizada. Dichu ascensu va ser d&#8217;hasta 3 o 4 \u00baC nel cordal y d&#8217;unos 2 \u00baC nel restu de la rex\u00f3n. <strong>Les m\u00ednime<\/strong>s van baxar de forma significativa nel suroccidente y, s\u00eda que non, en dellos puntos del mariniegu centru-oriental. Nel restu d&#8217;Asturies van caltenese ensin cambeos respecto al mi\u00e9rcoles.<\/p>\n<p><!--more--><\/p>\n<p><strong>El vienres<\/strong> vamos empezar tami\u00e9n con estabilid\u00e1&#8217;l d\u00eda pero, a lo llargo de la tarde, vamos reparar ciertu encl\u00edn a aumentar la nubosid\u00e1, sobremanera na met\u00e1 norte asturiana. Nun se refuga que pueda acabase escapando dalguna gota na mari\u00f1a y zones pr\u00f3ximes. Los vientos van siguir siendo fluexos. Les temperatures apenes van esperimentar cambeos.<\/p>\n<p><strong> El s\u00e1badu<\/strong> va llover en tola Comunid\u00e1 Aut\u00f3noma a partir de la tarde y la cota de nieve va acabar asiti\u00e1ndose sobre los 1300 metros.<\/p>\n<p><strong> Na madrugada del domingu<\/strong> va poder nevar a partir de los 1000 o 1100 metros. El domingu va ser un d\u00eda tami\u00e9n inestable anque, posiblemente, tienda a unviar el mal tiempu a la fin de la xornada.<\/p>\n","protected":false},"excerpt":{"rendered":"<p>Esperamos una xornada estable en tol Princip\u00e1u d&#8217;Asturies. Los cielos van tar pocu nublos con, a lo sumo, intervalos de nubes altes ensin importancia. La probabilid\u00e1 de precipitaciones va ser nula. Los vientos van ser fluexos y variables. Les temperatures m\u00e1ximes van xubir de forma xeneralizada. Dichu ascensu va ser d&#8217;hasta 3 o 4 \u00baC [&hellip;]<\/p>\n","protected":false},"author":117,"featured_media":0,"comment_status":"closed","ping_status":"closed","sticky":false,"template":"","format":"standard","meta":{"footnotes":""},"categories":[5],"tags":[],"class_list":["post-62386","post","type-post","status-publish","format-standard","hentry","category-tiempu"],"_links":{"self":[{"href":"https:\/\/edublog.educastur.es\/ixuxu\/wp-json\/wp\/v2\/posts\/62386","targetHints":{"allow":["GET"]}}],"collection":[{"href":"https:\/\/edublog.educastur.es\/ixuxu\/wp-json\/wp\/v2\/posts"}],"about":[{"href":"https:\/\/edublog.educastur.es\/ixuxu\/wp-json\/wp\/v2\/types\/post"}],"author":[{"embeddable":true,"href":"https:\/\/edublog.educastur.es\/ixuxu\/wp-json\/wp\/v2\/users\/117"}],"replies":[{"embeddable":true,"href":"https:\/\/edublog.educastur.es\/ixuxu\/wp-json\/wp\/v2\/comments?post=62386"}],"version-history":[{"count":1,"href":"https:\/\/edublog.educastur.es\/ixuxu\/wp-json\/wp\/v2\/posts\/62386\/revisions"}],"predecessor-version":[{"id":62387,"href":"https:\/\/edublog.educastur.es\/ixuxu\/wp-json\/wp\/v2\/posts\/62386\/revisions\/62387"}],"wp:attachment":[{"href":"https:\/\/edublog.educastur.es\/ixuxu\/wp-json\/wp\/v2\/media?parent=62386"}],"wp:term":[{"taxonomy":"category","embeddable":true,"href":"https:\/\/edublog.educastur.es\/ixuxu\/wp-json\/wp\/v2\/categories?post=62386"},{"taxonomy":"post_tag","embeddable":true,"href":"https:\/\/edublog.educastur.es\/ixuxu\/wp-json\/wp\/v2\/tags?post=62386"}],"curies":[{"name":"wp","href":"https:\/\/api.w.org\/{rel}","templated":true}]}}