{"id":62388,"date":"2025-11-26T12:00:59","date_gmt":"2025-11-26T10:00:59","guid":{"rendered":"https:\/\/edublog.educastur.es\/ixuxu\/?p=62388"},"modified":"2025-11-26T23:19:33","modified_gmt":"2025-11-26T21:19:33","slug":"reunion-de-la-conseyera-cola-ministra-deducacion-en-madrid","status":"publish","type":"post","link":"https:\/\/edublog.educastur.es\/ixuxu\/2025\/11\/reunion-de-la-conseyera-cola-ministra-deducacion-en-madrid\/","title":{"rendered":"Reuni\u00f3n de la Conseyera cola Ministra d&#8217;Educaci\u00f3n, en Madrid"},"content":{"rendered":"<p>Eva Ledo plantega a la ministra d&#8217;Educaci\u00f3n la necesid\u00e1 d&#8217;una llei nacional contra l&#8217;acoso y <strong>l&#8217;importancia de crear una especialid\u00e1 docente d&#8217;asturianu.<\/strong> La conseyera presenta a Pilar Alegr\u00eda&#8217;l Pactu Asturies Educa y les pol\u00edtiques de bienestar emocional qu&#8217;aplica&#8217;l Princip\u00e1u. <a href=\"https:\/\/actualidad.asturias.es\/-\/eva-ledo-plantea-a-la-ministra-de-educaci\u00f3n-la-necesidad-de-una-ley-nacional-contra-el-acoso-y-la-importancia-de-crear-una-especialidad-docente-de-asturiano?redirect=%2F\">Actualid\u00e1<\/a><\/p>\n<p style=\"text-align: center\"><a href=\"https:\/\/actualidad.asturias.es\/documents\/537115\/2947011\/2025_11_26+Consejera+reunion+ministra+educacion+2.jpeg\/927c80cf-c919-8d21-fb96-af083414cfb7?t=1764173700554\"><img loading=\"lazy\" decoding=\"async\" class=\"aligncenter size-large\" src=\"https:\/\/actualidad.asturias.es\/documents\/537115\/2947011\/2025_11_26+Consejera+reunion+ministra+educacion+2.jpeg\/927c80cf-c919-8d21-fb96-af083414cfb7?t=1764173700554\" width=\"1600\" height=\"1066\" \/><\/a><\/p>\n<p><!--more--><\/p>\n<p>Les prioridaes de xesti\u00f3n del Princip\u00e1u, ente elles l&#8217;aplicaci\u00f3n del pactu Asturies Educa, les pol\u00edtiques de bienestar emocional y prevenci\u00f3n del acoso y del suicidiu o la puesta en marcha de la nueva llei de Formaci\u00f3n Profesional (FP) dientro del so \u00e1mbitu d&#8217;actuaci\u00f3n. Ledo y Allegr\u00eda caltuvieron en Madrid un alcuentru distend\u00edu de daqu\u00e9 m\u00e1s d&#8217;una hora de duraci\u00f3n.<\/p>\n<p>Ente les temes del orde del d\u00eda presentaos pola conseyera asturiana, destaca&#8217;l <strong>decretu que se ta redactando de prevenci\u00f3n del acoso escolar.<\/strong> Tami\u00e9n lu tresmiti\u00f3 a la ministra&#8217;l pidimientu de families que reclamen la ellaboraci\u00f3n d&#8217;una llei nacional. Dambes coincidieron na necesid\u00e1 de coordinar les pol\u00edtiques que se lleven a cabu nesti terr\u00e9n.<\/p>\n<p>Am\u00e1s de les mid\u00edes d&#8217;atenci\u00f3n a la diversid\u00e1 y de *desburocratizaci\u00f3n, <strong>especific\u00f3-y el puntu nel que se reivindica la creaci\u00f3n de la especialid\u00e1 docente d&#8217;asturianu, pa poder dar respuesta a los m\u00e1s de 330 profesionales que nestos momentos exercen nes aules del Princip\u00e1u y que nun pueden nin estabilizar nin presentase a oposiciones.<\/strong><\/p>\n","protected":false},"excerpt":{"rendered":"<p>Eva Ledo plantega a la ministra d&#8217;Educaci\u00f3n la necesid\u00e1 d&#8217;una llei nacional contra l&#8217;acoso y l&#8217;importancia de crear una especialid\u00e1 docente d&#8217;asturianu. La conseyera presenta a Pilar Alegr\u00eda&#8217;l Pactu Asturies Educa y les pol\u00edtiques de bienestar emocional qu&#8217;aplica&#8217;l Princip\u00e1u. Actualid\u00e1<\/p>\n","protected":false},"author":117,"featured_media":0,"comment_status":"closed","ping_status":"closed","sticky":false,"template":"","format":"standard","meta":{"footnotes":""},"categories":[132],"tags":[],"class_list":["post-62388","post","type-post","status-publish","format-standard","hentry","category-educastur"],"_links":{"self":[{"href":"https:\/\/edublog.educastur.es\/ixuxu\/wp-json\/wp\/v2\/posts\/62388","targetHints":{"allow":["GET"]}}],"collection":[{"href":"https:\/\/edublog.educastur.es\/ixuxu\/wp-json\/wp\/v2\/posts"}],"about":[{"href":"https:\/\/edublog.educastur.es\/ixuxu\/wp-json\/wp\/v2\/types\/post"}],"author":[{"embeddable":true,"href":"https:\/\/edublog.educastur.es\/ixuxu\/wp-json\/wp\/v2\/users\/117"}],"replies":[{"embeddable":true,"href":"https:\/\/edublog.educastur.es\/ixuxu\/wp-json\/wp\/v2\/comments?post=62388"}],"version-history":[{"count":2,"href":"https:\/\/edublog.educastur.es\/ixuxu\/wp-json\/wp\/v2\/posts\/62388\/revisions"}],"predecessor-version":[{"id":62390,"href":"https:\/\/edublog.educastur.es\/ixuxu\/wp-json\/wp\/v2\/posts\/62388\/revisions\/62390"}],"wp:attachment":[{"href":"https:\/\/edublog.educastur.es\/ixuxu\/wp-json\/wp\/v2\/media?parent=62388"}],"wp:term":[{"taxonomy":"category","embeddable":true,"href":"https:\/\/edublog.educastur.es\/ixuxu\/wp-json\/wp\/v2\/categories?post=62388"},{"taxonomy":"post_tag","embeddable":true,"href":"https:\/\/edublog.educastur.es\/ixuxu\/wp-json\/wp\/v2\/tags?post=62388"}],"curies":[{"name":"wp","href":"https:\/\/api.w.org\/{rel}","templated":true}]}}