{"id":62393,"date":"2025-11-27T19:43:29","date_gmt":"2025-11-27T17:43:29","guid":{"rendered":"https:\/\/edublog.educastur.es\/ixuxu\/?p=62393"},"modified":"2025-11-30T12:02:11","modified_gmt":"2025-11-30T10:02:11","slug":"cultura-entrega-mananal-ii-premiu-dasturianada-obdulia-alvarez-la-busdonga","status":"publish","type":"post","link":"https:\/\/edublog.educastur.es\/ixuxu\/2025\/11\/cultura-entrega-mananal-ii-premiu-dasturianada-obdulia-alvarez-la-busdonga\/","title":{"rendered":"Cultura entrega&#8217;l II Premiu d\u2019Asturianada\u00a0Obdulia \u00c1lvarez La Busdonga"},"content":{"rendered":"<p class=\"Ttulo1\">Cultura entregaen La Llaboral el II Premiu d\u2019Asturianada <i>Obdulia \u00c1lvarez La Busdonga.<\/i><strong> La final va reunir a les meyores voces d\u2019esta edici\u00f3n nun certame que celebra y impulsa<span style=\"color: #008080\"> la canci\u00f3n asturiana, declarada BIC de car\u00e1cter inmaterial en 2015.\u00a0<\/span><\/strong><\/p>\n<p style=\"text-align: center\"><a href=\"https:\/\/actualidad.asturias.es\/documents\/537115\/2948961\/2025_11_27+cartel+premio+busdonga.jpg\/a91c56a8-3254-7b03-bdc4-b5e3484d7c49?t=1764246984587\"><img loading=\"lazy\" decoding=\"async\" class=\"aligncenter \" src=\"https:\/\/actualidad.asturias.es\/documents\/537115\/2948961\/2025_11_27+cartel+premio+busdonga.jpg\/a91c56a8-3254-7b03-bdc4-b5e3484d7c49?t=1764246984587\" width=\"657\" height=\"929\" \/><\/a><\/p>\n<p>La Conseyer\u00eda de Cultura, Pol\u00edtica Lling\u00fc\u00edstica y Deporte organiza el II Premiu d\u2019Asturianada\u00a0<em>Obdulia \u00c1lvarez La Busdonga,<\/em>\u00a0<strong>col oxetivu de promover la canci\u00f3n asturiana, una de les manifestaciones culturales m\u00e1s significatives de la comunid\u00e1, declarada Bien d\u2019Inter\u00e9s Cultural (BIC) de car\u00e1cter inmaterial en 2015.\u00a0 <\/strong><a href=\"https:\/\/actualidad.asturias.es\/-\/cultura-entregar\u00e1-ma\u00f1ana-el-ii-premiu-d-asturianada-obdulia-\u00c1lvarez-la-busdonga-en-una-gala-que-reunir\u00e1-en-la-laboral-a-los-seis-finalistas?redirect=%2Fnoticias\">Actualid\u00e1<\/a><\/p>\n<p><!--more--><\/p>\n<p>La final de la segunda edici\u00f3n del gallard\u00f3n va celebrase esti vienres, 28 de payares, a les 19:00 hores, nel Teatru de La Llaboral de Xix\u00f3n, nuna xornada que va poner en valor la tradici\u00f3n musical asturiana y el talentu emerxente de la comunid\u00e1. La entrada ye llibre y de baldre hasta completar aforu.<\/p>\n<p>El certame, consolid\u00e1u como una referencia esencial nel \u00e1mbitu de la canci\u00f3n asturiana, va reunir sobre l\u2019escenariu a dalgunes de les voces con mayor proyecci\u00f3n del momentu. Les persones finalistes son:<\/p>\n<p><strong>\u2022\u00a0 \u00a0 Categor\u00eda femenina:\u00a0<\/strong>Alicia Villanueva Megido y Lorena Corripio L\u00f3pez.<br \/>\n<strong>\u2022\u00a0 \u00a0 Categor\u00eda masculina:\u00a0<\/strong>Esteban Verdeja Mart\u00ednez y Manuel Roza Llera.<br \/>\n<strong>\u2022\u00a0 \u00a0 Categor\u00eda moza:<\/strong>\u00a0Marina Carbajosa Gonz\u00e1lez y N\u00e9stor D\u00edaz Gonz\u00e1lez.<\/p>\n<p>La dotaci\u00f3n global del premiu asciende a 15.000 euros, distribuy\u00edos nes tr\u00e9s categor\u00edes: masculina (6.000 euros), femenina (6.000 euros) y moza (3.000 euros), dirixida a int\u00e9rpretes menores de 22 a\u00f1os. El xur\u00e1u va valorar el desempe\u00f1u de les persones participantes siguiendo los criterios recoy\u00edos nes bases: conducta y actitud esc\u00e9nica, entonaci\u00f3n y afinaci\u00f3n, calid\u00e1 de emisi\u00f3n y dicci\u00f3n vocal, ornamentaci\u00f3n y matizaci\u00f3n, dificult\u00e1 y varied\u00e1 d\u2019estilos y calid\u00e1 lling\u00fc\u00edstica.<\/p>\n<p>La conseyer\u00eda reivindica con esti certame\u2019l leg\u00e1u de la muyer que-y da nome y la importancia de la canci\u00f3n asturiana como patrimoniu cultural. El premiu rinde homenaxe a\u00a0<em>Obdulia \u00c1lvarez D\u00edaz, La Busdonga<\/em>, una de les voces m\u00e1s destacaes del sieglu XX, reconocida pola so potencia vocal y pol so estilu \u00fanicu d\u2019interpretar l\u2019asturianada. La so forma de sentir y tresmitir esti x\u00e9neru convirti\u00f3la nun s\u00edmbolu de la m\u00fasica popular asturiana y sigue siendo g\u00fcei una fonte inagotable d\u2019inspiraci\u00f3n pa xeneraciones nueves d\u2019int\u00e9rpretes.<\/p>\n<p><strong>Alicia Villanueva Megid<\/strong>o ta acabante<strong> ganar el II Premiu Obdulia \u00c1lvarez \u00abLa Busdonga\u00bb d&#8217;asturianada.<\/strong> Y\u00e1 ye la meyor d&#8217;Asturies. Norabona, campeona<span class=\"html-span xexx8yu xyri2b x18d9i69 x1c1uobl x1hl2dhg x16tdsg8 x1vvkbs x3nfvp2 x1j61x8r x1fcty0u xdj266r xat24cr xm2jcoa x1mpyi22 xxymvpz xlup9mm x1kky2od\"><img loading=\"lazy\" decoding=\"async\" class=\"xz74otr x15mokao x1ga7v0g x16uus16 xbiv7yw\" src=\"https:\/\/static.xx.fbcdn.net\/images\/emoji.php\/v9\/t50\/1\/16\/2757.png\" alt=\"\u2757\" width=\"16\" height=\"16\" \/><\/span><\/p>\n<p style=\"text-align: center\">\n<!-- iframe plugin v.6.0 wordpress.org\/plugins\/iframe\/ -->\n<iframe loading=\"lazy\" src=\"https:\/\/www.facebook.com\/plugins\/post.php?href=https%3A%2F%2Fwww.facebook.com%2FCasaculturabimenes%2Fposts%2Fpfbid028H1Jz94e7aAHksXmacFTsozagM1SpUXtSP1MCCFkbVChy3d9uG7rpAgXsBE9YTFPl&#038;show_text=false&#038;width=500\" width=\"500\" height=\"497\" style=\"border:none;overflow:hidden\" scrolling=\"no\" frameborder=\"0\" allowfullscreen=\"true\" allow=\"autoplay; clipboard-write; encrypted-media; picture-in-picture; web-share\" 0=\"\/iframe\" class=\"iframe-class\"><\/iframe>\n<\/p>\n<div class=\"css-175oi2r\" data-testid=\"cellInnerDiv\">\n<div class=\"css-175oi2r r-1igl3o0 r-qklmqi r-1adg3ll r-1ny4l3l\">\n<div class=\"css-175oi2r\">\n<article class=\"css-175oi2r r-18u37iz r-1udh08x r-1c4vpko r-1c7gwzm r-o7ynqc r-6416eg r-1cuuowz r-1ny4l3l r-1loqt21\" role=\"article\" aria-labelledby=\"id__88peo40qj7 id__gsq5ruwxse6 id__ozrgjvbdx id__tc737h036u8 id__5qieheawrl id__7vo21e2zuh9 id__v16i8c0egpe id__x58hhiebcer id__52g6eex7uso id__5se7am6xjgq id__9occc0xjefv id__fjyuht3xdaq id__c23cqhbzn5j id__yx30lwfqohg id__3dk2y5ahpwv id__6ylzw0dd6nj id__xgs9amhvza id__8skxv88jg4a id__i604woczp3\" data-testid=\"tweet\">\n<div class=\"css-175oi2r r-eqz5dr r-16y2uox r-1wbh5a2\">\n<div class=\"css-175oi2r r-16y2uox r-1wbh5a2 r-1ny4l3l\">\n<div class=\"css-175oi2r r-18u37iz r-136ojw6\">\n<div class=\"css-175oi2r r-1iusvr4 r-16y2uox r-1777fci r-kzbkwu\">\n<div class=\"css-175oi2r\">\n<div id=\"id__9occc0xjefv\" class=\"css-146c3p1 r-bcqeeo r-1ttztb7 r-qvutc0 r-37j5jr r-a023e6 r-rjixqe r-16dba41 r-bnwqim\" dir=\"auto\" lang=\"es\" data-testid=\"tweetText\"><em><span class=\"css-1jxf684 r-bcqeeo r-1ttztb7 r-qvutc0 r-poiln3\"><strong>La so manera \u00fanica de sentir l&#8217;asturianada convirti\u00f3se nun s\u00edmbolu de la nuestra m\u00fasica popular y sigue siendo g\u00fcei una fonte d\u2019inspiraci\u00f3n pa munches int\u00e9rpretes.<\/strong> Vanesaa Guti\u00e9rrez<\/span><\/em><\/div>\n<\/div>\n<div class=\"css-175oi2r\">\n<div class=\"css-175oi2r\">\n<div id=\"id__j7lfmulhp7a\" class=\"css-175oi2r r-1kbdv8c r-18u37iz r-1wtj0ep r-1ye8kvj r-1s2bzr4\" role=\"group\" aria-label=\"20 reproducciones\">\n<div class=\"css-175oi2r r-18u37iz r-1h0z5md r-13awgt0\"><\/div>\n<\/div>\n<\/div>\n<\/div>\n<\/div>\n<\/div>\n<\/div>\n<\/div>\n<\/article>\n<\/div>\n<\/div>\n<\/div>\n<p style=\"text-align: center\">El llaniscu N\u00e9stor D\u00edaz gana l&#8217;<span style=\"color: #008080\"><strong>II Premiu d\u2019Asturianada en categor\u00eda moza,<br \/>\npa menores de 18 a\u00f1os.<\/strong><\/span><a href=\"https:\/\/coperibadesella.com\/28\/11\/2025\/el-llaniscu-nestor-diaz-gana-el-ii-premio-dasturianada-en-categoria-moza\/?fbclid=IwY2xjawOYCqhleHRuA2FlbQIxMQBzcnRjBmFwcF9pZBAyMjIwMzkxNzg4MjAwODkyAAEeBqSK54s8K2N89rXXTLQesaGKVLPgZkgYsqLzczb2wjN1r8BOK5hDPLhIXr4_aem_VBvK2-xB4CRTiD8HV5YEIw\">\u00a0COPE<\/a><\/p>\n<p style=\"text-align: center\"><a href=\"https:\/\/coperibadesella.com\/wp-content\/uploads\/2025\/11\/NESTOR-DIAZ-Premiu-DAsturianada-2025-Categoria-Moza-3-1350x900.jpg\"><img loading=\"lazy\" decoding=\"async\" class=\"aligncenter size-large\" src=\"https:\/\/coperibadesella.com\/wp-content\/uploads\/2025\/11\/NESTOR-DIAZ-Premiu-DAsturianada-2025-Categoria-Moza-3-1350x900.jpg\" width=\"1350\" height=\"900\" \/><\/a><\/p>\n<p style=\"text-align: center\"><a href=\"https:\/\/coperibadesella.com\/wp-content\/uploads\/2025\/11\/NESTOR-DIAZ-Premiu-DAsturianada-2025-Categoria-Moza-5-1536x1152.jpg\"><img loading=\"lazy\" decoding=\"async\" class=\"aligncenter size-large\" src=\"https:\/\/coperibadesella.com\/wp-content\/uploads\/2025\/11\/NESTOR-DIAZ-Premiu-DAsturianada-2025-Categoria-Moza-5-1536x1152.jpg\" width=\"1536\" height=\"1152\" \/><\/a><\/p>\n","protected":false},"excerpt":{"rendered":"<p>Cultura entregaen La Llaboral el II Premiu d\u2019Asturianada Obdulia \u00c1lvarez La Busdonga. La final va reunir a les meyores voces d\u2019esta edici\u00f3n nun certame que celebra y impulsa la canci\u00f3n asturiana, declarada BIC de car\u00e1cter inmaterial en 2015.\u00a0 La Conseyer\u00eda de Cultura, Pol\u00edtica Lling\u00fc\u00edstica y Deporte organiza el II Premiu d\u2019Asturianada\u00a0Obdulia \u00c1lvarez La Busdonga,\u00a0col oxetivu [&hellip;]<\/p>\n","protected":false},"author":117,"featured_media":0,"comment_status":"closed","ping_status":"closed","sticky":false,"template":"","format":"standard","meta":{"footnotes":""},"categories":[333,35],"tags":[],"class_list":["post-62393","post","type-post","status-publish","format-standard","hentry","category-bic-bien-dinteres-cultural","category-musica"],"_links":{"self":[{"href":"https:\/\/edublog.educastur.es\/ixuxu\/wp-json\/wp\/v2\/posts\/62393","targetHints":{"allow":["GET"]}}],"collection":[{"href":"https:\/\/edublog.educastur.es\/ixuxu\/wp-json\/wp\/v2\/posts"}],"about":[{"href":"https:\/\/edublog.educastur.es\/ixuxu\/wp-json\/wp\/v2\/types\/post"}],"author":[{"embeddable":true,"href":"https:\/\/edublog.educastur.es\/ixuxu\/wp-json\/wp\/v2\/users\/117"}],"replies":[{"embeddable":true,"href":"https:\/\/edublog.educastur.es\/ixuxu\/wp-json\/wp\/v2\/comments?post=62393"}],"version-history":[{"count":4,"href":"https:\/\/edublog.educastur.es\/ixuxu\/wp-json\/wp\/v2\/posts\/62393\/revisions"}],"predecessor-version":[{"id":62553,"href":"https:\/\/edublog.educastur.es\/ixuxu\/wp-json\/wp\/v2\/posts\/62393\/revisions\/62553"}],"wp:attachment":[{"href":"https:\/\/edublog.educastur.es\/ixuxu\/wp-json\/wp\/v2\/media?parent=62393"}],"wp:term":[{"taxonomy":"category","embeddable":true,"href":"https:\/\/edublog.educastur.es\/ixuxu\/wp-json\/wp\/v2\/categories?post=62393"},{"taxonomy":"post_tag","embeddable":true,"href":"https:\/\/edublog.educastur.es\/ixuxu\/wp-json\/wp\/v2\/tags?post=62393"}],"curies":[{"name":"wp","href":"https:\/\/api.w.org\/{rel}","templated":true}]}}