{"id":62395,"date":"2025-11-28T08:30:52","date_gmt":"2025-11-28T06:30:52","guid":{"rendered":"https:\/\/edublog.educastur.es\/ixuxu\/?p=62395"},"modified":"2025-11-28T10:02:10","modified_gmt":"2025-11-28T08:02:10","slug":"el-tiempu-el-comercio-196","status":"publish","type":"post","link":"https:\/\/edublog.educastur.es\/ixuxu\/2025\/11\/el-tiempu-el-comercio-196\/","title":{"rendered":"El tiempu (El Comercio)"},"content":{"rendered":"<p><img decoding=\"async\" src=\"https:\/\/s2.ppllstatics.com\/elcomercio\/www\/multimedia\/2025\/11\/27\/prevision-tiempo-asturias-kkCD-U2302588077118HVD-1200x870@El%20Comercio.jpg\" \/><\/p>\n<p>Esperamos otru d\u00eda con unes condiciones meteorol\u00f3xiques estables en pr\u00e1cticamente tol Princip\u00e1u. <strong>Vamos amanecer<\/strong> con poca nubosid\u00e1 y, a lo llargo de la xornada, vamos reparar intervalos de nubes altes a lo sumo. La \u00fanica esceici\u00f3n va tener llugar nel terciu oeste asturianu onde va apaecer nubosid\u00e1 de tipu baxu, sobremanera na mari\u00f1a occidental, por cuenta de la cercan\u00eda d&#8217;un frente estacionariu que nun va llegar a entrar pero, igualmente, nun se refuga que pueda escapase dalguna gota nesi sector mientres la tarde. <strong>Los vientos<\/strong> van ser fluexos pudiendo predominar por momentos de suroeste. <strong>Les temperatures m\u00e1ximes<\/strong> van xubir llixeramente ente 1 y 2 \u00baC en tola rex\u00f3n respecto al xueves. <strong>Les m\u00ednimes<\/strong> apenes van variar.<\/p>\n<p><!--more--><\/p>\n<p>El s\u00e1badu s\u00ed que s&#8217;esperen cambeos importantes. La ma\u00f1ana va presentase estable, pero <strong>a partir del mediud\u00eda<\/strong> van entrar nubes y van dexar precipitaciones pola mor del pasu d&#8217;un frente fr\u00edu que va cruciar la rex\u00f3n.<\/p>\n<p>La tarde va ser bien lluviosa y la cota de nieve va acabar asiti\u00e1ndose sobro los 1100 o 1200 metros d&#8217;altor. <strong>Los vientos<\/strong> van empezar soplando de suroeste con raches moderaes y rolar\u00e1n a noroeste cola llegada del frente fr\u00edu.<\/p>\n<p><strong>El domingu<\/strong> va ser un d\u00eda carg\u00e1u de nubes con precipitaciones que van dir de m\u00e1s a menos col intre de #tardar. La cota de nieve va rondar los 1100 metros tou el d\u00eda. Les temperatures van baxar.<\/p>\n","protected":false},"excerpt":{"rendered":"<p>Esperamos otru d\u00eda con unes condiciones meteorol\u00f3xiques estables en pr\u00e1cticamente tol Princip\u00e1u. Vamos amanecer con poca nubosid\u00e1 y, a lo llargo de la xornada, vamos reparar intervalos de nubes altes a lo sumo. La \u00fanica esceici\u00f3n va tener llugar nel terciu oeste asturianu onde va apaecer nubosid\u00e1 de tipu baxu, sobremanera na mari\u00f1a occidental, por [&hellip;]<\/p>\n","protected":false},"author":117,"featured_media":0,"comment_status":"closed","ping_status":"closed","sticky":false,"template":"","format":"standard","meta":{"footnotes":""},"categories":[5],"tags":[],"class_list":["post-62395","post","type-post","status-publish","format-standard","hentry","category-tiempu"],"_links":{"self":[{"href":"https:\/\/edublog.educastur.es\/ixuxu\/wp-json\/wp\/v2\/posts\/62395","targetHints":{"allow":["GET"]}}],"collection":[{"href":"https:\/\/edublog.educastur.es\/ixuxu\/wp-json\/wp\/v2\/posts"}],"about":[{"href":"https:\/\/edublog.educastur.es\/ixuxu\/wp-json\/wp\/v2\/types\/post"}],"author":[{"embeddable":true,"href":"https:\/\/edublog.educastur.es\/ixuxu\/wp-json\/wp\/v2\/users\/117"}],"replies":[{"embeddable":true,"href":"https:\/\/edublog.educastur.es\/ixuxu\/wp-json\/wp\/v2\/comments?post=62395"}],"version-history":[{"count":1,"href":"https:\/\/edublog.educastur.es\/ixuxu\/wp-json\/wp\/v2\/posts\/62395\/revisions"}],"predecessor-version":[{"id":62396,"href":"https:\/\/edublog.educastur.es\/ixuxu\/wp-json\/wp\/v2\/posts\/62395\/revisions\/62396"}],"wp:attachment":[{"href":"https:\/\/edublog.educastur.es\/ixuxu\/wp-json\/wp\/v2\/media?parent=62395"}],"wp:term":[{"taxonomy":"category","embeddable":true,"href":"https:\/\/edublog.educastur.es\/ixuxu\/wp-json\/wp\/v2\/categories?post=62395"},{"taxonomy":"post_tag","embeddable":true,"href":"https:\/\/edublog.educastur.es\/ixuxu\/wp-json\/wp\/v2\/tags?post=62395"}],"curies":[{"name":"wp","href":"https:\/\/api.w.org\/{rel}","templated":true}]}}