{"id":62405,"date":"2025-11-27T18:25:05","date_gmt":"2025-11-27T16:25:05","guid":{"rendered":"https:\/\/edublog.educastur.es\/ixuxu\/?p=62405"},"modified":"2025-11-28T11:26:10","modified_gmt":"2025-11-28T09:26:10","slug":"reclamacion-de-la-especialida-dasturianu","status":"publish","type":"post","link":"https:\/\/edublog.educastur.es\/ixuxu\/2025\/11\/reclamacion-de-la-especialida-dasturianu\/","title":{"rendered":"Reclamaci\u00f3n de la Especialid\u00e1 d&#8217;asturianu"},"content":{"rendered":"<p>La especialid\u00e1 docente d\u2019<span class=\"html-span xdj266r x14z9mp xat24cr x1lziwak xexx8yu xyri2b x18d9i69 x1c1uobl x1hl2dhg x16tdsg8 x1vvkbs\"><a class=\"x1i10hfl xjbqb8w x1ejq31n x18oe1m7 x1sy0etr xstzfhl x972fbf x10w94by x1qhh985 x14e42zd x9f619 x1ypdohk xt0psk2 x3ct3a4 xdj266r x14z9mp xat24cr x1lziwak xexx8yu xyri2b x18d9i69 x1c1uobl x16tdsg8 x1hl2dhg xggy1nq x1a2a7pz xkrqix3 x1sur9pj x1fey0fg x1s688f\" role=\"link\" href=\"https:\/\/www.facebook.com\/hashtag\/asturianu?__eep__=6&amp;__cft__[0]=AZUXwxi5Q0_FIVjwFycj838gRNhqysuy77re_vWQ4qCqK0VobURxxxfawQwf1GN5sH1PJXkZp-l5jy-e7Y9XMccuRfXXcwR7KwcWmwOzs8lP9qUWkHrCdoDRNB9HaYwnRX7WRXj5qJehfXOiO77S8g_pM6_3pZ9XX7qWJCKPvnnuvzRDMvUEsDxl-t8qmd6PF0FU6YmkFUBs4bn5SMBKhXeq&amp;__tn__=*NK-y-R\">#asturianu<\/a><\/span> ye una asignatura pendiente dende va 40 a\u00f1os. Ye\u2019l momentu de que\u2019l <span class=\"html-span xdj266r x14z9mp xat24cr x1lziwak xexx8yu xyri2b x18d9i69 x1c1uobl x1hl2dhg x16tdsg8 x1vvkbs\"><a class=\"x1i10hfl xjbqb8w x1ejq31n x18oe1m7 x1sy0etr xstzfhl x972fbf x10w94by x1qhh985 x14e42zd x9f619 x1ypdohk xt0psk2 x3ct3a4 xdj266r x14z9mp xat24cr x1lziwak xexx8yu xyri2b x18d9i69 x1c1uobl x16tdsg8 x1hl2dhg xggy1nq x1a2a7pz xkrqix3 x1sur9pj x1fey0fg x1s688f\" role=\"link\" href=\"https:\/\/www.facebook.com\/AdrianBarbonPSOE?__cft__[0]=AZUXwxi5Q0_FIVjwFycj838gRNhqysuy77re_vWQ4qCqK0VobURxxxfawQwf1GN5sH1PJXkZp-l5jy-e7Y9XMccuRfXXcwR7KwcWmwOzs8lP9qUWkHrCdoDRNB9HaYwnRX7WRXj5qJehfXOiO77S8g_pM6_3pZ9XX7qWJCKPvnnuvzRDMvUEsDxl-t8qmd6PF0FU6YmkFUBs4bn5SMBKhXeq&amp;__tn__=-]K-y-R\"><span class=\"xt0psk2\"><span class=\"xjp7ctv\">Adri\u00e1n Barb\u00f3n<\/span><\/span><\/a><\/span> <span class=\"html-span xdj266r x14z9mp xat24cr x1lziwak xexx8yu xyri2b x18d9i69 x1c1uobl x1hl2dhg x16tdsg8 x1vvkbs\"><a class=\"x1i10hfl xjbqb8w x1ejq31n x18oe1m7 x1sy0etr xstzfhl x972fbf x10w94by x1qhh985 x14e42zd x9f619 x1ypdohk xt0psk2 x3ct3a4 xdj266r x14z9mp xat24cr x1lziwak xexx8yu xyri2b x18d9i69 x1c1uobl x16tdsg8 x1hl2dhg xggy1nq x1a2a7pz xkrqix3 x1sur9pj x1fey0fg x1s688f\" role=\"link\" href=\"https:\/\/www.facebook.com\/educastur?__cft__[0]=AZUXwxi5Q0_FIVjwFycj838gRNhqysuy77re_vWQ4qCqK0VobURxxxfawQwf1GN5sH1PJXkZp-l5jy-e7Y9XMccuRfXXcwR7KwcWmwOzs8lP9qUWkHrCdoDRNB9HaYwnRX7WRXj5qJehfXOiO77S8g_pM6_3pZ9XX7qWJCKPvnnuvzRDMvUEsDxl-t8qmd6PF0FU6YmkFUBs4bn5SMBKhXeq&amp;__tn__=-]K-y-R\"><span class=\"xt0psk2\"><span class=\"xjp7ctv\">Consejer\u00eda de Educaci\u00f3n del Principado<\/span><\/span><\/a><\/span> y el <span class=\"html-span xdj266r x14z9mp xat24cr x1lziwak xexx8yu xyri2b x18d9i69 x1c1uobl x1hl2dhg x16tdsg8 x1vvkbs\"><a class=\"x1i10hfl xjbqb8w x1ejq31n x18oe1m7 x1sy0etr xstzfhl x972fbf x10w94by x1qhh985 x14e42zd x9f619 x1ypdohk xt0psk2 x3ct3a4 xdj266r x14z9mp xat24cr x1lziwak xexx8yu xyri2b x18d9i69 x1c1uobl x16tdsg8 x1hl2dhg xggy1nq x1a2a7pz xkrqix3 x1sur9pj x1fey0fg x1s688f\" role=\"link\" href=\"https:\/\/www.facebook.com\/gobiernodeasturias?__cft__[0]=AZUXwxi5Q0_FIVjwFycj838gRNhqysuy77re_vWQ4qCqK0VobURxxxfawQwf1GN5sH1PJXkZp-l5jy-e7Y9XMccuRfXXcwR7KwcWmwOzs8lP9qUWkHrCdoDRNB9HaYwnRX7WRXj5qJehfXOiO77S8g_pM6_3pZ9XX7qWJCKPvnnuvzRDMvUEsDxl-t8qmd6PF0FU6YmkFUBs4bn5SMBKhXeq&amp;__tn__=-]K-y-R\"><span class=\"xt0psk2\"><span class=\"xjp7ctv\">Principado de Asturias<\/span><\/span><\/a><\/span> se pongan firmes con <span class=\"html-span xdj266r x14z9mp xat24cr x1lziwak xexx8yu xyri2b x18d9i69 x1c1uobl x1hl2dhg x16tdsg8 x1vvkbs\"><a class=\"x1i10hfl xjbqb8w x1ejq31n x18oe1m7 x1sy0etr xstzfhl x972fbf x10w94by x1qhh985 x14e42zd x9f619 x1ypdohk xt0psk2 x3ct3a4 xdj266r x14z9mp xat24cr x1lziwak xexx8yu xyri2b x18d9i69 x1c1uobl x16tdsg8 x1hl2dhg xggy1nq x1a2a7pz xkrqix3 x1sur9pj x1fey0fg x1s688f\" role=\"link\" href=\"https:\/\/www.facebook.com\/PilarAlegriaMinistra?__cft__[0]=AZUXwxi5Q0_FIVjwFycj838gRNhqysuy77re_vWQ4qCqK0VobURxxxfawQwf1GN5sH1PJXkZp-l5jy-e7Y9XMccuRfXXcwR7KwcWmwOzs8lP9qUWkHrCdoDRNB9HaYwnRX7WRXj5qJehfXOiO77S8g_pM6_3pZ9XX7qWJCKPvnnuvzRDMvUEsDxl-t8qmd6PF0FU6YmkFUBs4bn5SMBKhXeq&amp;__tn__=-]K-y-R\"><span class=\"xt0psk2\"><span class=\"xjp7ctv\">Pilar Alegr\u00eda<\/span><\/span><\/a><\/span> y el Gobiernu d\u2019Espa\u00f1a pa que fine esta discriminaci\u00f3n llaboral que perxudica tanto a la llingua asturiana nel sistema educativu. De llogralo van apuntase un tantu hest\u00f3ricu.<\/p>\n<p style=\"text-align: center\">\n<!-- iframe plugin v.6.0 wordpress.org\/plugins\/iframe\/ -->\n<iframe loading=\"lazy\" src=\"https:\/\/www.facebook.com\/plugins\/video.php?height=314&#038;href=https%3A%2F%2Fwww.facebook.com%2Freel%2F1887281175204917%2F&#038;show_text=false&#038;width=560&#038;t=0\" width=\"560\" height=\"314\" style=\"border:none;overflow:hidden\" scrolling=\"no\" frameborder=\"0\" allowfullscreen=\"true\" allow=\"autoplay; clipboard-write; encrypted-media; picture-in-picture; web-share\" 0=\"\/iframe\" class=\"iframe-class\"><\/iframe>\n<\/p>\n","protected":false},"excerpt":{"rendered":"<p>La especialid\u00e1 docente d\u2019#asturianu ye una asignatura pendiente dende va 40 a\u00f1os. Ye\u2019l momentu de que\u2019l Adri\u00e1n Barb\u00f3n Consejer\u00eda de Educaci\u00f3n del Principado y el Principado de Asturias se pongan firmes con Pilar Alegr\u00eda y el Gobiernu d\u2019Espa\u00f1a pa que fine esta discriminaci\u00f3n llaboral que perxudica tanto a la llingua asturiana nel sistema educativu. De [&hellip;]<\/p>\n","protected":false},"author":117,"featured_media":0,"comment_status":"closed","ping_status":"closed","sticky":false,"template":"","format":"standard","meta":{"footnotes":""},"categories":[44,1],"tags":[],"class_list":["post-62405","post","type-post","status-publish","format-standard","hentry","category-asturianu","category-sin-categoria"],"_links":{"self":[{"href":"https:\/\/edublog.educastur.es\/ixuxu\/wp-json\/wp\/v2\/posts\/62405","targetHints":{"allow":["GET"]}}],"collection":[{"href":"https:\/\/edublog.educastur.es\/ixuxu\/wp-json\/wp\/v2\/posts"}],"about":[{"href":"https:\/\/edublog.educastur.es\/ixuxu\/wp-json\/wp\/v2\/types\/post"}],"author":[{"embeddable":true,"href":"https:\/\/edublog.educastur.es\/ixuxu\/wp-json\/wp\/v2\/users\/117"}],"replies":[{"embeddable":true,"href":"https:\/\/edublog.educastur.es\/ixuxu\/wp-json\/wp\/v2\/comments?post=62405"}],"version-history":[{"count":2,"href":"https:\/\/edublog.educastur.es\/ixuxu\/wp-json\/wp\/v2\/posts\/62405\/revisions"}],"predecessor-version":[{"id":62407,"href":"https:\/\/edublog.educastur.es\/ixuxu\/wp-json\/wp\/v2\/posts\/62405\/revisions\/62407"}],"wp:attachment":[{"href":"https:\/\/edublog.educastur.es\/ixuxu\/wp-json\/wp\/v2\/media?parent=62405"}],"wp:term":[{"taxonomy":"category","embeddable":true,"href":"https:\/\/edublog.educastur.es\/ixuxu\/wp-json\/wp\/v2\/categories?post=62405"},{"taxonomy":"post_tag","embeddable":true,"href":"https:\/\/edublog.educastur.es\/ixuxu\/wp-json\/wp\/v2\/tags?post=62405"}],"curies":[{"name":"wp","href":"https:\/\/api.w.org\/{rel}","templated":true}]}}