{"id":62412,"date":"2025-11-29T18:52:30","date_gmt":"2025-11-29T16:52:30","guid":{"rendered":"https:\/\/edublog.educastur.es\/ixuxu\/?p=62412"},"modified":"2025-11-29T18:53:19","modified_gmt":"2025-11-29T16:53:19","slug":"dia-de-compres-con-descuentos-nel-black-friday","status":"publish","type":"post","link":"https:\/\/edublog.educastur.es\/ixuxu\/2025\/11\/dia-de-compres-con-descuentos-nel-black-friday\/","title":{"rendered":"D\u00eda de compres con descuentos nel &#8216;Black Friday&#8217;"},"content":{"rendered":"<div class=\"padding-t-0 padding-b-20\">\n<div class=\"link-container\"><\/div>\n<\/div>\n<div id=\"multimedia\" class=\"capa_imagen_player img-det-not\">\n<div id=\"mediaplayer\">\n<div id=\"video-a-reproducir9956027516\" class=\"video-js vjs-default-skin vjs-16-9 vjs-big-play-centered vjs-paused vjs-fluid video-a-reproducir9956027516-dimensions vjs-controls-enabled vjs-workinghover vjs-v8 vjs-user-active vjs-layout-medium vjs-hls-quality-selector\" lang=\"es\" role=\"region\" aria-label=\"Reproductor de Video\">\n<div class=\"vjs-poster\"><img decoding=\"async\" class=\"aligncenter\" src=\"https:\/\/www.rtpa.es\/fotos\/\/25\/11\/20251128133722_RTPA7410139.webp\" alt=\"\" \/><\/div>\n<div class=\"vjs-text-track-display\" aria-live=\"off\"><\/div>\n<\/div>\n<\/div>\n<\/div>\n<div id=\"noticiacompleta\" class=\"parragraph-padding font-c-conent\">\n<p class=\"font-size-m padding-b-20 font-weight-b margin-t-16\">La Uni\u00f3n de Consumidores encamienta compres \u00absegures y conscientes\u00bb nel &#8216;Black Friday&#8217;. <a href=\"https:\/\/www.rtpa.es\/noticias-economia-ast\/2025-11-28\/Dia-de-compres-con-descuentos-nel-'Black-Friday'_111764329858.html\">TPA <\/a>G\u00fcei ye &#8216;Black Friday&#8217;, el d\u00eda de descuentos col que cada a\u00f1u entamen les compres navidiegues. El 25% de les ventes de comerciu electr\u00f3nicu de tol a\u00f1u rex\u00edstrense estos d\u00edes. El gastu mediu por persona supera los 230 euros, ye&#8217;l doble de lo que gastamos por casu l&#8217;a\u00f1u pas\u00e1u n&#8217;Asturies, en lloter\u00eda de Navid\u00e1.<\/p>\n<p><!--more--><\/p>\n<p>El 77% de los consumidores tien bien en cuenta esta selmana nel so calendariu y tres de cada cuatro persones merquen en grandes plataformes<\/p>\n<p>Estos d\u00edes multipliquen les compres online, y tami\u00e9n los paquetes que lleguen a los almacenes. Seg\u00fan la patronal de les Empreses de Lox\u00edstica y Tresporte, nesta campa\u00f1a van xestionar 125 millones d&#8217;unvios, un 8,7% m\u00e1s que l&#8217;a\u00f1u pas\u00e1u. Sicas\u00ed, el mayor volume de trabayu esp\u00e9rase nos pr\u00f3ximos d\u00edes.<\/p>\n<p>El mayor volume de trabayu obliga a reforzar plantiyes. Nel almac\u00e9n d\u2019Amazon incorpor\u00e1ronse 300 persones como refuerzu pal &#8216;Black Friday&#8217; y la campa\u00f1a de Navid\u00e1. Nos d\u00edes de mayor demanda d&#8217;esta campa\u00f1a, l&#8217;equipu lleg\u00f3 a procesar m\u00e1s de 500.000 productos.<\/p>\n<p>Los descuentos del &#8216;Black Friday&#8217; ent\u00e1 podr\u00e1n atopase en munchos negocios el fin de selmana.<\/p>\n<p><strong>La Uni\u00f3n de Consumidores encamienta compres \u00absegures y conscientes\u00bb nel &#8216;Black Friday&#8217;<\/strong><\/p>\n<p>La Uni\u00f3n de Consumidores d&#8217;Asturies (UCE) espubliz\u00f3 una gu\u00eda de conseyos pa que los veceros puean realizar compres \u201csegures, conscientes y responsables\u00bb nel &#8216;Black Friday&#8217; y el &#8216;Ciber Monday&#8217;.<\/p>\n<p>La entid\u00e1 encament\u00f3 qu&#8217;en compres online s\u2019empleguen contrase\u00f1es segures, nun se faigan tresferencies directes a desconoc\u00edos, compru\u00e9bese la direcci\u00f3n fiscal de la empresa y ev\u00edtese dir a ufiertes dende anuncios en redes sociales.<\/p>\n<p>La Uni\u00f3n de Consumidores d&#8217;Asturies tami\u00e9n aconsey\u00f3 que s&#8217;eviten les compres compulsives, verif\u00edquese que&#8217;l descuentu ye real y calt\u00e9ngase siempres la garant\u00eda de los dispositivos electr\u00f3nicos.<\/p>\n<\/div>\n<p>&nbsp;<\/p>\n","protected":false},"excerpt":{"rendered":"<p>La Uni\u00f3n de Consumidores encamienta compres \u00absegures y conscientes\u00bb nel &#8216;Black Friday&#8217;. TPA G\u00fcei ye &#8216;Black Friday&#8217;, el d\u00eda de descuentos col que cada a\u00f1u entamen les compres navidiegues. El 25% de les ventes de comerciu electr\u00f3nicu de tol a\u00f1u rex\u00edstrense estos d\u00edes. El gastu mediu por persona supera los 230 euros, ye&#8217;l doble de [&hellip;]<\/p>\n","protected":false},"author":117,"featured_media":0,"comment_status":"closed","ping_status":"closed","sticky":false,"template":"","format":"standard","meta":{"footnotes":""},"categories":[1],"tags":[],"class_list":["post-62412","post","type-post","status-publish","format-standard","hentry","category-sin-categoria"],"_links":{"self":[{"href":"https:\/\/edublog.educastur.es\/ixuxu\/wp-json\/wp\/v2\/posts\/62412","targetHints":{"allow":["GET"]}}],"collection":[{"href":"https:\/\/edublog.educastur.es\/ixuxu\/wp-json\/wp\/v2\/posts"}],"about":[{"href":"https:\/\/edublog.educastur.es\/ixuxu\/wp-json\/wp\/v2\/types\/post"}],"author":[{"embeddable":true,"href":"https:\/\/edublog.educastur.es\/ixuxu\/wp-json\/wp\/v2\/users\/117"}],"replies":[{"embeddable":true,"href":"https:\/\/edublog.educastur.es\/ixuxu\/wp-json\/wp\/v2\/comments?post=62412"}],"version-history":[{"count":1,"href":"https:\/\/edublog.educastur.es\/ixuxu\/wp-json\/wp\/v2\/posts\/62412\/revisions"}],"predecessor-version":[{"id":62413,"href":"https:\/\/edublog.educastur.es\/ixuxu\/wp-json\/wp\/v2\/posts\/62412\/revisions\/62413"}],"wp:attachment":[{"href":"https:\/\/edublog.educastur.es\/ixuxu\/wp-json\/wp\/v2\/media?parent=62412"}],"wp:term":[{"taxonomy":"category","embeddable":true,"href":"https:\/\/edublog.educastur.es\/ixuxu\/wp-json\/wp\/v2\/categories?post=62412"},{"taxonomy":"post_tag","embeddable":true,"href":"https:\/\/edublog.educastur.es\/ixuxu\/wp-json\/wp\/v2\/tags?post=62412"}],"curies":[{"name":"wp","href":"https:\/\/api.w.org\/{rel}","templated":true}]}}