{"id":62417,"date":"2025-11-29T11:55:37","date_gmt":"2025-11-29T09:55:37","guid":{"rendered":"https:\/\/edublog.educastur.es\/ixuxu\/?p=62417"},"modified":"2025-11-29T18:58:30","modified_gmt":"2025-11-29T16:58:30","slug":"selmana-del-datu-del-1-al-5-davientu","status":"publish","type":"post","link":"https:\/\/edublog.educastur.es\/ixuxu\/2025\/11\/selmana-del-datu-del-1-al-5-davientu\/","title":{"rendered":"Selmana del Datu, del 1 al 5 d&#8217;avientu"},"content":{"rendered":"<p style=\"text-align: center\"><a href=\"https:\/\/actualidad.asturias.es\/documents\/537115\/2952707\/datos+1.jpg\/d0f6cc3c-5486-a496-1583-f6fabff81709?t=1764405967476\"><img loading=\"lazy\" decoding=\"async\" class=\"aligncenter size-large\" src=\"https:\/\/actualidad.asturias.es\/documents\/537115\/2952707\/datos+1.jpg\/d0f6cc3c-5486-a496-1583-f6fabff81709?t=1764405967476\" width=\"1000\" height=\"658\" \/><\/a><\/p>\n<p>Asturies axunta a especialistes, alministraciones y empreses n&#8217;una cita que la consolida como referencia en gobernanza del datu. El programa, que se va desenvolver la pr\u00f3xima selmana,<strong> incl\u00fai talleres, conferencies y meses redondes para reforzar l&#8217;apueste por una Alministraci\u00f3n personalizada y con servicios p\u00fablicos m\u00e1s eficaces y eficientes.<\/strong> <a href=\"https:\/\/actualidad.asturias.es\/-\/el-principado-re%C3%BAne-a-administraciones-empresas-y-profesionales-en-un-evento-que-consolida-asturias-como-referencia-nacional-en-innovaci%C3%B3n-y-gobernanza-del-dato?redirect=%2Fnoticias\">Actualid\u00e1<\/a> \/<\/p>\n<p><!--more--><\/p>\n<p>&nbsp;<\/p>\n<p>El Gobiernu del Princip\u00e1u va celebrar del 1 al 5 d&#8217;avientu la <span style=\"color: #008080\"><strong>Selmana del Datu<\/strong><\/span>, un eventu que va axuntar a alministraciones, empreses tecnol\u00f3xiques y especialistes para analizar el papel tresformador de los datos y l&#8217;intelixencia artificial nel desenvolvimientu econ\u00f3mico y social. Esti programa va contribuyir a convertir Asturies n&#8217;una referencia nacional n&#8217;innovaci\u00f3n y gobernanza del datu.<\/p>\n<p>A lo llargo de cinco xornaes, van celebrase talleres, conferencies y meses redondes sobro cuestiones clave como la gobernanza del datu, la intelixencia artificial aplicada a les alministraciones, la cibersegurid\u00e1, la interoperabilid\u00e1 y les oportunidaes que xenera la econom\u00eda del datu.<\/p>\n<p>Tres la puesta en marcha de la Llei Simplifica y del portal MiPrincipado, con esti eventu avanzase escontra l&#8217;oxetivu de llograr una Alministraci\u00f3n m\u00e1s axilosa, proactiva y personalizada, capaz d&#8217;ufiertar servicios m\u00e1s eficaces y eficientes gracies al usu intensivu de datos.<\/p>\n<p>Asturies asiti\u00f3se nos \u00faltimos a\u00f1os como un referente nacional nesti \u00e1mbitu col desenvolvimientu de proyectos piqueros y cola so participaci\u00f3n n&#8217;iniciatives europees venceyaes a los espacios de datos. Estes actuaciones dexaron atraer financiamientu y promover el desenvolvimientu de nueves aplicaciones basaes na intelixencia artificial. Esti lideralgu contrib\u00fai a ameyorar la competitivid\u00e1 del tex\u00edu empresarial y a fomentar la creaci\u00f3n d&#8217;empl\u00e9u cualific\u00e1u.<\/p>\n<p>La organizaci\u00f3n de la Selmana del Datu cuerre al cargu de la Conseyer\u00eda de Presidencia, Retu Demogr\u00e1ficu, Iguald\u00e1 y Turismu, al travi\u00e9s de la<strong> Direcci\u00f3n Xeneral d&#8217;Estratexa Dixital ya Intelixencia Artificial.<\/strong> Am\u00e1s, cuenta cola collaboraci\u00f3n del Ministeriu pal Tresformamientu Dixital y de la Funci\u00f3n P\u00fablica, al travi\u00e9s de la Direcci\u00f3n Xeneral del Datu de la Secretar\u00eda d&#8217;Est\u00e1u de Dixitalizaci\u00f3n ya Intelixencia Artificial, lo mesmo que de m\u00faltiples entidaes y empreses arreyaes na innovaci\u00f3n dixital. La so implicaci\u00f3n refuerza la construcci\u00f3n d&#8217;un ecosistema dixital s\u00f3lidu, bas\u00e1u na cooperaci\u00f3n y la tresferencia de conocencia.<\/p>\n<p>L&#8217;Executivu auton\u00f3micu reafita con esta iniciativa la so visi\u00f3n estrat\u00e9xica: convertir la informaci\u00f3n en valor, la tecnolox\u00eda n&#8217;oportunid\u00e1 y l&#8217;intelixencia artificial en ferramienta pal bienestar social y el desenvolvimientu econ\u00f3micu d&#8217;Asturies.<\/p>\n","protected":false},"excerpt":{"rendered":"<p>Asturies axunta a especialistes, alministraciones y empreses n&#8217;una cita que la consolida como referencia en gobernanza del datu. El programa, que se va desenvolver la pr\u00f3xima selmana, incl\u00fai talleres, conferencies y meses redondes para reforzar l&#8217;apueste por una Alministraci\u00f3n personalizada y con servicios p\u00fablicos m\u00e1s eficaces y eficientes. Actualid\u00e1 \/<\/p>\n","protected":false},"author":117,"featured_media":0,"comment_status":"closed","ping_status":"closed","sticky":false,"template":"","format":"standard","meta":{"footnotes":""},"categories":[352,144],"tags":[],"class_list":["post-62417","post","type-post","status-publish","format-standard","hentry","category-informatica","category-semana-de"],"_links":{"self":[{"href":"https:\/\/edublog.educastur.es\/ixuxu\/wp-json\/wp\/v2\/posts\/62417","targetHints":{"allow":["GET"]}}],"collection":[{"href":"https:\/\/edublog.educastur.es\/ixuxu\/wp-json\/wp\/v2\/posts"}],"about":[{"href":"https:\/\/edublog.educastur.es\/ixuxu\/wp-json\/wp\/v2\/types\/post"}],"author":[{"embeddable":true,"href":"https:\/\/edublog.educastur.es\/ixuxu\/wp-json\/wp\/v2\/users\/117"}],"replies":[{"embeddable":true,"href":"https:\/\/edublog.educastur.es\/ixuxu\/wp-json\/wp\/v2\/comments?post=62417"}],"version-history":[{"count":1,"href":"https:\/\/edublog.educastur.es\/ixuxu\/wp-json\/wp\/v2\/posts\/62417\/revisions"}],"predecessor-version":[{"id":62418,"href":"https:\/\/edublog.educastur.es\/ixuxu\/wp-json\/wp\/v2\/posts\/62417\/revisions\/62418"}],"wp:attachment":[{"href":"https:\/\/edublog.educastur.es\/ixuxu\/wp-json\/wp\/v2\/media?parent=62417"}],"wp:term":[{"taxonomy":"category","embeddable":true,"href":"https:\/\/edublog.educastur.es\/ixuxu\/wp-json\/wp\/v2\/categories?post=62417"},{"taxonomy":"post_tag","embeddable":true,"href":"https:\/\/edublog.educastur.es\/ixuxu\/wp-json\/wp\/v2\/tags?post=62417"}],"curies":[{"name":"wp","href":"https:\/\/api.w.org\/{rel}","templated":true}]}}