{"id":62440,"date":"2025-11-28T19:59:08","date_gmt":"2025-11-28T17:59:08","guid":{"rendered":"https:\/\/edublog.educastur.es\/ixuxu\/?p=62440"},"modified":"2025-11-29T20:09:35","modified_gmt":"2025-11-29T18:09:35","slug":"62440","status":"publish","type":"post","link":"https:\/\/edublog.educastur.es\/ixuxu\/2025\/11\/62440\/","title":{"rendered":"Inauguraos los mercaos de Navid\u00e1 d&#8217;Uvi\u00e9u"},"content":{"rendered":"<div class=\"html-div xdj266r xat24cr x1lziwak xexx8yu xyri2b x18d9i69 x1c1uobl x78zum5 x2lah0s xqtp20y x1xegmmw\">\n<div class=\"xc9qbxq x14qfxbe x6s0dn4 x78zum5 xl56j7k\">\n<div class=\"\" style=\"text-align: center\"><span class=\"x193iq5w xeuugli x13faqbe x1vvkbs xt0psk2 x1i0vuye xvs91rp xo1l8bm x5n08af x10wh9bi xpm28yp x8viiok x1o7cslx x126k92a\"><span class=\"html-span xexx8yu x4uap5 x18d9i69 xkhd6sd x1hl2dhg x16tdsg8 x1vvkbs x3nfvp2 x1j61x8r x1fcty0u xdj266r xat24cr xgzva0m xhhsvwb xxymvpz xlup9mm x1kky2od\">\n<!-- iframe plugin v.6.0 wordpress.org\/plugins\/iframe\/ -->\n<iframe loading=\"lazy\" src=\"https:\/\/www.instagram.com\/reel\/DRm0AowlwcJ\/embed\" width=\"500\" height=\"545\" 0=\"\/iframe\" scrolling=\"yes\" class=\"iframe-class\" frameborder=\"0\"><\/iframe>\n<\/span><\/span><\/div>\n<\/div>\n<\/div>\n<div class=\"html-div xdj266r x14z9mp xat24cr x1lziwak xexx8yu xyri2b x18d9i69 x1c1uobl\" dir=\"auto\">\n<div class=\"html-div xdj266r x14z9mp xat24cr x1lziwak xexx8yu xyri2b x18d9i69 x1c1uobl\" data-ad-rendering-role=\"story_message\">\n<div class=\"x1l90r2v x1iorvi4 x1g0dm76 xpdmqnj\" data-ad-comet-preview=\"message\" data-ad-preview=\"message\">\n<div class=\"x78zum5 xdt5ytf xz62fqu x16ldp7u\">\n<div class=\"xu06os2 x1ok221b\">\n<div class=\"html-div xdj266r x14z9mp xat24cr x1lziwak xexx8yu xyri2b x18d9i69 x1c1uobl\">\n<div class=\"xdj266r x14z9mp xat24cr x1lziwak x1vvkbs x126k92a\">\n<div dir=\"auto\"><\/div>\n<div dir=\"auto\"><span class=\"html-span xexx8yu xyri2b x18d9i69 x1c1uobl x1hl2dhg x16tdsg8 x1vvkbs x3nfvp2 x1j61x8r x1fcty0u xdj266r xat24cr xm2jcoa x1mpyi22 xxymvpz xlup9mm x1kky2od\"><img loading=\"lazy\" decoding=\"async\" class=\"xz74otr x15mokao x1ga7v0g x16uus16 xbiv7yw\" src=\"https:\/\/static.xx.fbcdn.net\/images\/emoji.php\/v9\/t7\/1\/16\/1f384.png\" alt=\"\ud83c\udf84\" width=\"16\" height=\"16\" \/><\/span>\u00a1Y\u00e1 puedes visitar los mercaos de Navid\u00e1 d&#8217;Uvi\u00e9u! Vas poder esfrutar de los productos t\u00edpicos navidiegos hasta&#8217;l 6 de xineru. De casadielles a mazapanes, turrones, miel, ar\u00e1ndanos, bombones\u2026 Nel carrusel tienes los establecimientos de los mercaos navidiegos.<br \/>\n\u00bfVienes? <span class=\"html-span xdj266r x14z9mp xat24cr x1lziwak xexx8yu xyri2b x18d9i69 x1c1uobl x1hl2dhg x16tdsg8 x1vvkbs\"><a class=\"x1i10hfl xjbqb8w x1ejq31n x18oe1m7 x1sy0etr xstzfhl x972fbf x10w94by x1qhh985 x14e42zd x9f619 x1ypdohk xt0psk2 x3ct3a4 xdj266r x14z9mp xat24cr x1lziwak xexx8yu xyri2b x18d9i69 x1c1uobl x16tdsg8 x1hl2dhg xggy1nq x1a2a7pz xkrqix3 x1sur9pj x1fey0fg x1s688f\" role=\"link\" href=\"https:\/\/www.facebook.com\/hashtag\/oviedogastro?__eep__=6&amp;__cft__[0]=AZXtwYDyPYUMTpYlInidumKLUdrOaBJbdgCtwrK2c6VerQplyFiij6Jc1-ukyKfJ2DfBokMq-gFruFMnVLXD-ODhlrU8ZvcXGWnN_GAOMyUHExIJuHb9RJRSmk1uY_CBMtRchVvbinx9LNBDbbwyGxUnmyDXMhVoVohubcrXf6MXAgnRIYm68mHhWGdPcJHwzCvJ5KlSYoi_JHw-HzRQh939&amp;__tn__=*NK-y-R\">#OviedoGastro<\/a><\/span>\/ <span class=\"html-span xdj266r x14z9mp xat24cr x1lziwak xexx8yu xyri2b x18d9i69 x1c1uobl x1hl2dhg x16tdsg8 x1vvkbs\"><a class=\"x1i10hfl xjbqb8w x1ejq31n x18oe1m7 x1sy0etr xstzfhl x972fbf x10w94by x1qhh985 x14e42zd x9f619 x1ypdohk xt0psk2 x3ct3a4 xdj266r x14z9mp xat24cr x1lziwak xexx8yu xyri2b x18d9i69 x1c1uobl x16tdsg8 x1hl2dhg xggy1nq x1a2a7pz xkrqix3 x1sur9pj x1fey0fg x1s688f\" role=\"link\" href=\"https:\/\/www.facebook.com\/hashtag\/oviedoennavidad?__eep__=6&amp;__cft__[0]=AZXtwYDyPYUMTpYlInidumKLUdrOaBJbdgCtwrK2c6VerQplyFiij6Jc1-ukyKfJ2DfBokMq-gFruFMnVLXD-ODhlrU8ZvcXGWnN_GAOMyUHExIJuHb9RJRSmk1uY_CBMtRchVvbinx9LNBDbbwyGxUnmyDXMhVoVohubcrXf6MXAgnRIYm68mHhWGdPcJHwzCvJ5KlSYoi_JHw-HzRQh939&amp;__tn__=*NK-y-R\">#OviedoEnNavidad<\/a><\/span>\/ <span class=\"x1lliihq x6ikm8r x10wlt62 x1n2onr6\"><span class=\"xt0psk2\"><span class=\"xjp7ctv\"><a class=\"x1i10hfl xjbqb8w x1ejq31n x18oe1m7 x1sy0etr xstzfhl x972fbf x10w94by x1qhh985 x14e42zd x9f619 x1ypdohk xt0psk2 x3ct3a4 xdj266r x14z9mp xat24cr x1lziwak xexx8yu xyri2b x18d9i69 x1c1uobl x16tdsg8 x1hl2dhg xggy1nq x1a2a7pz xkrqix3 x1sur9pj xzsf02u x1s688f\" role=\"link\" href=\"https:\/\/www.facebook.com\/oviedogastro?__cft__[0]=AZXtwYDyPYUMTpYlInidumKLUdrOaBJbdgCtwrK2c6VerQplyFiij6Jc1-ukyKfJ2DfBokMq-gFruFMnVLXD-ODhlrU8ZvcXGWnN_GAOMyUHExIJuHb9RJRSmk1uY_CBMtRchVvbinx9LNBDbbwyGxUnmyDXMhVoVohubcrXf6MXAgnRIYm68mHhWGdPcJHwzCvJ5KlSYoi_JHw-HzRQh939&amp;__tn__=-UC%2CP-y-R\"><b class=\"html-b xdj266r x14z9mp xat24cr x1lziwak xexx8yu xyri2b x18d9i69 x1c1uobl x1hl2dhg x16tdsg8 x1vvkbs x1s688f\"><span class=\"html-span xdj266r x14z9mp xat24cr x1lziwak xexx8yu xyri2b x18d9i69 x1c1uobl x1hl2dhg x16tdsg8 x1vvkbs\">Oviedo Gastro<\/span><\/b><\/a><\/span><\/span><\/span><\/div>\n<\/div>\n<div dir=\"auto\"><!--more--><\/div>\n<div dir=\"auto\" style=\"text-align: center\"><span class=\"x193iq5w xeuugli x13faqbe x1vvkbs xt0psk2 x1i0vuye xvs91rp xo1l8bm x5n08af x10wh9bi xpm28yp x8viiok x1o7cslx x126k92a\"><span class=\"html-span xexx8yu x4uap5 x18d9i69 xkhd6sd x1hl2dhg x16tdsg8 x1vvkbs x3nfvp2 x1j61x8r x1fcty0u xdj266r xat24cr xgzva0m xhhsvwb xxymvpz xlup9mm x1kky2od\">\n<!-- iframe plugin v.6.0 wordpress.org\/plugins\/iframe\/ -->\n<iframe loading=\"lazy\" src=\"https:\/\/www.instagram.com\/reel\/DRm9qISjPVk\/embed\" width=\"500\" height=\"545\" 0=\"\/iframe\" scrolling=\"yes\" class=\"iframe-class\" frameborder=\"0\"><\/iframe>\n<\/span><\/span><\/div>\n<\/div>\n<\/div>\n<div dir=\"auto\" style=\"text-align: center\"><a href=\"https:\/\/s1.ppllstatics.com\/elcomercio\/www\/multimedia\/2025\/11\/28\/navidad-oviedo%20(3).jpg\"><img loading=\"lazy\" decoding=\"async\" class=\"aligncenter size-large\" src=\"https:\/\/s1.ppllstatics.com\/elcomercio\/www\/multimedia\/2025\/11\/28\/navidad-oviedo%20(3).jpg\" width=\"1920\" height=\"1280\" \/><\/a><\/div>\n<div class=\"xu06os2 x1ok221b\">\n<div class=\"html-div xdj266r x14z9mp xat24cr x1lziwak xexx8yu xyri2b x18d9i69 x1c1uobl\">\n<div dir=\"auto\" style=\"text-align: center\"><a href=\"https:\/\/s2.ppllstatics.com\/elcomercio\/www\/multimedia\/2025\/11\/28\/navidad-oviedo%20(8)-k09D-U240391479973HvB-1200x840@El%20Comercio.jpg\"><img loading=\"lazy\" decoding=\"async\" class=\"aligncenter size-large\" src=\"https:\/\/s2.ppllstatics.com\/elcomercio\/www\/multimedia\/2025\/11\/28\/navidad-oviedo%20(8)-k09D-U240391479973HvB-1200x840@El%20Comercio.jpg\" width=\"1200\" height=\"840\" \/><\/a><a href=\"https:\/\/www.elcomercio.es\/oviedo\/oviedo-lanza-calle-encender-navidad-20251128221952-ga.html#firstImage\">Semeyes El Comercio<\/a><\/div>\n<div dir=\"auto\"><\/div>\n<div dir=\"auto\" style=\"text-align: center\"><span class=\"x193iq5w xeuugli x13faqbe x1vvkbs xt0psk2 x1i0vuye xvs91rp xo1l8bm x5n08af x10wh9bi xpm28yp x8viiok x1o7cslx x126k92a\"><span class=\"html-span xexx8yu x4uap5 x18d9i69 xkhd6sd x1hl2dhg x16tdsg8 x1vvkbs x3nfvp2 x1j61x8r x1fcty0u xdj266r xat24cr xgzva0m xhhsvwb xxymvpz xlup9mm x1kky2od\">\n<!-- iframe plugin v.6.0 wordpress.org\/plugins\/iframe\/ -->\n<iframe loading=\"lazy\" src=\"https:\/\/www.instagram.com\/reel\/DRnYvB-F6Hi\/embed\" width=\"640\" height=\"525\" 0=\"\/iframe\" scrolling=\"yes\" class=\"iframe-class\" frameborder=\"0\"><\/iframe>\n<\/span><\/span><\/div>\n<div dir=\"auto\" style=\"text-align: center\"><a href=\"https:\/\/s1.ppllstatics.com\/elcomercio\/www\/multimedia\/2025\/11\/28\/navidad-oviedo%20(14).jpg\"><img loading=\"lazy\" decoding=\"async\" class=\"aligncenter size-large\" src=\"https:\/\/s1.ppllstatics.com\/elcomercio\/www\/multimedia\/2025\/11\/28\/navidad-oviedo%20(14).jpg\" width=\"1920\" height=\"1287\" \/><\/a><\/div>\n<\/div>\n<\/div>\n<\/div>\n<\/div>\n<\/div>\n<\/div>\n<p style=\"text-align: center\"><a href=\"https:\/\/s2.ppllstatics.com\/elcomercio\/www\/multimedia\/2025\/11\/28\/navidad-oviedo%20(21).jpg\"><img loading=\"lazy\" decoding=\"async\" class=\"aligncenter size-large\" src=\"https:\/\/s2.ppllstatics.com\/elcomercio\/www\/multimedia\/2025\/11\/28\/navidad-oviedo%20(21).jpg\" width=\"1263\" height=\"1920\" \/><\/a><\/p>\n<p style=\"text-align: center\"><a href=\"https:\/\/s2.ppllstatics.com\/elcomercio\/www\/multimedia\/2025\/11\/28\/navidad-oviedo%20(23).jpg\"><img loading=\"lazy\" decoding=\"async\" class=\"aligncenter size-large\" src=\"https:\/\/s2.ppllstatics.com\/elcomercio\/www\/multimedia\/2025\/11\/28\/navidad-oviedo%20(23).jpg\" width=\"1920\" height=\"1313\" \/><\/a><\/p>\n","protected":false},"excerpt":{"rendered":"<p>\u00a1Y\u00e1 puedes visitar los mercaos de Navid\u00e1 d&#8217;Uvi\u00e9u! Vas poder esfrutar de los productos t\u00edpicos navidiegos hasta&#8217;l 6 de xineru. De casadielles a mazapanes, turrones, miel, ar\u00e1ndanos, bombones\u2026 Nel carrusel tienes los establecimientos de los mercaos navidiegos. \u00bfVienes? #OviedoGastro\/ #OviedoEnNavidad\/ Oviedo Gastro<\/p>\n","protected":false},"author":117,"featured_media":0,"comment_status":"closed","ping_status":"closed","sticky":false,"template":"","format":"standard","meta":{"footnotes":""},"categories":[81,33],"tags":[],"class_list":["post-62440","post","type-post","status-publish","format-standard","hentry","category-nadal","category-uvieu"],"_links":{"self":[{"href":"https:\/\/edublog.educastur.es\/ixuxu\/wp-json\/wp\/v2\/posts\/62440","targetHints":{"allow":["GET"]}}],"collection":[{"href":"https:\/\/edublog.educastur.es\/ixuxu\/wp-json\/wp\/v2\/posts"}],"about":[{"href":"https:\/\/edublog.educastur.es\/ixuxu\/wp-json\/wp\/v2\/types\/post"}],"author":[{"embeddable":true,"href":"https:\/\/edublog.educastur.es\/ixuxu\/wp-json\/wp\/v2\/users\/117"}],"replies":[{"embeddable":true,"href":"https:\/\/edublog.educastur.es\/ixuxu\/wp-json\/wp\/v2\/comments?post=62440"}],"version-history":[{"count":8,"href":"https:\/\/edublog.educastur.es\/ixuxu\/wp-json\/wp\/v2\/posts\/62440\/revisions"}],"predecessor-version":[{"id":62448,"href":"https:\/\/edublog.educastur.es\/ixuxu\/wp-json\/wp\/v2\/posts\/62440\/revisions\/62448"}],"wp:attachment":[{"href":"https:\/\/edublog.educastur.es\/ixuxu\/wp-json\/wp\/v2\/media?parent=62440"}],"wp:term":[{"taxonomy":"category","embeddable":true,"href":"https:\/\/edublog.educastur.es\/ixuxu\/wp-json\/wp\/v2\/categories?post=62440"},{"taxonomy":"post_tag","embeddable":true,"href":"https:\/\/edublog.educastur.es\/ixuxu\/wp-json\/wp\/v2\/tags?post=62440"}],"curies":[{"name":"wp","href":"https:\/\/api.w.org\/{rel}","templated":true}]}}