{"id":62449,"date":"2025-11-30T08:30:38","date_gmt":"2025-11-30T06:30:38","guid":{"rendered":"https:\/\/edublog.educastur.es\/ixuxu\/?p=62449"},"modified":"2025-11-29T20:18:31","modified_gmt":"2025-11-29T18:18:31","slug":"el-tiempu-el-comercio-197","status":"publish","type":"post","link":"https:\/\/edublog.educastur.es\/ixuxu\/2025\/11\/el-tiempu-el-comercio-197\/","title":{"rendered":"El tiempu (El Comercio)"},"content":{"rendered":"<p style=\"text-align: center\"><a href=\"https:\/\/s1.ppllstatics.com\/elcomercio\/www\/multimedia\/2025\/11\/29\/prevision-tiempo-asturias-k0WC-U2302588077118HVD-1200x870@El%20Comercio.jpg\"><img loading=\"lazy\" decoding=\"async\" class=\"aligncenter size-large\" src=\"https:\/\/s1.ppllstatics.com\/elcomercio\/www\/multimedia\/2025\/11\/29\/prevision-tiempo-asturias-k0WC-U2302588077118HVD-1200x870@El%20Comercio.jpg\" width=\"1200\" height=\"870\" \/><\/a><\/p>\n<p>Esperamos una ma\u00f1ana con bastios que podr\u00eden afectar a cualquier puntu de la rex\u00f3n. La cota de nieve va rondar los 1000 metros <strong>a primeres hores de la ma\u00f1ana<\/strong>, con encl\u00edn a xubir hasta los 1200 metros progresivamente. De cara a la tarde, anque nun se refuga que pueda escapase ent\u00e1 dalg\u00fan bastiu, la inestabilid\u00e1 va dir a menos hasta acabar unviando por completu.<strong> Mientres el tramu final del d\u00eda<\/strong> abrir\u00e1n grandes claros pudiendo quedar los cielos poco nublos. <strong>Los vientos<\/strong> van soplar de componente norte moderaes pela ma\u00f1ana, van acabar siendo fluexos y variables col intre de la tarde, y finalmente van poder soplar de sur al concluyir el d\u00eda. <strong>Les temperatures m\u00e1ximes<\/strong> van baxar en tola Comunid\u00e1 Aut\u00f3noma. Esti descensu va ser m\u00e1s significativu nel cordal y nel oriente (hasta 4 o 5 \u00baC menos que&#8217;l s\u00e1badu). Nel casu de <strong>les m\u00ednimes<\/strong>, el descensu va ser m\u00e1s notable pudiendo baxar hasta 6 \u00baC nel interior especialmente.<\/p>\n<p><!--more--><\/p>\n<p>El llunes vamos empecipiar el mes d&#8217;avientu con tiempu estable. A lo sumo prevense intervalos de nubes altes que van dexar los cielos atapec\u00edos. Los vientos van soplar de suroeste moderaos nel occidente y m\u00e1s fluexos nel restu. Les temperatures, gracies a estos vientos, van xubir de forma xeneralizada.<\/p>\n","protected":false},"excerpt":{"rendered":"<p>Esperamos una ma\u00f1ana con bastios que podr\u00eden afectar a cualquier puntu de la rex\u00f3n. La cota de nieve va rondar los 1000 metros a primeres hores de la ma\u00f1ana, con encl\u00edn a xubir hasta los 1200 metros progresivamente. De cara a la tarde, anque nun se refuga que pueda escapase ent\u00e1 dalg\u00fan bastiu, la inestabilid\u00e1 [&hellip;]<\/p>\n","protected":false},"author":117,"featured_media":0,"comment_status":"closed","ping_status":"closed","sticky":false,"template":"","format":"standard","meta":{"footnotes":""},"categories":[5],"tags":[],"class_list":["post-62449","post","type-post","status-publish","format-standard","hentry","category-tiempu"],"_links":{"self":[{"href":"https:\/\/edublog.educastur.es\/ixuxu\/wp-json\/wp\/v2\/posts\/62449","targetHints":{"allow":["GET"]}}],"collection":[{"href":"https:\/\/edublog.educastur.es\/ixuxu\/wp-json\/wp\/v2\/posts"}],"about":[{"href":"https:\/\/edublog.educastur.es\/ixuxu\/wp-json\/wp\/v2\/types\/post"}],"author":[{"embeddable":true,"href":"https:\/\/edublog.educastur.es\/ixuxu\/wp-json\/wp\/v2\/users\/117"}],"replies":[{"embeddable":true,"href":"https:\/\/edublog.educastur.es\/ixuxu\/wp-json\/wp\/v2\/comments?post=62449"}],"version-history":[{"count":1,"href":"https:\/\/edublog.educastur.es\/ixuxu\/wp-json\/wp\/v2\/posts\/62449\/revisions"}],"predecessor-version":[{"id":62450,"href":"https:\/\/edublog.educastur.es\/ixuxu\/wp-json\/wp\/v2\/posts\/62449\/revisions\/62450"}],"wp:attachment":[{"href":"https:\/\/edublog.educastur.es\/ixuxu\/wp-json\/wp\/v2\/media?parent=62449"}],"wp:term":[{"taxonomy":"category","embeddable":true,"href":"https:\/\/edublog.educastur.es\/ixuxu\/wp-json\/wp\/v2\/categories?post=62449"},{"taxonomy":"post_tag","embeddable":true,"href":"https:\/\/edublog.educastur.es\/ixuxu\/wp-json\/wp\/v2\/tags?post=62449"}],"curies":[{"name":"wp","href":"https:\/\/api.w.org\/{rel}","templated":true}]}}