{"id":62455,"date":"2025-11-29T08:21:20","date_gmt":"2025-11-29T06:21:20","guid":{"rendered":"https:\/\/edublog.educastur.es\/ixuxu\/?p=62455"},"modified":"2025-11-29T20:26:34","modified_gmt":"2025-11-29T18:26:34","slug":"62455","status":"publish","type":"post","link":"https:\/\/edublog.educastur.es\/ixuxu\/2025\/11\/62455\/","title":{"rendered":"Ponte d&#8217;avientu con nieve"},"content":{"rendered":"<p style=\"text-align: center\">\n<!-- iframe plugin v.6.0 wordpress.org\/plugins\/iframe\/ -->\n<iframe loading=\"lazy\" src=\"https:\/\/www.facebook.com\/plugins\/video.php?height=476&#038;href=https%3A%2F%2Fwww.facebook.com%2Freel%2F3054397191435232%2F&#038;show_text=false&#038;width=267&#038;t=0\" width=\"267\" height=\"476\" style=\"border:none;overflow:hidden\" scrolling=\"no\" frameborder=\"0\" allowfullscreen=\"true\" allow=\"autoplay; clipboard-write; encrypted-media; picture-in-picture; web-share\" 0=\"\/iframe\" class=\"iframe-class\"><\/iframe>\n<\/p>\n<div class=\"x78zum5 xdt5ytf xz62fqu x16ldp7u\">\n<div class=\"xu06os2 x1ok221b\">\n<div class=\"html-div xdj266r x14z9mp xat24cr x1lziwak xexx8yu xyri2b x18d9i69 x1c1uobl\" data-ad-rendering-role=\"profile_name\">\n<p><span class=\"x1lliihq x6ikm8r x10wlt62 x1n2onr6\"><span class=\"xt0psk2\"><span class=\"xjp7ctv\"><a class=\"x1i10hfl xjbqb8w x1ejq31n x18oe1m7 x1sy0etr xstzfhl x972fbf x10w94by x1qhh985 x14e42zd x9f619 x1ypdohk xt0psk2 x3ct3a4 xdj266r x14z9mp xat24cr x1lziwak xexx8yu xyri2b x18d9i69 x1c1uobl x16tdsg8 x1hl2dhg xggy1nq x1a2a7pz xkrqix3 x1sur9pj xzsf02u x1s688f\" role=\"link\" href=\"https:\/\/www.facebook.com\/meteoredofficial?__cft__[0]=AZV2Ty-r9d1OjYrqBS6bL6lhhoSSl2OqwDqk5J0qs3OYE52Vs_WXy0poj28BqZz2O8ns7nZFb0tZlrYlIZVImTK4HmQsgDDz3Bn_FQ9kr-6gEtEOdppSvJ7TzKixyvblg3mWoOQihrycrOQYoxN_Kw2M8uagvg1QHpkNwEXMntLHeI5n67VRV7PeKE80_p9oNFmCGj4WQdnqXLAmbYUgGJNi&amp;__tn__=-UC%2CP-y-R\"><b class=\"html-b xdj266r x14z9mp xat24cr x1lziwak xexx8yu xyri2b x18d9i69 x1c1uobl x1hl2dhg x16tdsg8 x1vvkbs x1s688f\"><span class=\"html-span xdj266r x14z9mp xat24cr x1lziwak xexx8yu xyri2b x18d9i69 x1c1uobl x1hl2dhg x16tdsg8 x1vvkbs\">Meteored<\/span><\/b><\/a><\/span><\/span><\/span><span class=\"html-span xexx8yu xyri2b x18d9i69 x1c1uobl x1hl2dhg x16tdsg8 x1vvkbs x3nfvp2 x1j61x8r x1fcty0u xdj266r xat24cr xm2jcoa x1mpyi22 xxymvpz xlup9mm x1kky2od\"><img loading=\"lazy\" decoding=\"async\" class=\"xz74otr x15mokao x1ga7v0g x16uus16 xbiv7yw\" src=\"https:\/\/static.xx.fbcdn.net\/images\/emoji.php\/v9\/t7e\/1\/16\/1f4c5.png\" alt=\"\ud83d\udcc5\" width=\"16\" height=\"16\" \/><\/span><span class=\"html-span xexx8yu xyri2b x18d9i69 x1c1uobl x1hl2dhg x16tdsg8 x1vvkbs x3nfvp2 x1j61x8r x1fcty0u xdj266r xat24cr xm2jcoa x1mpyi22 xxymvpz xlup9mm x1kky2od\"><img loading=\"lazy\" decoding=\"async\" class=\"xz74otr x15mokao x1ga7v0g x16uus16 xbiv7yw\" src=\"https:\/\/static.xx.fbcdn.net\/images\/emoji.php\/v9\/t2e\/1\/16\/2744.png\" alt=\"\u2744\ufe0f\" width=\"16\" height=\"16\" \/><\/span> <strong>Ponte d&#8217;avientu con nieve:<\/strong> Espa\u00f1a podr\u00eda ser unu de los pa\u00edses d&#8217;Europa con m\u00e1s nieve acumulao.<\/p>\n<p><!--more--><\/p>\n<ul>\n<li><span class=\"html-span xexx8yu xyri2b x18d9i69 x1c1uobl x1hl2dhg x16tdsg8 x1vvkbs x3nfvp2 x1j61x8r x1fcty0u xdj266r xat24cr xm2jcoa x1mpyi22 xxymvpz xlup9mm x1kky2od\"><img loading=\"lazy\" decoding=\"async\" class=\"xz74otr x15mokao x1ga7v0g x16uus16 xbiv7yw\" src=\"https:\/\/static.xx.fbcdn.net\/images\/emoji.php\/v9\/t4f\/1\/16\/1f447.png\" alt=\"\ud83d\udc47\" width=\"16\" height=\"16\" \/><\/span><span class=\"html-span xexx8yu xyri2b x18d9i69 x1c1uobl x1hl2dhg x16tdsg8 x1vvkbs x3nfvp2 x1j61x8r x1fcty0u xdj266r xat24cr xm2jcoa x1mpyi22 xxymvpz xlup9mm x1kky2od\"><img loading=\"lazy\" decoding=\"async\" class=\"xz74otr x15mokao x1ga7v0g x16uus16 xbiv7yw\" src=\"https:\/\/static.xx.fbcdn.net\/images\/emoji.php\/v9\/t4f\/1\/16\/1f447.png\" alt=\"\ud83d\udc47\" width=\"16\" height=\"16\" \/><\/span><span class=\"html-span xdj266r x14z9mp xat24cr x1lziwak xexx8yu xyri2b x18d9i69 x1c1uobl x1hl2dhg x16tdsg8 x1vvkbs\"><a class=\"x1i10hfl xjbqb8w x1ejq31n x18oe1m7 x1sy0etr xstzfhl x972fbf x10w94by x1qhh985 x14e42zd x9f619 x1ypdohk xt0psk2 x3ct3a4 xdj266r x14z9mp xat24cr x1lziwak xexx8yu xyri2b x18d9i69 x1c1uobl x16tdsg8 x1hl2dhg xggy1nq x1a2a7pz xkrqix3 x1sur9pj x1fey0fg x1s688f\" role=\"link\" href=\"https:\/\/www.tiempo.com\/noticias\/prediccion\/puente-de-diciembre-con-nieve-espana-podria-ser-uno-de-los-paises-de-europa-con-mas-nieve-acumulada.html?fbclid=IwZXh0bgNhZW0CMTAAYnJpZBEwUENid29LaGJySmZ6Uk5JVHNydGMGYXBwX2lkEDIyMjAzOTE3ODgyMDA4OTIAAR7ObYbwOY1XbDJpPWSkrhmWOm4B33oJrsyZliaGutIZhdpMXJuT8kE004CO2Q_aem_5f25OGVJW1VtNZ2zzYS-wg\" target=\"_blank\" rel=\"nofollow noopener noreferrer\">https:\/\/www.tiempo.com\/&#8230;\/puente-de-diciembre-con-nieve&#8230;<\/a><\/span><\/li>\n<\/ul>\n<div class=\"html-div xdj266r x14z9mp xat24cr x1lziwak xexx8yu xyri2b x18d9i69 x1c1uobl\" dir=\"auto\">\n<div dir=\"auto\" style=\"text-align: center\"><a href=\"https:\/\/services.meteored.com\/img\/article\/puente-de-diciembre-con-nieve-espana-podria-ser-uno-de-los-paises-de-europa-con-mas-nieve-acumulada-1764327780663_1024.png\"><img loading=\"lazy\" decoding=\"async\" class=\"aligncenter size-large\" src=\"https:\/\/services.meteored.com\/img\/article\/puente-de-diciembre-con-nieve-espana-podria-ser-uno-de-los-paises-de-europa-con-mas-nieve-acumulada-1764327780663_1024.png\" width=\"1024\" height=\"714\" \/><\/a><\/div>\n<\/div>\n<\/div>\n<\/div>\n<\/div>\n<p>Les nevaes van ser bayuroses en zones de monte de la Pen\u00ednsula.<\/p>\n<p style=\"text-align: center\"><a href=\"https:\/\/services.meteored.com\/img\/article\/puente-de-diciembre-con-nieve-espana-podria-ser-uno-de-los-paises-de-europa-con-mas-nieve-acumulada-1764327558222_1024.png\"><img loading=\"lazy\" decoding=\"async\" class=\"aligncenter size-large\" src=\"https:\/\/services.meteored.com\/img\/article\/puente-de-diciembre-con-nieve-espana-podria-ser-uno-de-los-paises-de-europa-con-mas-nieve-acumulada-1764327558222_1024.png\" width=\"1024\" height=\"799\" \/><\/a><\/p>\n<p><strong>El frente d&#8217;esta fin de selmana va empezar a dexar nieve otra vegada nel Cordal Cant\u00e1bricu<\/strong>, Sistema Central, Sistema Ib\u00e9ricu, Pirineos y Sierra Nevada, primeramente con acumuladures modestes en redol a 10 cm en zones d&#8217;altu monte. El frente del martes va apurrir ent\u00e1 m\u00e1s nieve al asocede-y una atm\u00f3sfera ent\u00e1 m\u00e1s fr\u00eda ya inestable, polo que les precipitaciones postfrontales podr\u00eden siguir cargando de nieve estes sierres y\u00e1 con espesures m\u00e1s notables.<\/p>\n<p>A midida que meyora la selmana van llegar m\u00e1s sistemes fronteros, siendo bien probable que&#8217;l siguiente, igualmente activu, llegue a la pen\u00ednsula&#8217;l xueves. A partir d&#8217;ent\u00f3s, la probabilid\u00e1 de que sigan llegando m\u00e1s va ser bien elevada. La proximid\u00e1 de les umbaes va dexar que tami\u00e9n empiecen a entrar frentes templaos, aumentando la persistencia de les precipitaciones al complementase colos fr\u00edos, que van siguir cruciando tol territoriu dacuando d&#8217;oeste a este.<\/p>\n","protected":false},"excerpt":{"rendered":"<p>Meteored Ponte d&#8217;avientu con nieve: Espa\u00f1a podr\u00eda ser unu de los pa\u00edses d&#8217;Europa con m\u00e1s nieve acumulao.<\/p>\n","protected":false},"author":117,"featured_media":0,"comment_status":"closed","ping_status":"closed","sticky":false,"template":"","format":"standard","meta":{"footnotes":""},"categories":[5],"tags":[],"class_list":["post-62455","post","type-post","status-publish","format-standard","hentry","category-tiempu"],"_links":{"self":[{"href":"https:\/\/edublog.educastur.es\/ixuxu\/wp-json\/wp\/v2\/posts\/62455","targetHints":{"allow":["GET"]}}],"collection":[{"href":"https:\/\/edublog.educastur.es\/ixuxu\/wp-json\/wp\/v2\/posts"}],"about":[{"href":"https:\/\/edublog.educastur.es\/ixuxu\/wp-json\/wp\/v2\/types\/post"}],"author":[{"embeddable":true,"href":"https:\/\/edublog.educastur.es\/ixuxu\/wp-json\/wp\/v2\/users\/117"}],"replies":[{"embeddable":true,"href":"https:\/\/edublog.educastur.es\/ixuxu\/wp-json\/wp\/v2\/comments?post=62455"}],"version-history":[{"count":6,"href":"https:\/\/edublog.educastur.es\/ixuxu\/wp-json\/wp\/v2\/posts\/62455\/revisions"}],"predecessor-version":[{"id":62461,"href":"https:\/\/edublog.educastur.es\/ixuxu\/wp-json\/wp\/v2\/posts\/62455\/revisions\/62461"}],"wp:attachment":[{"href":"https:\/\/edublog.educastur.es\/ixuxu\/wp-json\/wp\/v2\/media?parent=62455"}],"wp:term":[{"taxonomy":"category","embeddable":true,"href":"https:\/\/edublog.educastur.es\/ixuxu\/wp-json\/wp\/v2\/categories?post=62455"},{"taxonomy":"post_tag","embeddable":true,"href":"https:\/\/edublog.educastur.es\/ixuxu\/wp-json\/wp\/v2\/tags?post=62455"}],"curies":[{"name":"wp","href":"https:\/\/api.w.org\/{rel}","templated":true}]}}