{"id":62554,"date":"2025-11-30T11:43:56","date_gmt":"2025-11-30T09:43:56","guid":{"rendered":"https:\/\/edublog.educastur.es\/ixuxu\/?p=62554"},"modified":"2025-11-30T11:43:56","modified_gmt":"2025-11-30T09:43:56","slug":"asturies-refuerza-la-so-llucha-ambiental-sestaferia-pa-llimpiar-basura-en-redolaes-fluviales-dasturies","status":"publish","type":"post","link":"https:\/\/edublog.educastur.es\/ixuxu\/2025\/11\/asturies-refuerza-la-so-llucha-ambiental-sestaferia-pa-llimpiar-basura-en-redolaes-fluviales-dasturies\/","title":{"rendered":"Asturies refuerza la so llucha ambiental: sestaferia pa llimpiar basura en redolaes fluviales d&#8217;Asturies"},"content":{"rendered":"<p>Asturies refuerza la so llucha ambiental: 45 voluntarios van llimpiar basura en redolaes fluviales d&#8217;Asturies. <a href=\"https:\/\/www.lavozdeasturias.es\/noticia\/asturias\/2025\/11\/28\/asturias-refuerza-lucha-ambiental-45-voluntarios-limpiaran-basura-entornos-fluviales-asturias\/00031764336968051552139.htm\">La Voz<\/a><\/p>\n<p style=\"text-align: center\"><a href=\"https:\/\/img.lavdg.com\/sc\/vyMFqnHi-NAdUNpsw1uGRIH3o4A=\/768x\/2017\/11\/30\/00121512038610630700274\/Foto\/h.jpg\"><img loading=\"lazy\" decoding=\"async\" class=\"aligncenter size-large\" src=\"https:\/\/img.lavdg.com\/sc\/vyMFqnHi-NAdUNpsw1uGRIH3o4A=\/768x\/2017\/11\/30\/00121512038610630700274\/Foto\/h.jpg\" width=\"768\" height=\"432\" \/><\/a><\/p>\n<p>Ente&#8217;l 29 de payares y el 14 d&#8217;avientu desenvolver\u00e1nse tr\u00e9s puntos de recoyida en redolaes fluviales de Xix\u00f3n y Uvi\u00e9u. Un total de 45 persones voluntaries van participar n&#8217;Asturies na novena edici\u00f3n de la campa\u00f1a de ciencia ciudadana<a href=\"https:\/\/seo.org\/vuelve-1m2-por-el-campo-los-bosques-y-el-monte\/\"><strong> \u00ab1m2 pel campu, los montes y el monte\u00bb<\/strong><\/a>, impulsada por <a href=\"https:\/\/www.youtube.com\/hashtag\/proyectolibera\"><strong>#Lliberar<\/strong>,<strong> proyectu de SEO\/BirdLife<\/strong><\/a> en collaboraci\u00f3n con Ecoembes.<\/p>\n<p><!--more--><\/p>\n<p>Ente&#8217;l 29 de payares y el 14 d&#8217;avientu desenvolver\u00e1nse tr\u00e9s puntos de recoyida en redolaes fluviales de Xix\u00f3n y Uvi\u00e9u, concretamente na Sienda del R\u00edu Pe\u00f1afrancia y na redoma del r\u00edu Nora, dos espacios naturales bien frecuentaos onde se van retirar y van caracterizar borrafes abandonaes, inform\u00f3 la organizaci\u00f3n.<\/p>\n<p>La iniciativa forma parte d&#8217;una convocatoria estatal que combina acci\u00f3n ambiental y ciencia ciudadana p&#8217;ameyorar la conocencia sobro la basuraleza y el so impactu nos ecosistemes naturales. Na anterior edici\u00f3n de \u00ab1m2 pel campu, los montes y el monte\u00bb, abargana de 6.500 persones voluntaries participaron en toa Espa\u00f1a, recoyendo 6,6 tonelaes de *basuraleza en 399 puntos terrestres, informa Efe.<\/p>\n<p style=\"text-align: center\">\n<!-- iframe plugin v.6.0 wordpress.org\/plugins\/iframe\/ -->\n<iframe loading=\"lazy\" width=\"100%\" height=\"488\" src=\"https:\/\/www.youtube.com\/embed\/OeErelU1eGM\" title=\"1m2 por el campo, bosques y monte - #ProyectoLIBERA 2024\" frameborder=\"0\" allow=\"accelerometer; autoplay; clipboard-write; encrypted-media; gyroscope; picture-in-picture; web-share\" referrerpolicy=\"strict-origin-when-cross-origin\" 0=\"allowfullscreen\" 1=\"\/iframe\" scrolling=\"yes\" class=\"iframe-class\"><\/iframe>\n<\/p>\n","protected":false},"excerpt":{"rendered":"<p>Asturies refuerza la so llucha ambiental: 45 voluntarios van llimpiar basura en redolaes fluviales d&#8217;Asturies. La Voz Ente&#8217;l 29 de payares y el 14 d&#8217;avientu desenvolver\u00e1nse tr\u00e9s puntos de recoyida en redolaes fluviales de Xix\u00f3n y Uvi\u00e9u. Un total de 45 persones voluntaries van participar n&#8217;Asturies na novena edici\u00f3n de la campa\u00f1a de ciencia ciudadana [&hellip;]<\/p>\n","protected":false},"author":117,"featured_media":0,"comment_status":"closed","ping_status":"closed","sticky":false,"template":"","format":"standard","meta":{"footnotes":""},"categories":[1],"tags":[],"class_list":["post-62554","post","type-post","status-publish","format-standard","hentry","category-sin-categoria"],"_links":{"self":[{"href":"https:\/\/edublog.educastur.es\/ixuxu\/wp-json\/wp\/v2\/posts\/62554","targetHints":{"allow":["GET"]}}],"collection":[{"href":"https:\/\/edublog.educastur.es\/ixuxu\/wp-json\/wp\/v2\/posts"}],"about":[{"href":"https:\/\/edublog.educastur.es\/ixuxu\/wp-json\/wp\/v2\/types\/post"}],"author":[{"embeddable":true,"href":"https:\/\/edublog.educastur.es\/ixuxu\/wp-json\/wp\/v2\/users\/117"}],"replies":[{"embeddable":true,"href":"https:\/\/edublog.educastur.es\/ixuxu\/wp-json\/wp\/v2\/comments?post=62554"}],"version-history":[{"count":1,"href":"https:\/\/edublog.educastur.es\/ixuxu\/wp-json\/wp\/v2\/posts\/62554\/revisions"}],"predecessor-version":[{"id":62555,"href":"https:\/\/edublog.educastur.es\/ixuxu\/wp-json\/wp\/v2\/posts\/62554\/revisions\/62555"}],"wp:attachment":[{"href":"https:\/\/edublog.educastur.es\/ixuxu\/wp-json\/wp\/v2\/media?parent=62554"}],"wp:term":[{"taxonomy":"category","embeddable":true,"href":"https:\/\/edublog.educastur.es\/ixuxu\/wp-json\/wp\/v2\/categories?post=62554"},{"taxonomy":"post_tag","embeddable":true,"href":"https:\/\/edublog.educastur.es\/ixuxu\/wp-json\/wp\/v2\/tags?post=62554"}],"curies":[{"name":"wp","href":"https:\/\/api.w.org\/{rel}","templated":true}]}}