{"id":62556,"date":"2025-11-30T11:52:54","date_gmt":"2025-11-30T09:52:54","guid":{"rendered":"https:\/\/edublog.educastur.es\/ixuxu\/?p=62556"},"modified":"2025-11-30T11:52:54","modified_gmt":"2025-11-30T09:52:54","slug":"como-y-para-que-usen-la-ia-los-asturianos","status":"publish","type":"post","link":"https:\/\/edublog.educastur.es\/ixuxu\/2025\/11\/como-y-para-que-usen-la-ia-los-asturianos\/","title":{"rendered":"\u00bfC\u00f3mo y para qu\u00e9 usen la IA los asturianos?"},"content":{"rendered":"<p>1 de cada 5 nun sabe lo que ye. Siquier el 33% de la poblaci\u00f3n asturiana d&#8217;ente 16 y 74 a\u00f1os us\u00f3 dalg\u00fan tipu d&#8217;intelixencia artificial nos postreros tr\u00e9s meses. <a href=\"https:\/\/www.lavozdeasturias.es\/noticia\/asturias\/2025\/11\/25\/usan-ia-asturianos-1-5-sabe\/00031764068471324771348.htm\">La Voz<\/a><\/p>\n<p style=\"text-align: center\"><a href=\"https:\/\/img.lavdg.com\/sc\/KtXKSmPyFVljLBRXVGlqmj9ZBA0=\/768x\/2019\/01\/16\/00121547664901964242315\/Foto\/sdfasdfasdf.jpg\"><img loading=\"lazy\" decoding=\"async\" class=\"aligncenter size-large\" src=\"https:\/\/img.lavdg.com\/sc\/KtXKSmPyFVljLBRXVGlqmj9ZBA0=\/768x\/2019\/01\/16\/00121547664901964242315\/Foto\/sdfasdfasdf.jpg\" width=\"768\" height=\"433\" \/><\/a><\/p>\n<p>Siquier el 33% de la poblaci\u00f3n asturiana d&#8217;ente 16 y 74 a\u00f1os us\u00f3 dalg\u00fan tipu d&#8217;intelixencia artificial nos postreros tr\u00e9s meses. La Intelixencia Artificial (*IA) \u00e1brese pasu na socied\u00e1 asturiana, como nel restu del mundu. Sicas\u00ed, la so implantaci\u00f3n a nivel social ent\u00e1 nun ta xeneralizada y at\u00f3pense resistencies significatives.<\/p>\n<p><!--more--><\/p>\n<p>Los datos de la \u00faltima Encuesta sobro Equipamientu y Usu de Tecnolox\u00edes de la Informaci\u00f3n y Comunicaci\u00f3n (TIC) nos Llares, publicada pol Institutu Nacional d&#8217;Estad\u00edstica (INE) pa 2025, dibuxen un panorama nel que, mientres un terciu de la poblaci\u00f3n ente 16 y 74 a\u00f1os utiliz\u00f3 estes ferramientes, <strong>1 de cada 5 persones reconoz directamente nun saber qu\u00e9 ye esta tecnolox\u00eda.<\/strong><\/p>\n<p>La estad\u00edstica del INE revela qu&#8217;el 33,6% de los asturianos nesa franxa d&#8217;ed\u00e1 us\u00f3 dalg\u00fan tipu d&#8217;IA de dalguna o otra forma nos postreros tr\u00e9s meses. El prop\u00f3situ principal at\u00f3pase nel \u00e1mbitu personal, una y bones un 26,4% emplegase pa fines privaos. Los usos profesional y formativu presenten cifres bien similares:<strong> un 12,5% util\u00edzala pa trabayar y un 12,7% pa la so formaci\u00f3n y educaci\u00f3n.<\/strong><\/p>\n<p>Sicas\u00ed, el gruesu de la poblaci\u00f3n, <strong>un 66,4%, nun interactu\u00f3 con estes ferramientes<\/strong>. Los motivos d&#8217;esta non usu son m\u00faltiples y asol\u00e1pense. La raz\u00f3n m\u00e1s remanada ye la falta de necesid\u00e1 percibida, argumentu que remana&#8217;l 73,1% de los non usuarios. S\u00edgue-y de barganal la falta de competencies, una y bones un 40,5% almiti\u00f3 nun saber c\u00f3mo utilizala. La esmolici\u00f3n pola privacid\u00e1 y la segurid\u00e1 de los datos ye otru frenu importante, cit\u00e1u pol 38,2% de los encuestaos. Am\u00e1s, un 22,1% de los asturianos que nun usaron IA aleg\u00f3, a cencielles, que nun sab\u00eda qu&#8217;esta tecnolox\u00eda esist\u00eda.<\/p>\n<p><strong>A menor ed\u00e1, mayor usu de la IA<\/strong><\/p>\n<p>Al comparar la situaci\u00f3n col conxuntu d&#8217;Espa\u00f1a, Asturies as\u00edtiase llixeramente per debaxo de la media nacional. Nel pa\u00eds, el 37,9% de les persones de 16 a 74 a\u00f1os utiliz\u00f3 ferramientes d&#8217;IA xenerativa. La fienda de x\u00e9neru tami\u00e9n ye perceptible a nivel estatal: <strong>el 39,9% de los homes declara usar estes ferramientes, frente a un 35,9% de les muyeres.<\/strong> La ed\u00e1 conf\u00edrmase como un factor determinante, con una claru encl\u00edn:<strong> a menor ed\u00e1, mayor ye la proporci\u00f3n d&#8217;usu d&#8217;intelixencia artificial.<\/strong><\/p>\n<p>Per otru llau, los datos del INE reflexen qu&#8217;a nivel nacional <strong>el 99,7% de los llares con siquier un miembru ente 16 y 74 a\u00f1os cuntaba con dalg\u00fan tipu de tel\u00e9fonu (fixu y\/o m\u00f3vil) y el 49% con dambos.<\/strong> Un 0,3% dispon\u00eda nam\u00e1 de fixu y un 50,3% puramente tel\u00e9fonu m\u00f3vil. El 83,8% de los llares dispon\u00eda de dalg\u00fan tipu d&#8217;ordenador (de sobremesa, port\u00e1til, tablet, etc.), 0,8 puntos m\u00e1s qu&#8217;en 2024. El 97,4% de los llares dispon\u00eda d&#8217;accesu a Internet per banda ancha fixa y\/o m\u00f3vil (frente al 96,8% en 2024). Del total, el 86,8% cuntaba con conex\u00f3n de banda ancha fixa (fibra \u00f3ptica, cable, ADSL, etc.), ente que el 10,7% aportaba nam\u00e1 al travi\u00e9s de conex\u00f3n m\u00f3vil (3G, 4G o 5G).<\/p>\n<p>Los mayores descensos nel usu del tel\u00e9fonu m\u00f3vil repararense nes edaes de 10 y 11 a\u00f1os, con baxaes de 3,7 y 4,0 puntos, respectivamente, al respective de 2024. Am\u00e1s,p\u00fadose comprabar qu&#8217;<strong>el 66,5% de les persones de 16 a 74 a\u00f1os tien habilidaes b\u00e1siques o avanzaes<\/strong>, 0,3 puntos m\u00e1s qu&#8217;en 2023 (\u00faltimu a\u00f1u con informaci\u00f3n sobro estes habilidaes). Con un nivel de desagregaci\u00f3n mayor #reparar qu&#8217;el 27,3% tien habilidaes b\u00e1siques (mesmu porcentaxe qu&#8217;en 2023) y el 39,2% avanzaes o cimeres (frente al 38,9% en 2023).<\/p>\n","protected":false},"excerpt":{"rendered":"<p>1 de cada 5 nun sabe lo que ye. Siquier el 33% de la poblaci\u00f3n asturiana d&#8217;ente 16 y 74 a\u00f1os us\u00f3 dalg\u00fan tipu d&#8217;intelixencia artificial nos postreros tr\u00e9s meses. La Voz Siquier el 33% de la poblaci\u00f3n asturiana d&#8217;ente 16 y 74 a\u00f1os us\u00f3 dalg\u00fan tipu d&#8217;intelixencia artificial nos postreros tr\u00e9s meses. La Intelixencia [&hellip;]<\/p>\n","protected":false},"author":117,"featured_media":0,"comment_status":"closed","ping_status":"closed","sticky":false,"template":"","format":"standard","meta":{"footnotes":""},"categories":[261],"tags":[],"class_list":["post-62556","post","type-post","status-publish","format-standard","hentry","category-intelixencia-artificial"],"_links":{"self":[{"href":"https:\/\/edublog.educastur.es\/ixuxu\/wp-json\/wp\/v2\/posts\/62556","targetHints":{"allow":["GET"]}}],"collection":[{"href":"https:\/\/edublog.educastur.es\/ixuxu\/wp-json\/wp\/v2\/posts"}],"about":[{"href":"https:\/\/edublog.educastur.es\/ixuxu\/wp-json\/wp\/v2\/types\/post"}],"author":[{"embeddable":true,"href":"https:\/\/edublog.educastur.es\/ixuxu\/wp-json\/wp\/v2\/users\/117"}],"replies":[{"embeddable":true,"href":"https:\/\/edublog.educastur.es\/ixuxu\/wp-json\/wp\/v2\/comments?post=62556"}],"version-history":[{"count":1,"href":"https:\/\/edublog.educastur.es\/ixuxu\/wp-json\/wp\/v2\/posts\/62556\/revisions"}],"predecessor-version":[{"id":62557,"href":"https:\/\/edublog.educastur.es\/ixuxu\/wp-json\/wp\/v2\/posts\/62556\/revisions\/62557"}],"wp:attachment":[{"href":"https:\/\/edublog.educastur.es\/ixuxu\/wp-json\/wp\/v2\/media?parent=62556"}],"wp:term":[{"taxonomy":"category","embeddable":true,"href":"https:\/\/edublog.educastur.es\/ixuxu\/wp-json\/wp\/v2\/categories?post=62556"},{"taxonomy":"post_tag","embeddable":true,"href":"https:\/\/edublog.educastur.es\/ixuxu\/wp-json\/wp\/v2\/tags?post=62556"}],"curies":[{"name":"wp","href":"https:\/\/api.w.org\/{rel}","templated":true}]}}