{"id":62584,"date":"2025-11-30T18:10:58","date_gmt":"2025-11-30T16:10:58","guid":{"rendered":"https:\/\/edublog.educastur.es\/ixuxu\/?p=62584"},"modified":"2025-11-30T12:41:56","modified_gmt":"2025-11-30T10:41:56","slug":"villancicu-llego-la-navida-rapacina","status":"publish","type":"post","link":"https:\/\/edublog.educastur.es\/ixuxu\/2025\/11\/villancicu-llego-la-navida-rapacina\/","title":{"rendered":"Villancicu: \u00abLleg\u00f3 la navid\u00e1\u00bb | Rapacina"},"content":{"rendered":"<div id=\"title\" class=\"style-scope ytd-watch-metadata\">\n<p class=\"style-scope ytd-watch-metadata\" style=\"text-align: center\">Villancicu: <a href=\"https:\/\/youtu.be\/TIe1vi1Eze8\"><strong>Lleg\u00f3 la navid\u00e1<\/strong><\/a> | Canci\u00f3n infantil n&#8217;asturianu \ud83c\udf84<a class=\"yt-simple-endpoint style-scope ytd-video-owner-renderer\" href=\"https:\/\/www.youtube.com\/@Rapacinast\"><img decoding=\"async\" id=\"img\" class=\"style-scope yt-img-shadow\" src=\"https:\/\/yt3.ggpht.com\/3ZjCCcog48z38SgE2v8i_PsCRmvzwAeUDuZptqyyaP1Das0Jmyk8mvCvcha_kpXgTVRrANKykTI=s88-c-k-c0x00ffffff-no-rj\" alt=\"\" width=\"40\" \/><\/a><a class=\"yt-simple-endpoint style-scope yt-formatted-string\" href=\"https:\/\/www.youtube.com\/@Rapacinast\">Rapacina<\/a><\/p>\n<\/div>\n<div id=\"top-row\" class=\"style-scope ytd-watch-metadata\">\n<div id=\"owner\" class=\"item style-scope ytd-watch-metadata\">\n<div id=\"analytics-button\" class=\"style-scope ytd-video-owner-renderer\">Villancicu infantil n\u2019asturianu pa celebrar la Navid\u00e1 con tradiciones bien nueses: el ramu llenu de llumes, la visita del Anguleru col so barcu de la mar, y la \u00f1eve del iviernu. \ud83c\udf84\ud83e\udde6\u2744\ufe0f Una canci\u00f3n prestosa y cenciella, pensada pa los m\u00e1s peque\u00f1inos del colexu y de la casa.<\/div>\n<div><\/div>\n<div style=\"text-align: center\">\n<!-- iframe plugin v.6.0 wordpress.org\/plugins\/iframe\/ -->\n<iframe loading=\"lazy\" width=\"100%\" height=\"488\" src=\"https:\/\/www.youtube.com\/embed\/TIe1vi1Eze8\" title=\"\ud83c\udf84Villancicu: Lleg\u00f3 la navid\u00e1 | Canci\u00f3n infantil n&#039;asturianu \ud83c\udf84\" frameborder=\"0\" allow=\"accelerometer; autoplay; clipboard-write; encrypted-media; gyroscope; picture-in-picture; web-share\" referrerpolicy=\"strict-origin-when-cross-origin\" 0=\"allowfullscreen\" 1=\"\/iframe\" scrolling=\"yes\" class=\"iframe-class\"><\/iframe>\n<\/div>\n<\/div>\n<\/div>\n","protected":false},"excerpt":{"rendered":"<p>Villancicu: Lleg\u00f3 la navid\u00e1 | Canci\u00f3n infantil n&#8217;asturianu \ud83c\udf84Rapacina Villancicu infantil n\u2019asturianu pa celebrar la Navid\u00e1 con tradiciones bien nueses: el ramu llenu de llumes, la visita del Anguleru col so barcu de la mar, y la \u00f1eve del iviernu. \ud83c\udf84\ud83e\udde6\u2744\ufe0f Una canci\u00f3n prestosa y cenciella, pensada pa los m\u00e1s peque\u00f1inos del colexu y de [&hellip;]<\/p>\n","protected":false},"author":117,"featured_media":0,"comment_status":"closed","ping_status":"closed","sticky":false,"template":"","format":"standard","meta":{"footnotes":""},"categories":[81,76],"tags":[],"class_list":["post-62584","post","type-post","status-publish","format-standard","hentry","category-nadal","category-villancicos"],"_links":{"self":[{"href":"https:\/\/edublog.educastur.es\/ixuxu\/wp-json\/wp\/v2\/posts\/62584","targetHints":{"allow":["GET"]}}],"collection":[{"href":"https:\/\/edublog.educastur.es\/ixuxu\/wp-json\/wp\/v2\/posts"}],"about":[{"href":"https:\/\/edublog.educastur.es\/ixuxu\/wp-json\/wp\/v2\/types\/post"}],"author":[{"embeddable":true,"href":"https:\/\/edublog.educastur.es\/ixuxu\/wp-json\/wp\/v2\/users\/117"}],"replies":[{"embeddable":true,"href":"https:\/\/edublog.educastur.es\/ixuxu\/wp-json\/wp\/v2\/comments?post=62584"}],"version-history":[{"count":1,"href":"https:\/\/edublog.educastur.es\/ixuxu\/wp-json\/wp\/v2\/posts\/62584\/revisions"}],"predecessor-version":[{"id":62585,"href":"https:\/\/edublog.educastur.es\/ixuxu\/wp-json\/wp\/v2\/posts\/62584\/revisions\/62585"}],"wp:attachment":[{"href":"https:\/\/edublog.educastur.es\/ixuxu\/wp-json\/wp\/v2\/media?parent=62584"}],"wp:term":[{"taxonomy":"category","embeddable":true,"href":"https:\/\/edublog.educastur.es\/ixuxu\/wp-json\/wp\/v2\/categories?post=62584"},{"taxonomy":"post_tag","embeddable":true,"href":"https:\/\/edublog.educastur.es\/ixuxu\/wp-json\/wp\/v2\/tags?post=62584"}],"curies":[{"name":"wp","href":"https:\/\/api.w.org\/{rel}","templated":true}]}}