{"id":62586,"date":"2025-11-29T19:10:42","date_gmt":"2025-11-29T17:10:42","guid":{"rendered":"https:\/\/edublog.educastur.es\/ixuxu\/?p=62586"},"modified":"2025-11-30T12:53:39","modified_gmt":"2025-11-30T10:53:39","slug":"62586","status":"publish","type":"post","link":"https:\/\/edublog.educastur.es\/ixuxu\/2025\/11\/62586\/","title":{"rendered":"Y\u00e1 ta en toles plataformes \u2018tiempu !\u2019, l&#8217;\u00faltimu adelantu de Ferla Meg\u00eda"},"content":{"rendered":"<p style=\"text-align: center\">\n<p>Y\u00e1 ta en toles plataformes musicales \u2018tiempu !\u2019, el tercer y \u00faltimu adelantu del que va ser<strong> pr\u00f3ximu EP de Ferla Meg\u00eda, <span style=\"color: #008080\">P\u00e1xaros 02<\/span><\/strong> <span class=\"html-span xexx8yu xyri2b x18d9i69 x1c1uobl x1hl2dhg x16tdsg8 x1vvkbs x3nfvp2 x1j61x8r x1fcty0u xdj266r xat24cr xm2jcoa x1mpyi22 xxymvpz xlup9mm x1kky2od\"><img loading=\"lazy\" decoding=\"async\" class=\"xz74otr x15mokao x1ga7v0g x16uus16 xbiv7yw\" src=\"https:\/\/static.xx.fbcdn.net\/images\/emoji.php\/v9\/t3f\/1\/16\/1f426_200d_2b1b.png\" alt=\"\ud83d\udc26\u200d\u2b1b\" width=\"16\" height=\"16\" \/><\/span><span class=\"html-span xexx8yu xyri2b x18d9i69 x1c1uobl x1hl2dhg x16tdsg8 x1vvkbs x3nfvp2 x1j61x8r x1fcty0u xdj266r xat24cr xm2jcoa x1mpyi22 xxymvpz xlup9mm x1kky2od\"><img loading=\"lazy\" decoding=\"async\" class=\"xz74otr x15mokao x1ga7v0g x16uus16 xbiv7yw\" src=\"https:\/\/static.xx.fbcdn.net\/images\/emoji.php\/v9\/t3f\/1\/16\/1f426_200d_2b1b.png\" alt=\"\ud83d\udc26\u200d\u2b1b\" width=\"16\" height=\"16\" \/><\/span> Tr\u00e1tase d\u2019una pieza de 3 minutos y 21 segundos na qu\u2019esti xoven m\u00fasicu sierense repasa una montonera d\u2019estilos musicales que van del rap al ambient, pasando pel dembow, el pop, o a la electr\u00f3nica m\u00e1s ca\u00f1era; un reflexu de la versatilid\u00e1 musical d\u2019esti artista. <a href=\"https:\/\/musicasturiana.com\/ya-ta-en-toles-plataformes-tiempu-lultimu-adelantu-del-discu-nuevu-de-ferla-megia\/?fbclid=IwY2xjawOY__5leHRuA2FlbQIxMQBzcnRjBmFwcF9pZBAyMjIwMzkxNzg4MjAwODkyAAEev8Y97f7hbznDqwyV-WCijX8KUdtV_WjfJ-ob6NOimhizuZKlFbMc1QwF1Wg_aem_rVgnvx1X6As-obfWcjcIsQ\">Musicasturiana.com<\/a><\/p>\n<p style=\"text-align: center\">\n<!-- iframe plugin v.6.0 wordpress.org\/plugins\/iframe\/ -->\n<iframe data-testid=\"embed-iframe\" style=\"border-radius:12px\" src=\"https:\/\/open.spotify.com\/embed\/track\/5faP4U8pXUujI44BWFgz0m?utm_source=generator\" width=\"100%\" height=\"352\" frameborder=\"0\" allowfullscreen allow=\"autoplay; clipboard-write; encrypted-media; fullscreen; picture-in-picture\" loading=\"lazy\" 0=\"\/iframe\" scrolling=\"yes\" class=\"iframe-class\"><\/iframe>\n<\/p>\n<p><!--more--><\/p>\n<p>Y\u00e1 ta en toles\u00a0<a href=\"https:\/\/orcd.co\/tiempu-ferla\" target=\"_blank\" rel=\"noreferrer noopener\">plataformes musicales<\/a>\u00a0\u2018<strong>tiempu !\u2019<\/strong>, el tercer y \u00faltimu adelantu del que va ser pr\u00f3ximu EP de\u00a0<strong>Ferla Meg\u00eda<\/strong>,\u00a0<em><strong>P\u00e1xaros 02<\/strong>.\u00a0<\/em>Tr\u00e1tase d\u2019una pieza de 3 minutos y 21 segundos na qu\u2019esti xoven m\u00fasicu sierense repasa una\u00a0<strong>montonera d\u2019estilos musicales<\/strong>\u00a0que van del rap al ambient, pasando pel dembow, el pop, o a la electr\u00f3nica m\u00e1s ca\u00f1era; un reflexu de la\u00a0<strong>versatilid\u00e1\u00a0<\/strong>musical d\u2019esti artista.<\/p>\n<p style=\"text-align: center\"><a href=\"https:\/\/musicasturiana.com\/wp-content\/uploads\/2025\/11\/ferla-megia-tiempu.jpg\"><img loading=\"lazy\" decoding=\"async\" class=\"aligncenter \" src=\"https:\/\/musicasturiana.com\/wp-content\/uploads\/2025\/11\/ferla-megia-tiempu.jpg\" width=\"757\" height=\"379\" \/><\/a><\/p>\n<p>\u00abMusicalmente debe de ser el cantar del que\u00a0<strong>m\u00e1s\u00a0arguyosu\u00a0toi<\/strong>. Tien pila\u00a0<strong>referencies estremaes<\/strong>, pila estilos y vibras\u2026\u00bb, desplica Meg\u00eda al rodiu d\u2019un tema que fala de que \u00ab<strong>trabayando nunca se tien tiempu pa disfrutar\u00a0<\/strong>de les pasiones y de la to xente\u00bb. \u00abComo diz el sampleo a met\u00e1 del cantar -que por cierto ye un sample que saqu\u00e9 de\u00a0<strong>Mochileros TPA<\/strong>\u2013 \u2018Llenar los a\u00f1os de vida y non la vida d\u2019a\u00f1os&#8217;\u00bb.<\/p>\n<div class=\"wp-block-spacer\" style=\"text-align: center\" aria-hidden=\"true\">\n<!-- iframe plugin v.6.0 wordpress.org\/plugins\/iframe\/ -->\n<iframe data-testid=\"embed-iframe\" style=\"border-radius:12px\" src=\"https:\/\/open.spotify.com\/embed\/artist\/3uK6ZjRMhvkVah2RAiFg7Y?utm_source=generator\" width=\"100%\" height=\"352\" frameborder=\"0\" allowfullscreen allow=\"autoplay; clipboard-write; encrypted-media; fullscreen; picture-in-picture\" loading=\"lazy\" 0=\"\/iframe\" scrolling=\"yes\" class=\"iframe-class\"><\/iframe>\n<\/div>\n<h2 class=\"wp-block-heading\"><mark class=\"has-inline-color\"><em>4 d\u2019avientu<\/em><\/mark><\/h2>\n<p>El siguiente pasu de Meg\u00eda ye publicar\u00a0<em>P\u00e1xaros 02<\/em>\u00a0el<strong>\u00a04 d\u2019avientu<\/strong>, un EP que\u00a0<strong>\u00abmusicalmente sigue garrando influencies de tolos estilos posibles<\/strong>\u00bb que pasen pel \u00abfiltru\u00bb d\u2019esti m\u00fasicu qu\u2019amesta son\u00edos de la m\u00fasica e<strong>lectr\u00f3nica, urbana, tradicional, pop y de la canci\u00f3n d\u2019autor<\/strong>. L\u2019avance d\u2019\u00e9l pue sentise nos singles y\u00e1 publicaos enantes: \u2018<strong><a href=\"https:\/\/musicasturiana.com\/ferla-megia-y-tania-pereira-axuntense-en-conseyu\/\">Conseyu<\/a><\/strong>\u2018 y \u2018<a href=\"https:\/\/orcd.co\/redobla\" target=\"_blank\" rel=\"noopener\">Redobla<\/a>\u2018.<\/p>\n<p>El pr\u00f3ximu EP naz de<strong>\u00a0seis temes\u00a0<\/strong>que nun entraron por llargor nel EP\u00a0<em>P\u00e1xaros 01<\/em>, va tener les\u00a0<strong>collaboraciones<\/strong>\u00a0de\u00a0<strong>Tania Pereira<\/strong>,<strong>\u00a0Rita Ojanguren\u00a0<\/strong>y basa \u00fan de los temes n\u2019otru de\u00a0<strong>Viva Belgrado<\/strong>. \u00abAnque yeren canciones de primeres inconexes, llueu decat\u00e9me qu\u2019hab\u00eda\u00a0<strong>un puntu d\u2019alcuentru<\/strong>: les referencies al monte, a los mios collacios, a los momentos fugaces, a los alcordances, a la frustaci\u00f3n\u2026 y en definitiva a\u00a0<strong>met\u00e1fores que munches veces fac\u00eden referencies a p\u00e1xaros o a la fauna llocal<\/strong>\u00ab, a\u00f1ade Ferla Meg\u00eda sobre esti trabayu del que\u2019l pr\u00f3ximu 27 de payares va poder sentise un tercer single.<\/p>\n<p style=\"text-align: center\"><a href=\"https:\/\/musicasturiana.com\/wp-content\/uploads\/2024\/12\/ferla-megia-paxaros01.jpg\"><img loading=\"lazy\" decoding=\"async\" class=\"aligncenter size-large\" src=\"https:\/\/musicasturiana.com\/wp-content\/uploads\/2024\/12\/ferla-megia-paxaros01.jpg\" width=\"500\" height=\"500\" \/><\/a><\/p>\n<p>L\u2019artista mozu sierense\u00a0<b>Ferla Meg\u00eda<\/b>\u00a0asoleya\u2019l so primer EP n\u2019asturianu dafechu:\u00a0<a href=\"https:\/\/orcd.co\/paxaros01\"><b><i>P\u00e1xaros 01<\/i><\/b><\/a>. Llanza esti trabayu de seis temes nos que fusiona x\u00e9neros y influyencies, dende\u2019l\u00a0<b>dembow, hip hop y trap\u00a0<\/b>hasta\u2019l\u00a0<b>folk\u00a0<\/b>tradicional,<b>\u00a0trip hop, ambient<\/b>\u00a0y\u00a0<b>electr\u00f3nica<\/b>. Esti\u00a0<b>formatu f\u00edsicu<\/b>\u00a0del \u00e1lbum incl\u00fai un\u00a0<b>compangu de temes, mezcles y versiones in\u00e9dites<\/b>.<\/p>\n","protected":false},"excerpt":{"rendered":"<p>Y\u00e1 ta en toles plataformes musicales \u2018tiempu !\u2019, el tercer y \u00faltimu adelantu del que va ser pr\u00f3ximu EP de Ferla Meg\u00eda, P\u00e1xaros 02 Tr\u00e1tase d\u2019una pieza de 3 minutos y 21 segundos na qu\u2019esti xoven m\u00fasicu sierense repasa una montonera d\u2019estilos musicales que van del rap al ambient, pasando pel dembow, el pop, o [&hellip;]<\/p>\n","protected":false},"author":117,"featured_media":0,"comment_status":"closed","ping_status":"closed","sticky":false,"template":"","format":"standard","meta":{"footnotes":""},"categories":[35,125],"tags":[],"class_list":["post-62586","post","type-post","status-publish","format-standard","hentry","category-musica","category-musicasturiana-com"],"_links":{"self":[{"href":"https:\/\/edublog.educastur.es\/ixuxu\/wp-json\/wp\/v2\/posts\/62586","targetHints":{"allow":["GET"]}}],"collection":[{"href":"https:\/\/edublog.educastur.es\/ixuxu\/wp-json\/wp\/v2\/posts"}],"about":[{"href":"https:\/\/edublog.educastur.es\/ixuxu\/wp-json\/wp\/v2\/types\/post"}],"author":[{"embeddable":true,"href":"https:\/\/edublog.educastur.es\/ixuxu\/wp-json\/wp\/v2\/users\/117"}],"replies":[{"embeddable":true,"href":"https:\/\/edublog.educastur.es\/ixuxu\/wp-json\/wp\/v2\/comments?post=62586"}],"version-history":[{"count":7,"href":"https:\/\/edublog.educastur.es\/ixuxu\/wp-json\/wp\/v2\/posts\/62586\/revisions"}],"predecessor-version":[{"id":62593,"href":"https:\/\/edublog.educastur.es\/ixuxu\/wp-json\/wp\/v2\/posts\/62586\/revisions\/62593"}],"wp:attachment":[{"href":"https:\/\/edublog.educastur.es\/ixuxu\/wp-json\/wp\/v2\/media?parent=62586"}],"wp:term":[{"taxonomy":"category","embeddable":true,"href":"https:\/\/edublog.educastur.es\/ixuxu\/wp-json\/wp\/v2\/categories?post=62586"},{"taxonomy":"post_tag","embeddable":true,"href":"https:\/\/edublog.educastur.es\/ixuxu\/wp-json\/wp\/v2\/tags?post=62586"}],"curies":[{"name":"wp","href":"https:\/\/api.w.org\/{rel}","templated":true}]}}