{"id":62612,"date":"2025-11-28T09:00:14","date_gmt":"2025-11-28T07:00:14","guid":{"rendered":"https:\/\/edublog.educastur.es\/ixuxu\/?p=62612"},"modified":"2025-11-30T22:41:28","modified_gmt":"2025-11-30T20:41:28","slug":"dia-del-mediterraneo","status":"publish","type":"post","link":"https:\/\/edublog.educastur.es\/ixuxu\/2025\/11\/dia-del-mediterraneo\/","title":{"rendered":"D\u00eda del Mediterr\u00e1neo"},"content":{"rendered":"<p>Anque&#8217;l Mediterr\u00e1neu solo ocupa&#8217;l 0,7% de la superficie del oc\u00e9anu, alluga&#8217;l 7% de la fauna y el 18% de la flora marina mundial. Desgraciadamente, tami\u00e9n ye unu de los mares m\u00e1s contaminaos y calezse un 20% m\u00e1s r\u00e1pidu que la media global.\u00a0<a class=\"x1i10hfl xjbqb8w x1ejq31n x18oe1m7 x1sy0etr xstzfhl x972fbf x10w94by x1qhh985 x14e42zd x9f619 x1ypdohk xt0psk2 x3ct3a4 xdj266r x14z9mp xat24cr x1lziwak xexx8yu xyri2b x18d9i69 x1c1uobl x16tdsg8 x1hl2dhg xggy1nq x1a2a7pz _aa9_ _a6hd\" role=\"link\" href=\"https:\/\/www.instagram.com\/explore\/tags\/d%C3%ADadelmediterr%C3%A1neo\/\">#D\u00edaDelMediterr\u00e1neo<\/a> \ud83d\udc99<\/p>\n<p style=\"text-align: center\"><strong><span class=\"x193iq5w xeuugli x13faqbe x1vvkbs xt0psk2 x1i0vuye xvs91rp xo1l8bm x5n08af x10wh9bi xpm28yp x8viiok x1o7cslx x126k92a\"><span class=\"html-span xexx8yu x4uap5 x18d9i69 xkhd6sd x1hl2dhg x16tdsg8 x1vvkbs x3nfvp2 x1j61x8r x1fcty0u xdj266r xat24cr xgzva0m xhhsvwb xxymvpz xlup9mm x1kky2od\">\n<!-- iframe plugin v.6.0 wordpress.org\/plugins\/iframe\/ -->\n<iframe loading=\"lazy\" src=\"https:\/\/www.instagram.com\/reel\/DRmJf7XjL2k\/embed\" width=\"460\" height=\"625\" 0=\"\/iframe\" scrolling=\"yes\" class=\"iframe-class\" frameborder=\"0\"><\/iframe>\n<\/span><\/span><\/strong><\/p>\n<p><!--more--><\/p>\n<p style=\"text-align: center\"><a href=\"https:\/\/upload.wikimedia.org\/wikipedia\/commons\/thumb\/1\/1c\/Mediterranean_Sea_16.61811E_38.99124N.jpg\/1200px-Mediterranean_Sea_16.61811E_38.99124N.jpg\"><img loading=\"lazy\" decoding=\"async\" class=\"aligncenter size-large\" src=\"https:\/\/upload.wikimedia.org\/wikipedia\/commons\/thumb\/1\/1c\/Mediterranean_Sea_16.61811E_38.99124N.jpg\/1200px-Mediterranean_Sea_16.61811E_38.99124N.jpg\" width=\"1200\" height=\"877\" \/><\/a><\/p>\n<p>El Mar Mediterr\u00e1neu esti\u00e9ndese ente&#8217;l sur d&#8217;Europa y el norte d&#8217;\u00c1frica como xuna allongamientu oriental del Oc\u00e9anu Atl\u00e1nticu. Pa otros xe\u00f3grafos, tr\u00e1tase\u00a0 d&#8217;un cuerpu d&#8217;agua estrem\u00e1u. Ye un gran mar semicerr\u00e1u que desempe\u00f1\u00f3 un papel central na hestoria de la civilizaci\u00f3n occidental.<\/p>\n<p>Dende&#8217;l puntu de vista xeol\u00f3xicu, el Mediterr\u00e1neu form\u00f3se fai unos 5,9 millones d&#8217;a\u00f1os. G\u00fcei, con unos 2.500.000 kil\u00f3metros cuadraos d&#8217;estensi\u00f3n, <strong>representa&#8217;l 0,7% de la superficie oce\u00e1nica mundial.<\/strong> Enval\u00f3rase qu&#8217;el so volume d&#8217;agua ye d&#8217;unos 3.750.000 kil\u00f3metros c\u00fabicos.<\/p>\n<p style=\"text-align: center\"><a href=\"https:\/\/geografia.laguia2000.com\/wp-content\/uploads\/2022\/02\/Analizan-las-barreras-al-flujo-de-genes-entre-especies-marinas-en-el-Mediterraneo.jpg\">https:\/\/geografia.laguia2000.com\/wp-content\/uploads\/2022\/02\/Analizan-las-barreras-al-flujo-de-genes-entre-especies-marinas-en-el-Mediterraneo.jpg<\/a><\/p>\n<p style=\"text-align: center\"><a href=\"https:\/\/geografia.laguia2000.com\/wp-content\/uploads\/2022\/02\/Map-of-the-Mediterranean-sea.jpg\">https:\/\/geografia.laguia2000.com\/wp-content\/uploads\/2022\/02\/Map-of-the-Mediterranean-sea.jpg<\/a><\/p>\n","protected":false},"excerpt":{"rendered":"<p>Anque&#8217;l Mediterr\u00e1neu solo ocupa&#8217;l 0,7% de la superficie del oc\u00e9anu, alluga&#8217;l 7% de la fauna y el 18% de la flora marina mundial. Desgraciadamente, tami\u00e9n ye unu de los mares m\u00e1s contaminaos y calezse un 20% m\u00e1s r\u00e1pidu que la media global.\u00a0#D\u00edaDelMediterr\u00e1neo \ud83d\udc99<\/p>\n","protected":false},"author":117,"featured_media":0,"comment_status":"closed","ping_status":"closed","sticky":false,"template":"","format":"standard","meta":{"footnotes":""},"categories":[6],"tags":[],"class_list":["post-62612","post","type-post","status-publish","format-standard","hentry","category-dia-de"],"_links":{"self":[{"href":"https:\/\/edublog.educastur.es\/ixuxu\/wp-json\/wp\/v2\/posts\/62612","targetHints":{"allow":["GET"]}}],"collection":[{"href":"https:\/\/edublog.educastur.es\/ixuxu\/wp-json\/wp\/v2\/posts"}],"about":[{"href":"https:\/\/edublog.educastur.es\/ixuxu\/wp-json\/wp\/v2\/types\/post"}],"author":[{"embeddable":true,"href":"https:\/\/edublog.educastur.es\/ixuxu\/wp-json\/wp\/v2\/users\/117"}],"replies":[{"embeddable":true,"href":"https:\/\/edublog.educastur.es\/ixuxu\/wp-json\/wp\/v2\/comments?post=62612"}],"version-history":[{"count":4,"href":"https:\/\/edublog.educastur.es\/ixuxu\/wp-json\/wp\/v2\/posts\/62612\/revisions"}],"predecessor-version":[{"id":62616,"href":"https:\/\/edublog.educastur.es\/ixuxu\/wp-json\/wp\/v2\/posts\/62612\/revisions\/62616"}],"wp:attachment":[{"href":"https:\/\/edublog.educastur.es\/ixuxu\/wp-json\/wp\/v2\/media?parent=62612"}],"wp:term":[{"taxonomy":"category","embeddable":true,"href":"https:\/\/edublog.educastur.es\/ixuxu\/wp-json\/wp\/v2\/categories?post=62612"},{"taxonomy":"post_tag","embeddable":true,"href":"https:\/\/edublog.educastur.es\/ixuxu\/wp-json\/wp\/v2\/tags?post=62612"}],"curies":[{"name":"wp","href":"https:\/\/api.w.org\/{rel}","templated":true}]}}