{"id":62626,"date":"2025-12-01T08:44:01","date_gmt":"2025-12-01T06:44:01","guid":{"rendered":"https:\/\/edublog.educastur.es\/ixuxu\/?p=62626"},"modified":"2025-12-01T13:48:18","modified_gmt":"2025-12-01T11:48:18","slug":"la-primer-selmana-davientu-va-ser-lluviosa-nespana","status":"publish","type":"post","link":"https:\/\/edublog.educastur.es\/ixuxu\/2025\/12\/la-primer-selmana-davientu-va-ser-lluviosa-nespana\/","title":{"rendered":"La primer selmana d&#8217;avientu va ser lluviosa n&#8217;Espa\u00f1a"},"content":{"rendered":"<p style=\"text-align: center\"><a href=\"https:\/\/services.meteored.com\/img\/article\/tren-de-borrascas-en-los-proximos-10-dias-cuatro-frentes-con-lluvias-y-nieve-afectaran-espana-fechas-clave-1764498506176_1024.png\"><img loading=\"lazy\" decoding=\"async\" class=\"aligncenter size-large\" src=\"https:\/\/services.meteored.com\/img\/article\/tren-de-borrascas-en-los-proximos-10-dias-cuatro-frentes-con-lluvias-y-nieve-afectaran-espana-fechas-clave-1764498506176_1024.png\" width=\"1024\" height=\"714\" \/><\/a><\/p>\n<p><strong>La primer selmana d&#8217;avientu va ser lluviosa n&#8217;Espa\u00f1a<\/strong>, con una gradual desapaici\u00f3n de les xelaes, pero valores fr\u00edos tantu de d\u00eda como de nueche nel interior. <a href=\"https:\/\/www.tiempo.com\/noticias\/prediccion\/tren-de-borrascas-en-los-proximos-10-dias-cuatro-frentes-con-lluvias-y-nieve-afectaran-espana-fechas-clave.html\">Tiempo.com<\/a><\/p>\n<p><!--more--><\/p>\n<p>Delles comunidaes podr\u00eden atropar m\u00e1s de 100 l\/m2. <strong>Arrinca una primer selmana d&#8217;avientu que va tar marcada poles ag\u00fces y nevaes en cotes medies y altes.<\/strong> Ente&#8217;l llunes y mi\u00e9rcoles producir\u00e1 un desallugu d&#8217;aire fr\u00edo en forma d&#8217;una vaguada polar que va tomar tola Pen\u00ednsula y Baleares. Escontra&#8217;l vienres ye probable la formaci\u00f3n d&#8217;una umbada fr\u00eda aisllada nel Mediterr\u00e1neu, con tiempu lluviosu y daqu\u00e9 airosu nes comunidaes del llevante peninsular.<\/p>\n<p style=\"text-align: center\"><a href=\"https:\/\/services.meteored.com\/img\/video\/preview\/dailymotion-x9upqfc_1024.jpg\"><img loading=\"lazy\" decoding=\"async\" class=\"aligncenter size-large\" src=\"https:\/\/services.meteored.com\/img\/video\/preview\/dailymotion-x9upqfc_1024.jpg\" width=\"1024\" height=\"576\" \/><\/a><\/p>\n<p><strong>El mi\u00e9rcoles y el xueves van siguir les precipitaciones el mi\u00e9rcoles a veres del Cant\u00e1bricu<\/strong> y mit\u00e1 oeste de Galicia. Na primer met\u00e1 del d\u00eda va llover en bona parte d&#8217;Andaluc\u00eda, Castiella-La Mancha y Comunid\u00e1 de Madrid, con apertura d&#8217;escamplaes a partir de la tarde. El xueves va llegar otru frente activu al noroeste, con ag\u00fces abondoses en Galicia, <strong>cornisa cant\u00e1brica<\/strong>, meseta norte y Sierra de Madrid.<\/p>\n<p style=\"text-align: center\"><a href=\"https:\/\/services.meteored.com\/img\/article\/tren-de-borrascas-en-los-proximos-10-dias-cuatro-frentes-con-lluvias-y-nieve-afectaran-espana-fechas-clave-1764498347576_1024.png\"><img loading=\"lazy\" decoding=\"async\" class=\"aligncenter size-large\" src=\"https:\/\/services.meteored.com\/img\/article\/tren-de-borrascas-en-los-proximos-10-dias-cuatro-frentes-con-lluvias-y-nieve-afectaran-espana-fechas-clave-1764498347576_1024.png\" width=\"1024\" height=\"714\" \/><\/a><\/p>\n","protected":false},"excerpt":{"rendered":"<p>La primer selmana d&#8217;avientu va ser lluviosa n&#8217;Espa\u00f1a, con una gradual desapaici\u00f3n de les xelaes, pero valores fr\u00edos tantu de d\u00eda como de nueche nel interior. Tiempo.com<\/p>\n","protected":false},"author":117,"featured_media":0,"comment_status":"closed","ping_status":"closed","sticky":false,"template":"","format":"standard","meta":{"footnotes":""},"categories":[5],"tags":[],"class_list":["post-62626","post","type-post","status-publish","format-standard","hentry","category-tiempu"],"_links":{"self":[{"href":"https:\/\/edublog.educastur.es\/ixuxu\/wp-json\/wp\/v2\/posts\/62626","targetHints":{"allow":["GET"]}}],"collection":[{"href":"https:\/\/edublog.educastur.es\/ixuxu\/wp-json\/wp\/v2\/posts"}],"about":[{"href":"https:\/\/edublog.educastur.es\/ixuxu\/wp-json\/wp\/v2\/types\/post"}],"author":[{"embeddable":true,"href":"https:\/\/edublog.educastur.es\/ixuxu\/wp-json\/wp\/v2\/users\/117"}],"replies":[{"embeddable":true,"href":"https:\/\/edublog.educastur.es\/ixuxu\/wp-json\/wp\/v2\/comments?post=62626"}],"version-history":[{"count":3,"href":"https:\/\/edublog.educastur.es\/ixuxu\/wp-json\/wp\/v2\/posts\/62626\/revisions"}],"predecessor-version":[{"id":62629,"href":"https:\/\/edublog.educastur.es\/ixuxu\/wp-json\/wp\/v2\/posts\/62626\/revisions\/62629"}],"wp:attachment":[{"href":"https:\/\/edublog.educastur.es\/ixuxu\/wp-json\/wp\/v2\/media?parent=62626"}],"wp:term":[{"taxonomy":"category","embeddable":true,"href":"https:\/\/edublog.educastur.es\/ixuxu\/wp-json\/wp\/v2\/categories?post=62626"},{"taxonomy":"post_tag","embeddable":true,"href":"https:\/\/edublog.educastur.es\/ixuxu\/wp-json\/wp\/v2\/tags?post=62626"}],"curies":[{"name":"wp","href":"https:\/\/api.w.org\/{rel}","templated":true}]}}