{"id":62645,"date":"2025-11-30T17:30:32","date_gmt":"2025-11-30T15:30:32","guid":{"rendered":"https:\/\/edublog.educastur.es\/ixuxu\/?p=62645"},"modified":"2025-12-01T19:06:43","modified_gmt":"2025-12-01T17:06:43","slug":"fondures-un-poemariu-mineru","status":"publish","type":"post","link":"https:\/\/edublog.educastur.es\/ixuxu\/2025\/11\/fondures-un-poemariu-mineru\/","title":{"rendered":"\u00abFondures\u00bb, un poemariu mineru"},"content":{"rendered":"<div class=\"html-div xdj266r x14z9mp xat24cr x1lziwak xsag5q8 xz9dl7a xv54qhq xf7dkkf x1jx94hy\">\n<div class=\"html-div xdj266r x14z9mp xat24cr x1lziwak xexx8yu xyri2b x18d9i69 x1c1uobl x78zum5 x1q0g3np x1ba4aug\">\n<div class=\"html-div xdj266r x14z9mp xat24cr x1lziwak xexx8yu xyri2b x18d9i69 x1c1uobl x1iyjqo2 xeuugli\">\n<div class=\"x78zum5 xdt5ytf xz62fqu x16ldp7u\">\n<div class=\"xu06os2 x1ok221b\">\n<ul>\n<li class=\"html-h5 x14z9mp xat24cr x1lziwak xexx8yu xyri2b x18d9i69 x1c1uobl x1vvkbs x1heor9g x1qlqyl8 x1pd3egz x1a2a7pz x1gslohp x1yc453h\"><span class=\"x78zum5 x1q0g3np\"><span class=\"x1lliihq x6ikm8r x10wlt62 x1n2onr6 xlyipyv xuxw1ft\"><span class=\"xt0psk2\"><a class=\"x1i10hfl xjbqb8w x1ejq31n x18oe1m7 x1sy0etr xstzfhl x972fbf x10w94by x1qhh985 x14e42zd x9f619 x1ypdohk xt0psk2 x3ct3a4 xdj266r x14z9mp xat24cr x1lziwak xexx8yu xyri2b x18d9i69 x1c1uobl x16tdsg8 x1hl2dhg xggy1nq x1a2a7pz xkrqix3 x1sur9pj xzsf02u x1s688f\" role=\"link\" href=\"https:\/\/www.facebook.com\/david.fueyo?__cft__[0]=AZVn0Trh4vXE9LJkyJkGubX7qNSIkeIf7aOCI4GrleZOEL3dWbtbWMGMJwfE-nCRfWF_4yF9cL4l7PwdnpbFIz0LC6y21TfO6OWy1vlrNZ3aXOSv01v2w7T5dlyb3d5llu3kF3OVL1z09cBDPk4q5413GMqINNbPDBLMYMQw1MXXqR5pG6hSfCVNH4jXVPjQDUG6EoDnacMM8R2hsGAnHpmd&amp;__tn__=-UC%2CPH-R\"><b class=\"html-b xdj266r x14z9mp xat24cr x1lziwak xexx8yu xyri2b x18d9i69 x1c1uobl x1hl2dhg x16tdsg8 x1vvkbs x1s688f\"><span class=\"html-span xdj266r x14z9mp xat24cr x1lziwak xexx8yu xyri2b x18d9i69 x1c1uobl x1hl2dhg x16tdsg8 x1vvkbs\">David Fueyo<\/span><\/b><\/a><\/span><\/span><\/span><\/li>\n<\/ul>\n<\/div>\n<div class=\"xu06os2 x1ok221b\">\n<div class=\"html-div xdj266r x14z9mp xat24cr x1lziwak xexx8yu xyri2b x18d9i69 x1c1uobl x6s0dn4 x17zd0t2 x78zum5 x1q0g3np x1a02dak\"><span style=\"color: #008080;font-size: 20px\"><em>\u00abFondures\u00bb ye un poemariu mineru con g\u00fceyos de nietu, biznietu y tataranietu de mineru. Con g\u00fceyos del nuesu tiempu que mira al ayeri, al g\u00fcei y al ma\u00f1ana d&#8217;una mina a la que nunca bax\u00e9, pero onde dende siempres tuvi.<\/em><\/span><\/div>\n<\/div>\n<\/div>\n<\/div>\n<\/div>\n<\/div>\n<div class=\"html-div xdj266r x14z9mp xat24cr x1lziwak xexx8yu xyri2b x18d9i69 x1c1uobl\">\n<div class=\"html-div xdj266r x14z9mp xat24cr x1lziwak xexx8yu xyri2b x18d9i69 x1c1uobl\" dir=\"auto\">\n<div class=\"html-div xdj266r x14z9mp xat24cr x1lziwak xexx8yu xyri2b x18d9i69 x1c1uobl\" dir=\"auto\">\n<div class=\"html-div xdj266r x14z9mp xat24cr x1lziwak xexx8yu xyri2b x18d9i69 x1c1uobl\" data-ad-rendering-role=\"story_message\">\n<div class=\"x1l90r2v x1iorvi4 x1g0dm76 xpdmqnj\" data-ad-comet-preview=\"message\" data-ad-preview=\"message\">\n<div class=\"x78zum5 xdt5ytf xz62fqu x16ldp7u\">\n<div class=\"xu06os2 x1ok221b\">\n<div class=\"html-div xdj266r x14z9mp xat24cr x1lziwak xexx8yu xyri2b x18d9i69 x1c1uobl\">\n<div class=\"xdj266r x14z9mp xat24cr x1lziwak x1vvkbs x126k92a\">\n<div dir=\"auto\"><\/div>\n<\/div>\n<div dir=\"auto\" style=\"text-align: center\">\n<!-- iframe plugin v.6.0 wordpress.org\/plugins\/iframe\/ -->\n<iframe loading=\"lazy\" src=\"https:\/\/www.facebook.com\/plugins\/post.php?href=https%3A%2F%2Fwww.facebook.com%2Fphoto.php%3Ffbid%3D10230982919289725%26set%3Da.2121368747072%26type%3D3&#038;show_text=false&#038;width=500\" width=\"500\" height=\"761\" style=\"border:none;overflow:hidden\" scrolling=\"no\" frameborder=\"0\" allowfullscreen=\"true\" allow=\"autoplay; clipboard-write; encrypted-media; picture-in-picture; web-share\" 0=\"\/iframe\" class=\"iframe-class\"><\/iframe>\n<\/div>\n<div dir=\"auto\"><\/div>\n<div class=\"xdj266r x14z9mp xat24cr x1lziwak x1vvkbs x126k92a\">\n<div dir=\"auto\"><!--more--><\/div>\n<div dir=\"auto\"><em><span style=\"font-size: 20px;color: #008080\">La mina taba, y ta, nes conversaciones de la mio casa, nes espresiones, na forma d&#8217;entender la vida. \u00abFondures\u00bb ye un poemariu que s&#8217;escribi\u00f3 a poco fueu y col coraz\u00f3n. <\/span><\/em><\/div>\n<div dir=\"auto\"><\/div>\n<div dir=\"auto\"><em><span style=\"font-size: 20px;color: #008080\">Na semeya ta la \u1e37\u1e37\u00e1mpara del mio g\u00fcelu Dionisio, el que me punxo nome y el que siempres en vida y dempu\u00e9s d&#8217;ella signific\u00f3 pa mi la mina y el so sufrimientu. <\/span><\/em><\/div>\n<div dir=\"auto\"><\/div>\n<div dir=\"auto\"><em><span style=\"font-size: 20px;color: #008080\">Dambos, el mio g\u00fcelu y la so \u1e37\u1e37\u00e1mpara, tienen el so sitiu nos versos del poemariu. Ten\u00eda qu&#8217;escribilo y y\u00e1 lo fixi. Espero qu&#8217;onde tea, \u00e9l tea siquier un pocu de lo arguyoso que toi yo de ser el so nietu; el nietu d&#8217;un mineru.<\/span><\/em><\/div>\n<div dir=\"auto\"><\/div>\n<\/div>\n<div class=\"x14z9mp xat24cr x1lziwak x1vvkbs xtlvy1s x126k92a\">\n<div dir=\"auto\"><\/div>\n<\/div>\n<\/div>\n<\/div>\n<\/div>\n<\/div>\n<\/div>\n<\/div>\n<\/div>\n<\/div>\n<p>&nbsp;<\/p>\n","protected":false},"excerpt":{"rendered":"<p>David Fueyo \u00abFondures\u00bb ye un poemariu mineru con g\u00fceyos de nietu, biznietu y tataranietu de mineru. Con g\u00fceyos del nuesu tiempu que mira al ayeri, al g\u00fcei y al ma\u00f1ana d&#8217;una mina a la que nunca bax\u00e9, pero onde dende siempres tuvi.<\/p>\n","protected":false},"author":117,"featured_media":0,"comment_status":"closed","ping_status":"closed","sticky":false,"template":"","format":"standard","meta":{"footnotes":""},"categories":[39],"tags":[],"class_list":["post-62645","post","type-post","status-publish","format-standard","hentry","category-poesia"],"_links":{"self":[{"href":"https:\/\/edublog.educastur.es\/ixuxu\/wp-json\/wp\/v2\/posts\/62645","targetHints":{"allow":["GET"]}}],"collection":[{"href":"https:\/\/edublog.educastur.es\/ixuxu\/wp-json\/wp\/v2\/posts"}],"about":[{"href":"https:\/\/edublog.educastur.es\/ixuxu\/wp-json\/wp\/v2\/types\/post"}],"author":[{"embeddable":true,"href":"https:\/\/edublog.educastur.es\/ixuxu\/wp-json\/wp\/v2\/users\/117"}],"replies":[{"embeddable":true,"href":"https:\/\/edublog.educastur.es\/ixuxu\/wp-json\/wp\/v2\/comments?post=62645"}],"version-history":[{"count":2,"href":"https:\/\/edublog.educastur.es\/ixuxu\/wp-json\/wp\/v2\/posts\/62645\/revisions"}],"predecessor-version":[{"id":62667,"href":"https:\/\/edublog.educastur.es\/ixuxu\/wp-json\/wp\/v2\/posts\/62645\/revisions\/62667"}],"wp:attachment":[{"href":"https:\/\/edublog.educastur.es\/ixuxu\/wp-json\/wp\/v2\/media?parent=62645"}],"wp:term":[{"taxonomy":"category","embeddable":true,"href":"https:\/\/edublog.educastur.es\/ixuxu\/wp-json\/wp\/v2\/categories?post=62645"},{"taxonomy":"post_tag","embeddable":true,"href":"https:\/\/edublog.educastur.es\/ixuxu\/wp-json\/wp\/v2\/tags?post=62645"}],"curies":[{"name":"wp","href":"https:\/\/api.w.org\/{rel}","templated":true}]}}