{"id":62647,"date":"2025-12-01T08:55:10","date_gmt":"2025-12-01T06:55:10","guid":{"rendered":"https:\/\/edublog.educastur.es\/ixuxu\/?p=62647"},"modified":"2025-12-01T18:54:29","modified_gmt":"2025-12-01T16:54:29","slug":"liviernu-meteoroloxicu-del-hemisferiu-norte-empieza-guei-1-davientu","status":"publish","type":"post","link":"https:\/\/edublog.educastur.es\/ixuxu\/2025\/12\/liviernu-meteoroloxicu-del-hemisferiu-norte-empieza-guei-1-davientu\/","title":{"rendered":"L&#8217;iviernu meteorol\u00f3xicu del hemisferiu norte empieza g\u00fcei, 1 d&#8217;avientu"},"content":{"rendered":"<p>\u2744 \u00bfPor qu\u00e9 l&#8217;iviernu meteorol\u00f3xicu del hemisferiu norte empieza g\u00fcei, 1 d&#8217;avientu, y non el 21 d&#8217;avientu? \ud83d\uddd3 Nesti carrusel falamos de les estaciones climatol\u00f3xiques o meteorol\u00f3xiques, de les sos diferencies coles estaciones astron\u00f3miques y de la so conveniencia para los estudios meteorol\u00f3xicu y clim\u00e1ticu.<\/p>\n<p style=\"text-align: center\"><span class=\"x193iq5w xeuugli x13faqbe x1vvkbs xt0psk2 x1i0vuye xvs91rp xo1l8bm x5n08af x10wh9bi xpm28yp x8viiok x1o7cslx x126k92a\"><span class=\"html-span xexx8yu x4uap5 x18d9i69 xkhd6sd x1hl2dhg x16tdsg8 x1vvkbs x3nfvp2 x1j61x8r x1fcty0u xdj266r xat24cr xgzva0m xhhsvwb xxymvpz xlup9mm x1kky2od\">\n<!-- iframe plugin v.6.0 wordpress.org\/plugins\/iframe\/ -->\n<iframe loading=\"lazy\" src=\"https:\/\/www.instagram.com\/reel\/DRuI0QEDbLF\/embed\" width=\"500\" height=\"675\" 0=\"\/iframe\" scrolling=\"yes\" class=\"iframe-class\" frameborder=\"0\"><\/iframe>\n<\/span><\/span><\/p>\n<p style=\"text-align: center\"><a href=\"https:\/\/www.instagram.com\/aemet_esp\/\">https:\/\/www.instagram.com\/aemet_esp\/<\/a><\/p>\n<p>L&#8217;Axencia Estatal de Meteorolox\u00eda participa dende 2017 nel <strong>programa de nomamientu d&#8217;umbaes con gran impactu<\/strong> nel senu d&#8217;EUMETNET, organizaci\u00f3n para la cooperaci\u00f3n de los servicios meteorol\u00f3xicos europeos.<\/p>\n<p><!--more--><\/p>\n<p>D&#8217;equ\u00ed p&#8217;arriba, am\u00e1s de les umbaes, tami\u00e9n <strong>van poder nomase aquelles danes que tea previstu que puedan provocar un gran impactu<\/strong>. El nomamientu de les danes m\u00e1s adverses va ayudar a evitar que se acomu\u00f1ar de manera un\u00edvoca al fen\u00f3menu con impactos graves o catastr\u00f3ficos.<\/p>\n<p style=\"text-align: center\"><span class=\"x193iq5w xeuugli x13faqbe x1vvkbs xt0psk2 x1i0vuye xvs91rp xo1l8bm x5n08af x10wh9bi xpm28yp x8viiok x1o7cslx x126k92a\"><span class=\"html-span xexx8yu x4uap5 x18d9i69 xkhd6sd x1hl2dhg x16tdsg8 x1vvkbs x3nfvp2 x1j61x8r x1fcty0u xdj266r xat24cr xgzva0m xhhsvwb xxymvpz xlup9mm x1kky2od\">\n<!-- iframe plugin v.6.0 wordpress.org\/plugins\/iframe\/ -->\n<iframe loading=\"lazy\" src=\"https:\/\/www.instagram.com\/reel\/DPd2b59DVlw\/embed\" width=\"500\" height=\"675\" 0=\"\/iframe\" scrolling=\"yes\" class=\"iframe-class\" frameborder=\"0\"><\/iframe>\n<\/span><\/span><\/p>\n<p>El nome dana provien del acr\u00f3nimo <strong>DANA (Depresi\u00f3n Aisllada en Niveles Altos)<\/strong>. Pola so naturaleza, son sistemes d&#8217;evoluci\u00f3n complexa y mala predicci\u00f3n. En conxunci\u00f3n con otros factores, son capaces de xenerar precipitaciones (ag\u00fces y nevaes) bien intenses, localmente enchentes, y nubes con gran impactu.<\/p>\n","protected":false},"excerpt":{"rendered":"<p>\u2744 \u00bfPor qu\u00e9 l&#8217;iviernu meteorol\u00f3xicu del hemisferiu norte empieza g\u00fcei, 1 d&#8217;avientu, y non el 21 d&#8217;avientu? \ud83d\uddd3 Nesti carrusel falamos de les estaciones climatol\u00f3xiques o meteorol\u00f3xiques, de les sos diferencies coles estaciones astron\u00f3miques y de la so conveniencia para los estudios meteorol\u00f3xicu y clim\u00e1ticu. https:\/\/www.instagram.com\/aemet_esp\/ L&#8217;Axencia Estatal de Meteorolox\u00eda participa dende 2017 nel programa [&hellip;]<\/p>\n","protected":false},"author":117,"featured_media":0,"comment_status":"closed","ping_status":"closed","sticky":false,"template":"","format":"standard","meta":{"footnotes":""},"categories":[46],"tags":[],"class_list":["post-62647","post","type-post","status-publish","format-standard","hentry","category-estaciones"],"_links":{"self":[{"href":"https:\/\/edublog.educastur.es\/ixuxu\/wp-json\/wp\/v2\/posts\/62647","targetHints":{"allow":["GET"]}}],"collection":[{"href":"https:\/\/edublog.educastur.es\/ixuxu\/wp-json\/wp\/v2\/posts"}],"about":[{"href":"https:\/\/edublog.educastur.es\/ixuxu\/wp-json\/wp\/v2\/types\/post"}],"author":[{"embeddable":true,"href":"https:\/\/edublog.educastur.es\/ixuxu\/wp-json\/wp\/v2\/users\/117"}],"replies":[{"embeddable":true,"href":"https:\/\/edublog.educastur.es\/ixuxu\/wp-json\/wp\/v2\/comments?post=62647"}],"version-history":[{"count":5,"href":"https:\/\/edublog.educastur.es\/ixuxu\/wp-json\/wp\/v2\/posts\/62647\/revisions"}],"predecessor-version":[{"id":62654,"href":"https:\/\/edublog.educastur.es\/ixuxu\/wp-json\/wp\/v2\/posts\/62647\/revisions\/62654"}],"wp:attachment":[{"href":"https:\/\/edublog.educastur.es\/ixuxu\/wp-json\/wp\/v2\/media?parent=62647"}],"wp:term":[{"taxonomy":"category","embeddable":true,"href":"https:\/\/edublog.educastur.es\/ixuxu\/wp-json\/wp\/v2\/categories?post=62647"},{"taxonomy":"post_tag","embeddable":true,"href":"https:\/\/edublog.educastur.es\/ixuxu\/wp-json\/wp\/v2\/tags?post=62647"}],"curies":[{"name":"wp","href":"https:\/\/api.w.org\/{rel}","templated":true}]}}