{"id":62719,"date":"2025-12-02T11:01:57","date_gmt":"2025-12-02T09:01:57","guid":{"rendered":"https:\/\/edublog.educastur.es\/ixuxu\/?p=62719"},"modified":"2025-12-02T11:03:05","modified_gmt":"2025-12-02T09:03:05","slug":"mercau-artesanu-davientu-en-xixon-6-8","status":"publish","type":"post","link":"https:\/\/edublog.educastur.es\/ixuxu\/2025\/12\/mercau-artesanu-davientu-en-xixon-6-8\/","title":{"rendered":"Merc\u00e1u Artesanu d&#8217;Avientu, en Xix\u00f3n, 6-8"},"content":{"rendered":"<p style=\"text-align: center\"><span class=\"x193iq5w xeuugli x13faqbe x1vvkbs xt0psk2 x1i0vuye xvs91rp xo1l8bm x5n08af x10wh9bi xpm28yp x8viiok x1o7cslx x126k92a\"><span class=\"html-span xexx8yu x4uap5 x18d9i69 xkhd6sd x1hl2dhg x16tdsg8 x1vvkbs x3nfvp2 x1j61x8r x1fcty0u xdj266r xat24cr xgzva0m xhhsvwb xxymvpz xlup9mm x1kky2od\">\n<!-- iframe plugin v.6.0 wordpress.org\/plugins\/iframe\/ -->\n<iframe loading=\"lazy\" src=\"https:\/\/www.instagram.com\/p\/DRuujRkDTIw\/embed\" width=\"500\" height=\"645\" 0=\"\/iframe\" scrolling=\"yes\" class=\"iframe-class\" frameborder=\"0\"><\/iframe>\n<\/span><\/span><\/p>\n<div class=\"x1xegmmw\">\n<div class=\"\"><\/div>\n<\/div>\n<div class=\"html-div xdj266r x14z9mp xat24cr x1lziwak xexx8yu xyri2b x18d9i69 x1c1uobl x9f619 xjbqb8w x78zum5 x15mokao x1ga7v0g x16uus16 xbiv7yw x1uhb9sk x1plvlek xryxfnj x1iyjqo2 x2lwn1j xeuugli x1q0g3np xqjyukv x1qjc9v5 x1oa3qoh x1nhvcw1\">\n<div class=\"html-div xdj266r x14z9mp xat24cr x1lziwak xexx8yu xyri2b x18d9i69 x1c1uobl x9f619 xjbqb8w x78zum5 x15mokao x1ga7v0g x16uus16 xbiv7yw x1uhb9sk x1plvlek xryxfnj x1iyjqo2 x2lwn1j xeuugli xdt5ytf xqjyukv x1qjc9v5 x1oa3qoh x1nhvcw1\">\n<div class=\"html-div xdj266r x14z9mp xat24cr x1lziwak xexx8yu xyri2b x18d9i69 x1c1uobl x9f619 xjbqb8w x78zum5 x15mokao x1ga7v0g x16uus16 xbiv7yw x1uhb9sk x1plvlek xryxfnj x1c4vz4f x2lah0s xdt5ytf xqjyukv x1qjc9v5 x1oa3qoh x1nhvcw1\">\n<div class=\"html-div xdj266r x14z9mp xat24cr x1lziwak xexx8yu xyri2b x18d9i69 x1c1uobl x9f619 xjbqb8w x78zum5 x15mokao x1ga7v0g x16uus16 xbiv7yw x1uhb9sk x1plvlek xryxfnj x1c4vz4f x2lah0s x1q0g3np xqjyukv x1qjc9v5 x1oa3qoh x1nhvcw1\"><em>\u00a0El primer rellumu de la Navid\u00e1 y\u00e1 ta equ\u00ed. Llegar a la Plaza Mayor n&#8217;avientu ye como entrar directamente nel coraz\u00f3n de la Navid\u00e1. Les lluces, el gran \u00e1rbol, l&#8217;allegr\u00eda y l&#8217;aire prometedor, paecen contener un pequenu xuxuriu d&#8217;empiezu.\u00a0Siempres pens\u00e9 qu&#8217;el MAE de \u201cAvientu\u201d nun anuncia la Navid\u00e1, sin\u00f3n que la inaugura.<\/em><\/div>\n<ul>\n<li>\ud83d\udccd Plaza Mayor \u00b7 Xix\u00f3n \/ \ud83d\uddd3 6, 7 y 8 d&#8217;avientu<\/li>\n<li>\u23f011:00\u201315:00 y 17:00\u201321:00 (llunes hasta les 20:00)<\/li>\n<li><a href=\"https:\/\/www.instagram.com\/mercado_artesano_ecologico\/\">https:\/\/www.instagram.com\/mercado_artesano_ecologico\/<\/a><\/li>\n<\/ul>\n<p><!--more--><\/p>\n<p><strong>Actividaes especiales<\/strong><\/p>\n<p>\u2022 Concursu infantil de postales de Navid\u00e1 de Caxa Rural d&#8217;Asturies . S\u00e1badu 6 y domingu 7<br \/>\n\u2022 D\u00eda de los Derechos Humanos con Amnist\u00eda Internacional. Llunes 8 \u00b7 Actividaes para toles edaes<br \/>\n\u2022 Programa COOPERA \u2014 Harambee Asturies (s\u00e1badu), Seronda (domingu) y Amnist\u00eda Internacional (llunes)<br \/>\n\u2022 Talleres ocupacionales de ValNal\u00f3n con adornos fechos a mano: AGISDEM, Residencia Emilio Meneses y La Uni\u00f3n<\/p>\n<p><strong>Un regalu inesterado.\u00a0<\/strong>Esta edici\u00f3n d\u00b4Avientu tr\u00e1ime tami\u00e9n otra hestoria. Una bien personal. Casi ensin buscalo, afay\u00e9 un nuevu cam\u00edn d&#8217;espresame:<strong> el grafitu.\u00a0<\/strong>Punxi a dibuxar ensin grandes mires, solo dex\u00e1ndome llevar y atop\u00e9 un xestu que paec\u00eda esperame dende diba tiempu. Una manera de trazar lluz con solombra, d&#8217;atopar fondura no senciello, de narrar dende lo m\u00e1s m\u00ednimo.<\/p>\n<p>La versi\u00f3n en grafitu del protagonista del cartelu naci\u00f3 asina, como un regalu inesper\u00e1u. Un pequenu milagru que solo asocede cuando te dexes esquizar, cuando la vida decide amosate un oficiu nuevu y tu, casi ensin date cuenta, reconocese como un don.<\/p>\n<p>Y en estes feches, nes que tou paez contener un simbolismu propiu, esi descubrimientu si\u00e9ntese como una se\u00f1al, la de qu&#8217;ent\u00e1 nos esperen talentos dorm\u00edos, dispuestos a espertar cuandoquier imaxinalo. Vemos na Plaza Mayor, onde empieza la Navid\u00e1.<a class=\"x1i10hfl xjbqb8w x1ejq31n x18oe1m7 x1sy0etr xstzfhl x972fbf x10w94by x1qhh985 x14e42zd x9f619 x1ypdohk xt0psk2 x3ct3a4 xdj266r x14z9mp xat24cr x1lziwak xexx8yu xyri2b x18d9i69 x1c1uobl x16tdsg8 x1hl2dhg xggy1nq x1a2a7pz _aa9_ _a6hd\" role=\"link\" href=\"https:\/\/www.instagram.com\/explore\/tags\/mercadoartesanoyecologico\/\">#mercadoartesanoyecologico<\/a><\/p>\n<\/div>\n<\/div>\n<\/div>\n<p>&nbsp;<\/p>\n","protected":false},"excerpt":{"rendered":"<p>\u00a0El primer rellumu de la Navid\u00e1 y\u00e1 ta equ\u00ed. Llegar a la Plaza Mayor n&#8217;avientu ye como entrar directamente nel coraz\u00f3n de la Navid\u00e1. Les lluces, el gran \u00e1rbol, l&#8217;allegr\u00eda y l&#8217;aire prometedor, paecen contener un pequenu xuxuriu d&#8217;empiezu.\u00a0Siempres pens\u00e9 qu&#8217;el MAE de \u201cAvientu\u201d nun anuncia la Navid\u00e1, sin\u00f3n que la inaugura. \ud83d\udccd Plaza Mayor [&hellip;]<\/p>\n","protected":false},"author":117,"featured_media":0,"comment_status":"closed","ping_status":"closed","sticky":false,"template":"","format":"standard","meta":{"footnotes":""},"categories":[400,290],"tags":[],"class_list":["post-62719","post","type-post","status-publish","format-standard","hentry","category-artesania","category-mercau"],"_links":{"self":[{"href":"https:\/\/edublog.educastur.es\/ixuxu\/wp-json\/wp\/v2\/posts\/62719","targetHints":{"allow":["GET"]}}],"collection":[{"href":"https:\/\/edublog.educastur.es\/ixuxu\/wp-json\/wp\/v2\/posts"}],"about":[{"href":"https:\/\/edublog.educastur.es\/ixuxu\/wp-json\/wp\/v2\/types\/post"}],"author":[{"embeddable":true,"href":"https:\/\/edublog.educastur.es\/ixuxu\/wp-json\/wp\/v2\/users\/117"}],"replies":[{"embeddable":true,"href":"https:\/\/edublog.educastur.es\/ixuxu\/wp-json\/wp\/v2\/comments?post=62719"}],"version-history":[{"count":4,"href":"https:\/\/edublog.educastur.es\/ixuxu\/wp-json\/wp\/v2\/posts\/62719\/revisions"}],"predecessor-version":[{"id":62723,"href":"https:\/\/edublog.educastur.es\/ixuxu\/wp-json\/wp\/v2\/posts\/62719\/revisions\/62723"}],"wp:attachment":[{"href":"https:\/\/edublog.educastur.es\/ixuxu\/wp-json\/wp\/v2\/media?parent=62719"}],"wp:term":[{"taxonomy":"category","embeddable":true,"href":"https:\/\/edublog.educastur.es\/ixuxu\/wp-json\/wp\/v2\/categories?post=62719"},{"taxonomy":"post_tag","embeddable":true,"href":"https:\/\/edublog.educastur.es\/ixuxu\/wp-json\/wp\/v2\/tags?post=62719"}],"curies":[{"name":"wp","href":"https:\/\/api.w.org\/{rel}","templated":true}]}}