{"id":62734,"date":"2025-12-02T08:30:05","date_gmt":"2025-12-02T06:30:05","guid":{"rendered":"https:\/\/edublog.educastur.es\/ixuxu\/?p=62734"},"modified":"2025-12-02T11:18:21","modified_gmt":"2025-12-02T09:18:21","slug":"el-tiempu-el-comercio-198","status":"publish","type":"post","link":"https:\/\/edublog.educastur.es\/ixuxu\/2025\/12\/el-tiempu-el-comercio-198\/","title":{"rendered":"El tiempu (El Comercio)"},"content":{"rendered":"<p><a href=\"https:\/\/s2.ppllstatics.com\/elcomercio\/www\/multimedia\/2025\/12\/01\/prevision-tiempo-asturias-kJUC-U2302588077118HVD-1200x870@El%20Comercio.jpg\"><img loading=\"lazy\" decoding=\"async\" class=\"aligncenter size-large\" src=\"https:\/\/s2.ppllstatics.com\/elcomercio\/www\/multimedia\/2025\/12\/01\/prevision-tiempo-asturias-kJUC-U2302588077118HVD-1200x870@El%20Comercio.jpg\" width=\"1200\" height=\"870\" \/><\/a><\/p>\n<p>Esperamos una ma\u00f1ana con cielos m\u00e1s abiertos anque les nubes van predominar escontra l&#8217;oeste y escontra el sur de la rex\u00f3n. <strong>Pela tarde<\/strong> la nubosidad podr\u00e1 xeneralizase y nun se refuguen bastios en cualquier puntu del Princip\u00e1u. Asina tou, cuanto m\u00e1s movamos escontra l&#8217;occidente y escontra el cordal la frecuencia de les precipitaciones va ser mayor. <strong>Los vientos<\/strong> van soplar de suroeste moderaes con raches m\u00e1s fluexes escontra l&#8217;oriente. <strong>Les temperatures m\u00e1ximes<\/strong> van baxar hasta 4 o 5 \u00baC nel sector oeste, hasta 2 o 3 \u00baC nel centru d&#8217;Asturies y a lo sumo 1 \u00baC respectu al llunes nel oriente. <strong>Les m\u00ednimes<\/strong> van xubir de forma xeneralizada y bien especialmente nel interior central asturiana. Ye importante destacar los avisos por aguaxe que l&#8217;Axencia Estatal de Meteorolox\u00eda va activar el martes. <strong>A les 12:00 hores del mediud\u00eda<\/strong> activar\u00e1se l&#8217;avisu mariellu por foles d&#8217;hasta 4 o 5 metros. Pero a partir de les 15:00 hores l&#8217;avisu va pasar a naranxa per aguaxe d&#8217;hasta 6 metros. Esti avisu va enllargase hasta les 20:00 hores de la tarde del mi\u00e9rcoles, momentu nel que va pasar a nivel mariellu hasta la medianueche.<\/p>\n","protected":false},"excerpt":{"rendered":"<p>Esperamos una ma\u00f1ana con cielos m\u00e1s abiertos anque les nubes van predominar escontra l&#8217;oeste y escontra el sur de la rex\u00f3n. Pela tarde la nubosidad podr\u00e1 xeneralizase y nun se refuguen bastios en cualquier puntu del Princip\u00e1u. Asina tou, cuanto m\u00e1s movamos escontra l&#8217;occidente y escontra el cordal la frecuencia de les precipitaciones va ser [&hellip;]<\/p>\n","protected":false},"author":117,"featured_media":0,"comment_status":"closed","ping_status":"closed","sticky":false,"template":"","format":"standard","meta":{"footnotes":""},"categories":[5],"tags":[],"class_list":["post-62734","post","type-post","status-publish","format-standard","hentry","category-tiempu"],"_links":{"self":[{"href":"https:\/\/edublog.educastur.es\/ixuxu\/wp-json\/wp\/v2\/posts\/62734","targetHints":{"allow":["GET"]}}],"collection":[{"href":"https:\/\/edublog.educastur.es\/ixuxu\/wp-json\/wp\/v2\/posts"}],"about":[{"href":"https:\/\/edublog.educastur.es\/ixuxu\/wp-json\/wp\/v2\/types\/post"}],"author":[{"embeddable":true,"href":"https:\/\/edublog.educastur.es\/ixuxu\/wp-json\/wp\/v2\/users\/117"}],"replies":[{"embeddable":true,"href":"https:\/\/edublog.educastur.es\/ixuxu\/wp-json\/wp\/v2\/comments?post=62734"}],"version-history":[{"count":1,"href":"https:\/\/edublog.educastur.es\/ixuxu\/wp-json\/wp\/v2\/posts\/62734\/revisions"}],"predecessor-version":[{"id":62735,"href":"https:\/\/edublog.educastur.es\/ixuxu\/wp-json\/wp\/v2\/posts\/62734\/revisions\/62735"}],"wp:attachment":[{"href":"https:\/\/edublog.educastur.es\/ixuxu\/wp-json\/wp\/v2\/media?parent=62734"}],"wp:term":[{"taxonomy":"category","embeddable":true,"href":"https:\/\/edublog.educastur.es\/ixuxu\/wp-json\/wp\/v2\/categories?post=62734"},{"taxonomy":"post_tag","embeddable":true,"href":"https:\/\/edublog.educastur.es\/ixuxu\/wp-json\/wp\/v2\/tags?post=62734"}],"curies":[{"name":"wp","href":"https:\/\/api.w.org\/{rel}","templated":true}]}}