{"id":62747,"date":"2025-12-03T09:10:59","date_gmt":"2025-12-03T07:10:59","guid":{"rendered":"https:\/\/edublog.educastur.es\/ixuxu\/?p=62747"},"modified":"2025-12-02T20:49:55","modified_gmt":"2025-12-02T18:49:55","slug":"villncicos-pa-cantar-a-e-infantil","status":"publish","type":"post","link":"https:\/\/edublog.educastur.es\/ixuxu\/2025\/12\/villncicos-pa-cantar-a-e-infantil\/","title":{"rendered":"Villancicos pa cantar a E. Infantil"},"content":{"rendered":"<p><span style=\"color: #800080;font-size: 20px\"><strong>1\u00ba Ciclu cantar\u00e1 a E. Infantil de 3 a\u00f1os<\/strong><\/span><\/p>\n<p style=\"text-align: center\"><span style=\"font-size: 24px;color: #008080\"><strong>\u00abLos tr\u00e9s Reis\u00bb <\/strong>de Xentiquina.<\/span><br \/>\n<span style=\"font-size: 24px;color: #008080\">Videu de Maestr\u00edn Astur.<\/span><\/p>\n\n<!-- iframe plugin v.6.0 wordpress.org\/plugins\/iframe\/ -->\n<iframe loading=\"lazy\" width=\"100%\" height=\"427\" src=\"https:\/\/www.youtube.com\/embed\/8twD_2ZbGOo\" title=\"\ud83c\udfb5 Los tres Reis | Villancicu n\u2019asturianu | Maestr\u00edn Astur\" frameborder=\"0\" allow=\"accelerometer; autoplay; clipboard-write; encrypted-media; gyroscope; picture-in-picture; web-share\" referrerpolicy=\"strict-origin-when-cross-origin\" 0=\"allowfullscreen\" 1=\"\/iframe\" scrolling=\"yes\" class=\"iframe-class\"><\/iframe>\n\n<p><!--more--><\/p>\n<ul>\n<li><a href=\"https:\/\/www.youtube.com\/embed\/SMNWg0UIO2M\"><strong>Con lletra<\/strong><\/a><\/li>\n<\/ul>\n\n<!-- iframe plugin v.6.0 wordpress.org\/plugins\/iframe\/ -->\n<iframe loading=\"lazy\" width=\"640\" height=\"360\" src=\"https:\/\/www.youtube.com\/embed\/SMNWg0UIO2M\" title=\"Los Tres Reis - Villancicu N&#039;Asturianu\" frameborder=\"0\" allow=\"accelerometer; autoplay; clipboard-write; encrypted-media; gyroscope; picture-in-picture; web-share\" referrerpolicy=\"strict-origin-when-cross-origin\" 0=\"allowfullscreen\" 1=\"\/iframe\" scrolling=\"yes\" class=\"iframe-class\"><\/iframe>\n\n<p style=\"text-align: center\"><span style=\"font-size: 24px\">Podemos completalo con \u00e9sti nuevu cantar\u00a0\u00a0<\/span><br \/>\n<span style=\"font-size: 24px\"><a href=\"https:\/\/youtu.be\/TIe1vi1Eze8\"><strong>\u00abLleg\u00f3 la navid\u00e1\u00bb<\/strong><\/a> \u00a0\ud83c\udf84 de <\/span><a class=\"yt-simple-endpoint style-scope yt-formatted-string\" href=\"https:\/\/www.youtube.com\/@Rapacinast\"><span style=\"font-size: 24px\">Rapacina<\/span><\/a><\/p>\n<p style=\"text-align: center\">\n<!-- iframe plugin v.6.0 wordpress.org\/plugins\/iframe\/ -->\n<iframe loading=\"lazy\" width=\"100%\" height=\"488\" src=\"https:\/\/www.youtube.com\/embed\/TIe1vi1Eze8\" title=\"\ud83c\udf84Villancicu: Lleg\u00f3 la navid\u00e1 | Canci\u00f3n infantil n&#039;asturianu \ud83c\udf84\" frameborder=\"0\" allow=\"accelerometer; autoplay; clipboard-write; encrypted-media; gyroscope; picture-in-picture; web-share\" referrerpolicy=\"strict-origin-when-cross-origin\" 0=\"allowfullscreen\" 1=\"\/iframe\" scrolling=\"yes\" class=\"iframe-class\"><\/iframe>\n<\/p>\n<div id=\"top-row\" class=\"style-scope ytd-watch-metadata\">\n<div id=\"owner\" class=\"item style-scope ytd-watch-metadata\">\n<div id=\"analytics-button\" class=\"style-scope ytd-video-owner-renderer\"><img loading=\"lazy\" decoding=\"async\" class=\"alignnone aligncenter\" src=\"https:\/\/encrypted-tbn0.gstatic.com\/images?q=tbn:ANd9GcTR28kVyfgd3qwCkn2ICP6JNBpKea-RZS3fF5sLEuFyAkmWuml3Qyn-alg-FidZmJD8Ug&amp;usqp=CAU\" width=\"338\" height=\"36\" \/><\/div>\n<\/div>\n<\/div>\n<p style=\"text-align: center\"><span style=\"font-size: 20px;color: #800080\"><strong>2\u00ba Ciclu cantar\u00e1 a E. Infantil 4 a\u00f1os<\/strong><\/span><br \/>\n<span style=\"color: #008080;font-size: 24px\"><strong>\u00abBaxen los pastores\u00bb<\/strong> de Nuberu<\/span><\/p>\n\n<!-- iframe plugin v.6.0 wordpress.org\/plugins\/iframe\/ -->\n<iframe loading=\"lazy\" width=\"100%\" height=\"423\" src=\"https:\/\/www.youtube.com\/embed\/Y1CWp62yAYY\" title=\"\ud83c\udfb5\u2728Xentiquina: Baxen los pastores | \ud83c\udf1f\ud83c\udfb6 Villancicu n\u00b4asturianu \ud83c\udf84\ud83d\uddfb\" frameborder=\"0\" allow=\"accelerometer; autoplay; clipboard-write; encrypted-media; gyroscope; picture-in-picture; web-share\" referrerpolicy=\"strict-origin-when-cross-origin\" 0=\"allowfullscreen\" 1=\"\/iframe\" scrolling=\"yes\" class=\"iframe-class\"><\/iframe>\n\n<p style=\"text-align: center\"><span style=\"font-size: 24px\">Podemos completalo con \u00e9sti nuevu cantar:<\/span><br \/>\n<span style=\"font-size: 24px\"><a href=\"https:\/\/youtu.be\/TIe1vi1Eze8\"><strong>\u00abLleg\u00f3 la navid\u00e1\u00bb<\/strong><\/a> \u00a0\ud83c\udf84 de <a class=\"yt-simple-endpoint style-scope yt-formatted-string\" href=\"https:\/\/www.youtube.com\/@Rapacinast\">Rapacina<\/a>\u00a0<\/span><\/p>\n\n<!-- iframe plugin v.6.0 wordpress.org\/plugins\/iframe\/ -->\n<iframe loading=\"lazy\" width=\"100%\" height=\"488\" src=\"https:\/\/www.youtube.com\/embed\/TIe1vi1Eze8\" title=\"\ud83c\udf84Villancicu: Lleg\u00f3 la navid\u00e1 | Canci\u00f3n infantil n&#039;asturianu \ud83c\udf84\" frameborder=\"0\" allow=\"accelerometer; autoplay; clipboard-write; encrypted-media; gyroscope; picture-in-picture; web-share\" referrerpolicy=\"strict-origin-when-cross-origin\" 0=\"allowfullscreen\" 1=\"\/iframe\" scrolling=\"yes\" class=\"iframe-class\"><\/iframe>\n\n<p><img loading=\"lazy\" decoding=\"async\" class=\"alignnone aligncenter\" src=\"https:\/\/encrypted-tbn0.gstatic.com\/images?q=tbn:ANd9GcTR28kVyfgd3qwCkn2ICP6JNBpKea-RZS3fF5sLEuFyAkmWuml3Qyn-alg-FidZmJD8Ug&amp;usqp=CAU\" width=\"338\" height=\"36\" \/><\/p>\n<p>&nbsp;<\/p>\n<p><span style=\"font-size: 20px\"><strong><span style=\"color: #800080\">3\u00ba Ciclu cantar\u00e1 a E. Infantil 5 a\u00f1os<\/span><\/strong><\/span><\/p>\n<p style=\"text-align: center\"><a href=\"https:\/\/www.youtube.com\/watch?v=zKBDAhuV53g&amp;list=OLAK5uy_nD3jCJWxxM9x3Cbo9epJBLufFtdLmAE8Y\"><span style=\"font-size: 24px\">\u00a0 <strong>\u00abNataliegu\u00bb<\/strong> Grupu \u00bfA\u00fa?<\/span><\/a><\/p>\n<p style=\"text-align: center\">\n<!-- iframe plugin v.6.0 wordpress.org\/plugins\/iframe\/ -->\n<iframe loading=\"lazy\" width=\"640\" height=\"360\" src=\"https:\/\/www.youtube.com\/embed\/-6XclB7wYV0\" title=\"VILLANCICU&#039;L NATALIEGU - VERSI\u00d3N FOLK GRUPU \u00bfA\u00da?\" frameborder=\"0\" allow=\"accelerometer; autoplay; clipboard-write; encrypted-media; gyroscope; picture-in-picture; web-share\" referrerpolicy=\"strict-origin-when-cross-origin\" 0=\"allowfullscreen\" 1=\"\/iframe\" scrolling=\"yes\" class=\"iframe-class\"><\/iframe>\n<\/p>\n<p style=\"text-align: center\"><span style=\"color: #008080;font-size: 24px\">Podemos completalo con esti cantar:<\/span><br \/>\n<span style=\"color: #008080;font-size: 24px\"><strong>\u00abBaxen los pastores\u00bb<\/strong> de Nuberu<\/span><\/p>\n<p style=\"text-align: center\">\n<!-- iframe plugin v.6.0 wordpress.org\/plugins\/iframe\/ -->\n<iframe loading=\"lazy\" width=\"100%\" height=\"423\" src=\"https:\/\/www.youtube.com\/embed\/Y1CWp62yAYY\" title=\"\ud83c\udfb5\u2728Xentiquina: Baxen los pastores | \ud83c\udf1f\ud83c\udfb6 Villancicu n\u00b4asturianu \ud83c\udf84\ud83d\uddfb\" frameborder=\"0\" allow=\"accelerometer; autoplay; clipboard-write; encrypted-media; gyroscope; picture-in-picture; web-share\" referrerpolicy=\"strict-origin-when-cross-origin\" 0=\"allowfullscreen\" 1=\"\/iframe\" scrolling=\"yes\" class=\"iframe-class\"><\/iframe>\n<\/p>\n","protected":false},"excerpt":{"rendered":"<p>1\u00ba Ciclu cantar\u00e1 a E. Infantil de 3 a\u00f1os \u00abLos tr\u00e9s Reis\u00bb de Xentiquina. Videu de Maestr\u00edn Astur.<\/p>\n","protected":false},"author":117,"featured_media":0,"comment_status":"closed","ping_status":"closed","sticky":false,"template":"","format":"standard","meta":{"footnotes":""},"categories":[76],"tags":[],"class_list":["post-62747","post","type-post","status-publish","format-standard","hentry","category-villancicos"],"_links":{"self":[{"href":"https:\/\/edublog.educastur.es\/ixuxu\/wp-json\/wp\/v2\/posts\/62747","targetHints":{"allow":["GET"]}}],"collection":[{"href":"https:\/\/edublog.educastur.es\/ixuxu\/wp-json\/wp\/v2\/posts"}],"about":[{"href":"https:\/\/edublog.educastur.es\/ixuxu\/wp-json\/wp\/v2\/types\/post"}],"author":[{"embeddable":true,"href":"https:\/\/edublog.educastur.es\/ixuxu\/wp-json\/wp\/v2\/users\/117"}],"replies":[{"embeddable":true,"href":"https:\/\/edublog.educastur.es\/ixuxu\/wp-json\/wp\/v2\/comments?post=62747"}],"version-history":[{"count":3,"href":"https:\/\/edublog.educastur.es\/ixuxu\/wp-json\/wp\/v2\/posts\/62747\/revisions"}],"predecessor-version":[{"id":62750,"href":"https:\/\/edublog.educastur.es\/ixuxu\/wp-json\/wp\/v2\/posts\/62747\/revisions\/62750"}],"wp:attachment":[{"href":"https:\/\/edublog.educastur.es\/ixuxu\/wp-json\/wp\/v2\/media?parent=62747"}],"wp:term":[{"taxonomy":"category","embeddable":true,"href":"https:\/\/edublog.educastur.es\/ixuxu\/wp-json\/wp\/v2\/categories?post=62747"},{"taxonomy":"post_tag","embeddable":true,"href":"https:\/\/edublog.educastur.es\/ixuxu\/wp-json\/wp\/v2\/tags?post=62747"}],"curies":[{"name":"wp","href":"https:\/\/api.w.org\/{rel}","templated":true}]}}