{"id":62798,"date":"2025-12-03T08:30:18","date_gmt":"2025-12-03T06:30:18","guid":{"rendered":"https:\/\/edublog.educastur.es\/ixuxu\/?p=62798"},"modified":"2025-12-03T19:32:39","modified_gmt":"2025-12-03T17:32:39","slug":"el-tiempu-el-comercio-199","status":"publish","type":"post","link":"https:\/\/edublog.educastur.es\/ixuxu\/2025\/12\/el-tiempu-el-comercio-199\/","title":{"rendered":"El tiempu (El Comercio)"},"content":{"rendered":"<p style=\"text-align: center\"><img decoding=\"async\" src=\"https:\/\/s2.ppllstatics.com\/elcomercio\/www\/multimedia\/2025\/12\/02\/prevision-tiempo-asturias-kp3C-U2302588077118HVD-1200x870@El%20Comercio.jpg\" \/><\/p>\n<p>Esperamos una xornada nubosa con posibilid\u00e1 de bastios que, anque van ser m\u00e1s frecuentes nel occidente y nel sur, tami\u00e9n van poder afectar a otros puntos de la rex\u00f3n sobremanera pela ma\u00f1ana. En principiu la tarde va presentase m\u00e1s estable pero con predominiu de nubosid\u00e1 igualmente. Los vientos prevense de suroeste con raches moderaes polo xeneral. Asina tou, podr\u00e1n rexistrase raches daqu\u00e9 m\u00e1s fuertes na mari\u00f1a y, mientres el tramu final del d\u00eda, tami\u00e9n s&#8217;esperen raches fuertes en puntos del occidente asturianu. Les temperatures apenes van variar tanto nel casu de les m\u00e1ximes como nel de les m\u00ednimes. S\u00eda que non, podr\u00eda esperimentase un llixeru ascensu de les m\u00ednimes nel oriente del Princip\u00e1u. La cota de nieve va rondar los 1400-1600 metros d&#8217;altor. L&#8217;Axencia Estatal de Meteorolox\u00eda va caltener l&#8217;avisu naranxa hasta les 20:00 hores en tola mari\u00f1a por foles d&#8217;hasta 6 metros d&#8217;altor. Esti avisu va baxar a nivel mariellu a partir d&#8217;esa hora por foles d&#8217;hasta 4 o 5 metros.<\/p>\n<p><!--more--><\/p>\n<p>El xueves vamos encarar un d\u00eda nel que volver\u00e1n predominar les nubes, los bastios van ser m\u00e1s probables y frecuentes y los vientos van soplar con fuerza especialmente na mari\u00f1a y occidente. En cuanto al avisu de foles reactivar\u00e1se&#8217;l nivel naranxa por foles d&#8217;hasta 6 metros. Les temperatures m\u00ednimes van xubir y les m\u00e1ximes van caltenese.<\/p>\n","protected":false},"excerpt":{"rendered":"<p>Esperamos una xornada nubosa con posibilid\u00e1 de bastios que, anque van ser m\u00e1s frecuentes nel occidente y nel sur, tami\u00e9n van poder afectar a otros puntos de la rex\u00f3n sobremanera pela ma\u00f1ana. En principiu la tarde va presentase m\u00e1s estable pero con predominiu de nubosid\u00e1 igualmente. Los vientos prevense de suroeste con raches moderaes polo [&hellip;]<\/p>\n","protected":false},"author":117,"featured_media":0,"comment_status":"closed","ping_status":"closed","sticky":false,"template":"","format":"standard","meta":{"footnotes":""},"categories":[5],"tags":[],"class_list":["post-62798","post","type-post","status-publish","format-standard","hentry","category-tiempu"],"_links":{"self":[{"href":"https:\/\/edublog.educastur.es\/ixuxu\/wp-json\/wp\/v2\/posts\/62798","targetHints":{"allow":["GET"]}}],"collection":[{"href":"https:\/\/edublog.educastur.es\/ixuxu\/wp-json\/wp\/v2\/posts"}],"about":[{"href":"https:\/\/edublog.educastur.es\/ixuxu\/wp-json\/wp\/v2\/types\/post"}],"author":[{"embeddable":true,"href":"https:\/\/edublog.educastur.es\/ixuxu\/wp-json\/wp\/v2\/users\/117"}],"replies":[{"embeddable":true,"href":"https:\/\/edublog.educastur.es\/ixuxu\/wp-json\/wp\/v2\/comments?post=62798"}],"version-history":[{"count":1,"href":"https:\/\/edublog.educastur.es\/ixuxu\/wp-json\/wp\/v2\/posts\/62798\/revisions"}],"predecessor-version":[{"id":62799,"href":"https:\/\/edublog.educastur.es\/ixuxu\/wp-json\/wp\/v2\/posts\/62798\/revisions\/62799"}],"wp:attachment":[{"href":"https:\/\/edublog.educastur.es\/ixuxu\/wp-json\/wp\/v2\/media?parent=62798"}],"wp:term":[{"taxonomy":"category","embeddable":true,"href":"https:\/\/edublog.educastur.es\/ixuxu\/wp-json\/wp\/v2\/categories?post=62798"},{"taxonomy":"post_tag","embeddable":true,"href":"https:\/\/edublog.educastur.es\/ixuxu\/wp-json\/wp\/v2\/tags?post=62798"}],"curies":[{"name":"wp","href":"https:\/\/api.w.org\/{rel}","templated":true}]}}