{"id":62800,"date":"2025-12-02T22:00:05","date_gmt":"2025-12-02T20:00:05","guid":{"rendered":"https:\/\/edublog.educastur.es\/ixuxu\/?p=62800"},"modified":"2025-12-03T11:27:27","modified_gmt":"2025-12-03T09:27:27","slug":"la-seleccion-de-futbol-femenina-campeona-de-la-nation-ligue","status":"publish","type":"post","link":"https:\/\/edublog.educastur.es\/ixuxu\/2025\/12\/la-seleccion-de-futbol-femenina-campeona-de-la-nation-ligue\/","title":{"rendered":"La selecci\u00f3n de f\u00fatbol femenina, campeona de la Women&#8217;s Nations League"},"content":{"rendered":"<ul>\n<li><span class=\"x193iq5w xeuugli x13faqbe x1vvkbs x1xmvt09 x1f6kntn xvq8zen xo1l8bm xi81zsa\"><span class=\"xt0psk2\"><span class=\"xjp7ctv\"><a class=\"x1i10hfl xjbqb8w x1ejq31n x18oe1m7 x1sy0etr xstzfhl x972fbf x10w94by x1qhh985 x14e42zd x9f619 x1ypdohk xt0psk2 x3ct3a4 xdj266r x14z9mp xat24cr x1lziwak xexx8yu xyri2b x18d9i69 x1c1uobl x16tdsg8 x1hl2dhg xggy1nq x1a2a7pz xkrqix3 x1sur9pj xzsf02u x1s688f\" role=\"link\" href=\"https:\/\/www.facebook.com\/WEURO2025?__cft__[0]=AZVRYDJrEFFxgNi1Pl-ievjLzTclq6T6p2VyC4VMjWHYJL1bNnEadCb8da-SivqFXFb8goakhGErSmRDVzUnt1KrI4ivNQd7uHHW4t1tMEGVvpkHJJ9YhwA71thCoFbXukPcpknL-DvNt3xIzShcLH0yz_MbKPXdqbBSHXDeFgR2eFS40RqbMtLLGk7iffJepSAgDO0YjGeQCuYz0ng1x5Ys&amp;__tn__=-UC*F\">UEFA Women&#8217;s EURO 2025<\/a> \/ <a href=\"https:\/\/rfef.es\/es\/noticias\/dos-de-dos-para-espana\">Noticia<\/a> \/ <\/span><\/span><\/span>\/<a class=\"x1i10hfl xjbqb8w x1ejq31n x18oe1m7 x1sy0etr xstzfhl x972fbf x10w94by x1qhh985 x14e42zd x9f619 x1ypdohk xt0psk2 x3ct3a4 xdj266r x14z9mp xat24cr x1lziwak xexx8yu xyri2b x18d9i69 x1c1uobl x16tdsg8 x1hl2dhg xggy1nq x1a2a7pz xkrqix3 x1sur9pj xzsf02u x1s688f\" role=\"link\" href=\"https:\/\/www.facebook.com\/sefutbolfem?__cft__[0]=AZUKnxVK1twYjjIy3z__P2gLuy5o_YLa7vG1FeVSQaOHEJXUFFxltiFwXXUkKWdlK8Q4Ch1MbLe_u8XIFrT416DwjBb39svpgUtsSJ6R6mGUP8Yh4apsrrpi5OeePf7iOlbyrvugJSDaoI1sfGVbBYUcg53NXLb3ZxAshVu8q1CDwU_R3vk9rStFW02_8bjMMq1BQXYAoJ63eHdnjMTRoZle&amp;__tn__=-UC*F\">Selecci\u00f3n Espa\u00f1ola Femenina de F\u00fatbol<\/a><\/li>\n<\/ul>\n<div class=\"x1cy8zhl x2bj2ny x78zum5 x1q0g3np\" style=\"text-align: center\">\n<div class=\"x1iyjqo2\">\n<div class=\"x78zum5 xdt5ytf xz62fqu x16ldp7u\" style=\"text-align: left\">Nuna nueche para siempres, Espa\u00f1a, la meyor Espa\u00f1a, conquist\u00f3&#8217;l cielu de Madrid, daqu\u00e9 indescribible lo viv\u00edo nel Metropolitanu. La Selecci\u00f3n femenina, \u00e9nte los g\u00fceyos del rei Felipe VI y n&#8217;alcordanza de les que nun pudieron tar, recuper\u00f3 les llaves del para\u00edsu y vuelve instalase ende, feliz cola so corona de la <span style=\"text-decoration: underline\"><strong><span style=\"color: #800080;text-decoration: underline\">UEFA Women\u2019s Nations League.<\/span><\/strong><\/span>\u00a0 Una exhibici\u00f3n pa l&#8217;alcordanza, xuna goliada \u00e9nte la todopoderosa Alema\u00f1a (3-0) pa faer bones les tables de la ida (0-0).<\/div>\n<div><\/div>\n<\/div>\n\n<!-- iframe plugin v.6.0 wordpress.org\/plugins\/iframe\/ -->\n<iframe loading=\"lazy\" width=\"100%\" height=\"440\" src=\"https:\/\/www.youtube.com\/embed\/9lkZ5g7_d6o\" title=\"RESUMEN | Espa\u00f1a 3-0 Alemania | Vuelta final UEFA Women&#039;s Nations League | \ud83d\udd34 SEFUTBOL\" frameborder=\"0\" allow=\"accelerometer; autoplay; clipboard-write; encrypted-media; gyroscope; picture-in-picture; web-share\" referrerpolicy=\"strict-origin-when-cross-origin\" 0=\"allowfullscreen\" 1=\"\/iframe\" scrolling=\"yes\" class=\"iframe-class\"><\/iframe>\n\n<\/div>\n<div><!--more--><\/div>\n<p style=\"text-align: center\"><a href=\"https:\/\/rfef.es\/sites\/default\/files\/styles\/noticias_image_content\/public\/n\/_ama0083.jpg.webp?itok=eeYP9MaH\"><img loading=\"lazy\" decoding=\"async\" class=\"aligncenter size-large\" src=\"https:\/\/rfef.es\/sites\/default\/files\/styles\/noticias_image_content\/public\/n\/_ama0083.jpg.webp?itok=eeYP9MaH\" width=\"960\" height=\"540\" \/><\/a><\/p>\n<p>&nbsp;<\/p>\n<p style=\"text-align: center\"><a href=\"https:\/\/pbs.twimg.com\/media\/G7L-VDTW8AA9qnv?format=jpg&amp;name=4096x4096\"><img loading=\"lazy\" decoding=\"async\" class=\"aligncenter size-large\" src=\"https:\/\/pbs.twimg.com\/media\/G7L-VDTW8AA9qnv?format=jpg&amp;name=4096x4096\" width=\"2160\" height=\"2700\" \/><\/a><\/p>\n<p style=\"text-align: center\"><a href=\"https:\/\/rfef.es\/sites\/default\/files\/styles\/noticias_image_content\/public\/n\/03_la_segunda_nations25_1600x900_1.png.webp?itok=KdqkhXxv\"><img loading=\"lazy\" decoding=\"async\" class=\"aligncenter size-large\" src=\"https:\/\/rfef.es\/sites\/default\/files\/styles\/noticias_image_content\/public\/n\/03_la_segunda_nations25_1600x900_1.png.webp?itok=KdqkhXxv\" width=\"960\" height=\"540\" \/><\/a><\/p>\n<p style=\"text-align: center\"><span class=\"x193iq5w xeuugli x13faqbe x1vvkbs xt0psk2 x1i0vuye xvs91rp xo1l8bm x5n08af x10wh9bi xpm28yp x8viiok x1o7cslx x126k92a\"><span class=\"html-span xexx8yu x4uap5 x18d9i69 xkhd6sd x1hl2dhg x16tdsg8 x1vvkbs x3nfvp2 x1j61x8r x1fcty0u xdj266r xat24cr xgzva0m xhhsvwb xxymvpz xlup9mm x1kky2od\">\n<!-- iframe plugin v.6.0 wordpress.org\/plugins\/iframe\/ -->\n<iframe loading=\"lazy\" src=\"https:\/\/www.instagram.com\/reel\/DRwcyX7jVwM\/embed\" width=\"540\" height=\"695\" 0=\"\/iframe\" scrolling=\"yes\" class=\"iframe-class\" frameborder=\"0\"><\/iframe>\n<\/span><\/span><\/p>\n","protected":false},"excerpt":{"rendered":"<p>UEFA Women&#8217;s EURO 2025 \/ Noticia \/ \/Selecci\u00f3n Espa\u00f1ola Femenina de F\u00fatbol Nuna nueche para siempres, Espa\u00f1a, la meyor Espa\u00f1a, conquist\u00f3&#8217;l cielu de Madrid, daqu\u00e9 indescribible lo viv\u00edo nel Metropolitanu. La Selecci\u00f3n femenina, \u00e9nte los g\u00fceyos del rei Felipe VI y n&#8217;alcordanza de les que nun pudieron tar, recuper\u00f3 les llaves del para\u00edsu y vuelve [&hellip;]<\/p>\n","protected":false},"author":117,"featured_media":0,"comment_status":"closed","ping_status":"closed","sticky":false,"template":"","format":"standard","meta":{"footnotes":""},"categories":[133,121],"tags":[],"class_list":["post-62800","post","type-post","status-publish","format-standard","hentry","category-deportes","category-muyeres"],"_links":{"self":[{"href":"https:\/\/edublog.educastur.es\/ixuxu\/wp-json\/wp\/v2\/posts\/62800","targetHints":{"allow":["GET"]}}],"collection":[{"href":"https:\/\/edublog.educastur.es\/ixuxu\/wp-json\/wp\/v2\/posts"}],"about":[{"href":"https:\/\/edublog.educastur.es\/ixuxu\/wp-json\/wp\/v2\/types\/post"}],"author":[{"embeddable":true,"href":"https:\/\/edublog.educastur.es\/ixuxu\/wp-json\/wp\/v2\/users\/117"}],"replies":[{"embeddable":true,"href":"https:\/\/edublog.educastur.es\/ixuxu\/wp-json\/wp\/v2\/comments?post=62800"}],"version-history":[{"count":10,"href":"https:\/\/edublog.educastur.es\/ixuxu\/wp-json\/wp\/v2\/posts\/62800\/revisions"}],"predecessor-version":[{"id":62810,"href":"https:\/\/edublog.educastur.es\/ixuxu\/wp-json\/wp\/v2\/posts\/62800\/revisions\/62810"}],"wp:attachment":[{"href":"https:\/\/edublog.educastur.es\/ixuxu\/wp-json\/wp\/v2\/media?parent=62800"}],"wp:term":[{"taxonomy":"category","embeddable":true,"href":"https:\/\/edublog.educastur.es\/ixuxu\/wp-json\/wp\/v2\/categories?post=62800"},{"taxonomy":"post_tag","embeddable":true,"href":"https:\/\/edublog.educastur.es\/ixuxu\/wp-json\/wp\/v2\/tags?post=62800"}],"curies":[{"name":"wp","href":"https:\/\/api.w.org\/{rel}","templated":true}]}}