{"id":62814,"date":"2025-12-03T09:00:04","date_gmt":"2025-12-03T07:00:04","guid":{"rendered":"https:\/\/edublog.educastur.es\/ixuxu\/?p=62814"},"modified":"2025-12-03T12:45:54","modified_gmt":"2025-12-03T10:45:54","slug":"dia-de-les-persones-con-discapacida","status":"publish","type":"post","link":"https:\/\/edublog.educastur.es\/ixuxu\/2025\/12\/dia-de-les-persones-con-discapacida\/","title":{"rendered":"D\u00eda de les Persones con Discapacid\u00e1"},"content":{"rendered":"<p style=\"text-align: center\"><a href=\"https:\/\/www.diainternacionalde.com\/imagenes\/dias\/12-03_dia-internacional-de-las-personas-con-discapacidad.jpg\"><img loading=\"lazy\" decoding=\"async\" class=\"aligncenter size-large\" src=\"https:\/\/www.diainternacionalde.com\/imagenes\/dias\/12-03_dia-internacional-de-las-personas-con-discapacidad.jpg\" width=\"305\" height=\"203\" \/><\/a><\/p>\n<p class=\"font-size-xxl margin-b-5 font-weight-b color-b-050 letter-spacing--1 fuente-corporativa\">La Xunta acueye un plenu inclusivu pa conmemorar el D\u00eda de les Persones con Discapacid\u00e1. Una oportunid\u00e1 pa recordar qu&#8217;ellos tami\u00e9n tienen voz y votu. La Xunta Xeneral del Princip\u00e1u acoy\u00f3 esti martes <strong>un plenu inclusivu pa conmemorar el D\u00eda de les Persones con Discapacid\u00e1<\/strong>. <a href=\"https:\/\/educastur-my.sharepoint.com\/personal\/sancrist_educastur_org\/_layouts\/15\/stream.aspx?id=%2Fpersonal%2Fsancrist_educastur_org%2FDocuments%2FD%C3%8DA+INTERNACIONAL+DE+LAS+PERSONAS+CON+DISCAPACIDAD.mp4&amp;nav=eyJyZWZlcnJhbEluZm8iOnsicmVmZXJyYWxBcHAiOiJTdHJlYW1XZWJBcHAiLCJyZWZlcnJhbFZpZXciOiJTaGFyZURpYWxvZy1MaW5rIiwicmVmZXJyYWxBcHBQbGF0Zm9ybSI6IldlYiIsInJlZmVycmFsTW9kZSI6InZpZXcifX0%3D&amp;ct=1764750706322&amp;or=OWA-NT-Mail&amp;cid=8cbe3ca4-3b61-4847-31a9-5883094ce46e&amp;ga=1&amp;startedResponseCatch=true&amp;referrer=StreamWebApp.Web&amp;referrerScenario=AddressBarCopied.view.870828b4-bfa7-4559-984a-bb4c1b59a806\" target=\"_blank\" rel=\"noopener\">V\u00eddeu.\u00a0 CEE San Crist\u00f3bal (Avil\u00e9s)<\/a><\/p>\n<p><em>Esti videu recueye pequenos momentos del d\u00eda ente d\u00eda del nuesu alumn\u00e1u, amosando les sos capacidaes, los sos talentos, les sos ganes y la diversid\u00e1 de formes d&#8217;aprender, participar y comunicase que tienen, seg\u00fan la so manera especial d&#8217;entender el mundu y d&#8217;enfrentase a cada retu.<\/em><\/p>\n<p><em>Al travi\u00e9s d&#8217;estes imaxes, convidamos a tola comunid\u00e1 educativa a cavilgar sobro la importancia de crear redolaes educatives onde toles persones, si\u00e9ntanse segures, quer\u00edes y valoraes, ayudales a desenvolvese dafechu y a crecer con enfotu.<\/em><\/p>\n<p><!--more--><\/p>\n<p><a href=\"https:\/\/www.rtpa.es\/fotos\/\/25\/12\/20251202145638_RTPA7423564.webp\"><img loading=\"lazy\" decoding=\"async\" class=\"aligncenter \" src=\"https:\/\/www.rtpa.es\/fotos\/\/25\/12\/20251202145638_RTPA7423564.webp\" width=\"642\" height=\"361\" \/><\/a><\/p>\n<p>Previamente, el sal\u00f3n Europa del parllamentu asturianu acoy\u00f3 la inauguraci\u00f3n de la esposici\u00f3n d\u2019arte inclusivu &#8216;\u00bfTe acuerdas de esta?&#8217;, entamada pola Fundaci\u00f3n Asturiana d\u2019Atenci\u00f3n y Protecci\u00f3n a Persones con Discapacidaes y\/o Dependencies (Fasad). El presidente de la Xunta Xeneral, Juan Cofi\u00f1o, convid\u00f3 a \u00abreflexonar sobre los desaf\u00edos a los que s\u2019enfrenten\u00bb les persones con discapacid\u00e1, \u00abpromover l\u2019inxerimientu y defender un futuru pa ellos accesible y equitativu\u00bb.<\/p>\n<p>El D\u00eda Internacional de les Persones con Discapacid\u00e1 celebra&#8217;l 3 d&#8217;avientu de cada a\u00f1u, una fecha establecida pola Asamblea Xeneral de les Naciones Xun\u00edes en 1992<strong> coles mires de promover los derechos y el bienestar de les persones con discapacid\u00e1 en tolos \u00e1mbitos de la socied\u00e1 y el desenvolvimientu, seg\u00fan aumentar la conciencia sobro la so situaci\u00f3n nos aspeutos pol\u00edticos, sociales, econ\u00f3micos y culturales de la vida diaria.<\/strong><\/p>\n<p>Angua\u00f1o, el lema oficial ye <strong><em><span style=\"color: #800080\">\u00abFomentar sociedaes inclusives pa impulsar el progresu social\u00bb<\/span><\/em><\/strong>, destacando la necesid\u00e1 de que les persones con discapacid\u00e1 non solo participen na socied\u00e1, sin\u00f3n que lideren tresformamientos y contribuyan viviegamente al desenvolvimientu.<\/p>\n","protected":false},"excerpt":{"rendered":"<p>La Xunta acueye un plenu inclusivu pa conmemorar el D\u00eda de les Persones con Discapacid\u00e1. Una oportunid\u00e1 pa recordar qu&#8217;ellos tami\u00e9n tienen voz y votu. La Xunta Xeneral del Princip\u00e1u acoy\u00f3 esti martes un plenu inclusivu pa conmemorar el D\u00eda de les Persones con Discapacid\u00e1. V\u00eddeu.\u00a0 CEE San Crist\u00f3bal (Avil\u00e9s) Esti videu recueye pequenos momentos [&hellip;]<\/p>\n","protected":false},"author":117,"featured_media":0,"comment_status":"closed","ping_status":"closed","sticky":false,"template":"","format":"standard","meta":{"footnotes":""},"categories":[6],"tags":[],"class_list":["post-62814","post","type-post","status-publish","format-standard","hentry","category-dia-de"],"_links":{"self":[{"href":"https:\/\/edublog.educastur.es\/ixuxu\/wp-json\/wp\/v2\/posts\/62814","targetHints":{"allow":["GET"]}}],"collection":[{"href":"https:\/\/edublog.educastur.es\/ixuxu\/wp-json\/wp\/v2\/posts"}],"about":[{"href":"https:\/\/edublog.educastur.es\/ixuxu\/wp-json\/wp\/v2\/types\/post"}],"author":[{"embeddable":true,"href":"https:\/\/edublog.educastur.es\/ixuxu\/wp-json\/wp\/v2\/users\/117"}],"replies":[{"embeddable":true,"href":"https:\/\/edublog.educastur.es\/ixuxu\/wp-json\/wp\/v2\/comments?post=62814"}],"version-history":[{"count":6,"href":"https:\/\/edublog.educastur.es\/ixuxu\/wp-json\/wp\/v2\/posts\/62814\/revisions"}],"predecessor-version":[{"id":62828,"href":"https:\/\/edublog.educastur.es\/ixuxu\/wp-json\/wp\/v2\/posts\/62814\/revisions\/62828"}],"wp:attachment":[{"href":"https:\/\/edublog.educastur.es\/ixuxu\/wp-json\/wp\/v2\/media?parent=62814"}],"wp:term":[{"taxonomy":"category","embeddable":true,"href":"https:\/\/edublog.educastur.es\/ixuxu\/wp-json\/wp\/v2\/categories?post=62814"},{"taxonomy":"post_tag","embeddable":true,"href":"https:\/\/edublog.educastur.es\/ixuxu\/wp-json\/wp\/v2\/tags?post=62814"}],"curies":[{"name":"wp","href":"https:\/\/api.w.org\/{rel}","templated":true}]}}