{"id":62822,"date":"2025-12-03T11:45:49","date_gmt":"2025-12-03T09:45:49","guid":{"rendered":"https:\/\/edublog.educastur.es\/ixuxu\/?p=62822"},"modified":"2025-12-03T20:05:31","modified_gmt":"2025-12-03T18:05:31","slug":"salu-propon-mazcarines-obligatories-en-centros-sanitarios","status":"publish","type":"post","link":"https:\/\/edublog.educastur.es\/ixuxu\/2025\/12\/salu-propon-mazcarines-obligatories-en-centros-sanitarios\/","title":{"rendered":"Sal\u00fa prop\u00f3n mazcarines obligatories en centros sanitarios"},"content":{"rendered":"<p class=\"padding-t-resp-not font-size-l fuente-corporativa font-weight-b\"><a href=\"https:\/\/www.rtpa.es\/noticias-nacional-ast\/2025-12-02\/Salu-propon-mazcarines-obligatories-en-centros-sanitarios-cuando-haya-picos-de-contaxu_111764673421.html\">Sal\u00fa prop\u00f3n mazcarines obligatories en centros sanitarios cuando haya picos de contaxu.<\/a><\/p>\n<p style=\"text-align: center\"><a href=\"https:\/\/www.rtpa.es\/fotos\/\/24\/01\/20240109135412_RTPA4454670.jpg\"><img loading=\"lazy\" decoding=\"async\" class=\"aligncenter size-large\" src=\"https:\/\/www.rtpa.es\/fotos\/\/24\/01\/20240109135412_RTPA4454670.jpg\" width=\"853\" height=\"480\" \/><\/a><\/p>\n<p class=\"font-size-m padding-b-20 font-weight-b margin-t-16\">Los niveles de riesgu m\u00eddense con indicadores como la tasa d&#8217;incidencia, hospitalizaciones, ocupaci\u00f3n de cames o ingresos n&#8217;UCI.<\/p>\n<p><!--more--><\/p>\n<p>El plan de mid\u00edes escontra los virus respiratorios 2025 recupera la mazcarina en centros sanitarios, que pasar\u00e1 de recomendada a obligatoria nos peores momentos de contaxos, y aconseya la reubicaci\u00f3n o baxa de los trabayadores de residencies y el refuerzu del teletrabayu.<\/p>\n<p>El protocolu de recomendaciones pal control de les infecciones respiratories agudes que debatir\u00e1 ma\u00f1ana la Comisi\u00f3n de Sal\u00fa P\u00fablica, al que tuvo accesu EFE, ye n\u2019esencia\u2019l mesmu que\u2019l Ministeriu de Sanid\u00e1 intent\u00f3 poner en marcha, ensin \u00e9xitu, la temporada pasada, con cuatro escenarios de riesgu y una serie de mid\u00edes asociaes a ca\u00fan.<\/p>\n<p>La so intenci\u00f3n ye \u00abfacilitar la coordinaci\u00f3n\u00bb y homoxeneizar actuaciones en tol territoriu, \u00abindependientemente de que cada comunid\u00e1 o ciud\u00e1 aut\u00f3noma afite tantes mid\u00edes complementaries como considere afayadices\u00bb.<\/p>\n<p>Los niveles de riesgu m\u00eddense con indicadores como la tasa d\u2019incidencia, hospitalizaciones, ocupaci\u00f3n de cames o ingresos n\u2019UCI, ente otros, que se saquen del Sistema de Vixilancia de les Infecciones Respiratories Agudes (SiVIRA), del rexistru de incapacidaes temporales (IT); del agua residual; el sistema de monitorizaci\u00f3n de la mortalid\u00e1 diaria (MoMo); el d\u2019Informaci\u00f3n de Vacunaciones (SIVAMIN) y la informaci\u00f3n auton\u00f3mica de capacid\u00e1 asistencial y ocupaci\u00f3n hospitalaria.<\/p>\n<p style=\"text-align: center\"><a href=\"https:\/\/estaticos-cdn.prensaiberica.es\/clip\/95744726-5987-4ff2-ba71-f4dd4b6c621f_16-9-discover-aspect-ratio_default_0.webp\"><img loading=\"lazy\" decoding=\"async\" class=\"aligncenter size-large\" src=\"https:\/\/estaticos-cdn.prensaiberica.es\/clip\/95744726-5987-4ff2-ba71-f4dd4b6c621f_16-9-discover-aspect-ratio_default_0.webp\" width=\"1200\" height=\"675\" \/><\/a><\/p>\n<p><strong>La incidencia del gripe dispar\u00f3se angua\u00f1o n&#8217;Espa\u00f1a antes de los previstu<\/strong>, obligando al Ministeriu de Sanid\u00e1 a alcordar coles comunidaes aut\u00f3nomes un protocolu com\u00fan d&#8217;actuaci\u00f3n qu&#8217;apuesta pola recuperaci\u00f3n del usu del m\u00e1zcaru en centros sanitarios y de persones mayores. <strong>N&#8217;Asturies, la incidencia dobl\u00f3se na \u00faltima selmana<\/strong>, seg\u00fan inform\u00f3 esta tarde la conseyera de Sal\u00fa, Concepci\u00f3n Saavedra, pasando de 37,4 en 63,4 casos por cada 100.000 habitantes.<\/p>\n<p>\u00abEl subtipo tipu &#8216;K&#8217; qu&#8217;hab\u00eda per Asturies y otres zones, que ten\u00eda una trasmisi\u00f3n m\u00e1s elevada, estabiliz\u00f3se y los casos vuelven ser mayoritariamente de gripe normal. Sicas\u00ed, d\u00edcennos que&#8217;l picu seldr\u00e1 en dos selmanes, pa navidaes\u00bb, esplic\u00f3 Saavedra.<\/p>\n","protected":false},"excerpt":{"rendered":"<p>Sal\u00fa prop\u00f3n mazcarines obligatories en centros sanitarios cuando haya picos de contaxu. Los niveles de riesgu m\u00eddense con indicadores como la tasa d&#8217;incidencia, hospitalizaciones, ocupaci\u00f3n de cames o ingresos n&#8217;UCI.<\/p>\n","protected":false},"author":117,"featured_media":0,"comment_status":"closed","ping_status":"closed","sticky":false,"template":"","format":"standard","meta":{"footnotes":""},"categories":[48],"tags":[],"class_list":["post-62822","post","type-post","status-publish","format-standard","hentry","category-salu"],"_links":{"self":[{"href":"https:\/\/edublog.educastur.es\/ixuxu\/wp-json\/wp\/v2\/posts\/62822","targetHints":{"allow":["GET"]}}],"collection":[{"href":"https:\/\/edublog.educastur.es\/ixuxu\/wp-json\/wp\/v2\/posts"}],"about":[{"href":"https:\/\/edublog.educastur.es\/ixuxu\/wp-json\/wp\/v2\/types\/post"}],"author":[{"embeddable":true,"href":"https:\/\/edublog.educastur.es\/ixuxu\/wp-json\/wp\/v2\/users\/117"}],"replies":[{"embeddable":true,"href":"https:\/\/edublog.educastur.es\/ixuxu\/wp-json\/wp\/v2\/comments?post=62822"}],"version-history":[{"count":4,"href":"https:\/\/edublog.educastur.es\/ixuxu\/wp-json\/wp\/v2\/posts\/62822\/revisions"}],"predecessor-version":[{"id":62849,"href":"https:\/\/edublog.educastur.es\/ixuxu\/wp-json\/wp\/v2\/posts\/62822\/revisions\/62849"}],"wp:attachment":[{"href":"https:\/\/edublog.educastur.es\/ixuxu\/wp-json\/wp\/v2\/media?parent=62822"}],"wp:term":[{"taxonomy":"category","embeddable":true,"href":"https:\/\/edublog.educastur.es\/ixuxu\/wp-json\/wp\/v2\/categories?post=62822"},{"taxonomy":"post_tag","embeddable":true,"href":"https:\/\/edublog.educastur.es\/ixuxu\/wp-json\/wp\/v2\/tags?post=62822"}],"curies":[{"name":"wp","href":"https:\/\/api.w.org\/{rel}","templated":true}]}}