{"id":62846,"date":"2025-12-03T08:40:58","date_gmt":"2025-12-03T06:40:58","guid":{"rendered":"https:\/\/edublog.educastur.es\/ixuxu\/?p=62846"},"modified":"2025-12-03T19:34:07","modified_gmt":"2025-12-03T17:34:07","slug":"estau-del-tiempu-miercoles-3-davientu","status":"publish","type":"post","link":"https:\/\/edublog.educastur.es\/ixuxu\/2025\/12\/estau-del-tiempu-miercoles-3-davientu\/","title":{"rendered":"Est\u00e1u del tiempu: Mi\u00e9rcoles 3 d&#8217;avientu"},"content":{"rendered":"<div class=\"html-div xdj266r xat24cr x1lziwak xexx8yu xyri2b x18d9i69 x1c1uobl x78zum5 x2lah0s xqtp20y x1xegmmw\">\n<div class=\"x1vqgdyp x100vrsf\">\n<div class=\"\"><\/div>\n<\/div>\n<\/div>\n<div class=\"html-div xdj266r x14z9mp xat24cr x1lziwak xexx8yu xyri2b x18d9i69 x1c1uobl x1iyjqo2 xeuugli\">\n<div class=\"x78zum5 xdt5ytf xz62fqu x16ldp7u\">\n<div class=\"xu06os2 x1ok221b\">\n<div class=\"html-div xdj266r x14z9mp xat24cr x1lziwak xexx8yu xyri2b x18d9i69 x1c1uobl\" data-ad-rendering-role=\"profile_name\">\n<ul>\n<li id=\"_r_1qq_\" class=\"html-h2 x14z9mp xat24cr x1lziwak xexx8yu xyri2b x18d9i69 x1c1uobl x1vvkbs x1heor9g x1qlqyl8 x1pd3egz x1a2a7pz x1gslohp x1yc453h\"><span class=\"x78zum5 x1q0g3np\"><span class=\"x1lliihq x6ikm8r x10wlt62 x1n2onr6 xlyipyv xuxw1ft\"><span class=\"xt0psk2\"><span class=\"xjp7ctv\"><a class=\"x1i10hfl xjbqb8w x1ejq31n x18oe1m7 x1sy0etr xstzfhl x972fbf x10w94by x1qhh985 x14e42zd x9f619 x1ypdohk xt0psk2 x3ct3a4 xdj266r x14z9mp xat24cr x1lziwak xexx8yu xyri2b x18d9i69 x1c1uobl x16tdsg8 x1hl2dhg xggy1nq x1a2a7pz xkrqix3 x1sur9pj xzsf02u x1s688f\" role=\"link\" href=\"https:\/\/www.facebook.com\/eltiempuenasturies?__cft__[0]=AZXnMSPMgC1dYcdoDByf42V9XWcnM3TXM8Gp0pmQFSz2R1euH0nfmGGZHO37ufj9l3Lf4KpnpWKnOfapAaywjhYBYXW-_Y33Y-YyfZcj009VDm32J2IkhgAdCGfvRjVum8IyJQkua9k1PM3aa7558T5D2_oUVnRtHxctDACnnsrTWuTDdSrOVP1yhqeBxJEtx64&amp;__tn__=-UC%2CP-R\"><b class=\"html-b xdj266r x14z9mp xat24cr x1lziwak xexx8yu xyri2b x18d9i69 x1c1uobl x1hl2dhg x16tdsg8 x1vvkbs x1s688f\"><span class=\"html-span xdj266r x14z9mp xat24cr x1lziwak xexx8yu xyri2b x18d9i69 x1c1uobl x1hl2dhg x16tdsg8 x1vvkbs\">El Tiempu n&#8217;Asturies.<\/span><\/b><\/a><\/span><\/span><\/span><\/span><\/li>\n<\/ul>\n<\/div>\n<\/div>\n<div class=\"xu06os2 x1ok221b\"><\/div>\n<\/div>\n<\/div>\n<div class=\"html-div xdj266r x14z9mp xat24cr x1lziwak xexx8yu xyri2b x18d9i69 x1c1uobl\" dir=\"auto\">\n<div class=\"html-div xdj266r x14z9mp xat24cr x1lziwak xexx8yu xyri2b x18d9i69 x1c1uobl\" data-ad-rendering-role=\"story_message\">\n<div id=\"_r_1qs_\" class=\"x1l90r2v x1iorvi4 x1g0dm76 xpdmqnj\" data-ad-comet-preview=\"message\" data-ad-preview=\"message\">\n<div class=\"x78zum5 xdt5ytf xz62fqu x16ldp7u\">\n<div class=\"xu06os2 x1ok221b\">\n<div class=\"html-div xdj266r x14z9mp xat24cr x1lziwak xexx8yu xyri2b x18d9i69 x1c1uobl\">\n<div class=\"x14z9mp xat24cr x1lziwak x1vvkbs xtlvy1s x126k92a\">\n<ul>\n<li dir=\"auto\"><strong><span style=\"color: #008080\">Alborecemos<\/span><\/strong> con intervalos nubosos entemecios ente dellos claros o abancios anque viendo la imaxen del sat\u00e9lite paez que va entrar nubosid\u00e1 compacta que vien acompangada de truena. Les temperatures tan alrodiu de los 6\u00baC y nel puirtu Payares rexisstren -2,6\u00baC.<\/li>\n<\/ul>\n<\/div>\n<div class=\"x14z9mp xat24cr x1lziwak x1vvkbs xtlvy1s x126k92a\">\n<ul>\n<li dir=\"auto\"><strong><span style=\"color: #008080\">G\u00fcei<\/span><\/strong> vamos tener nubosid\u00e1 m\u00e1s abondosa nel llitoral onde van tener dalg\u00fan xarabatu de calter moder\u00e1u durante la ma\u00f1ana ya pue venir acompang\u00e1u de truena. Nun se descarta nel restu de la fastera centru-oriental anque equ\u00ed van alternase les nubes con dellos claros o abancios. Les temperatures van camudar poco, calteni\u00e9ndose un ambiente fr\u00edu, sicas\u00ed al finar el d\u00eda pue templar dalgo y l&#8217;aire sedr\u00e1 gallegu con raches moderaes na costa y zones altes. La nieve surdir\u00e1 perriba de los 1400m<\/li>\n<\/ul>\n<p><!--more--><\/p>\n<\/div>\n<div class=\"x14z9mp xat24cr x1lziwak x1vvkbs xtlvy1s x126k92a\">\n<ul>\n<li dir=\"auto\"><strong><span style=\"color: #008080\">Ma\u00f1ana xueves<\/span><\/strong> un frente activu va dexanos precipitaciones d&#8217;oeste a este, sobre too pela tarde cuando puen ser moderaes y persistentes con unes temperatures que van camudar poco ya cola nieve que surdir\u00e1 perriba de los 1400m. L&#8217;aire gallegu seguir\u00e1 soplando con fuercia nel llitoral y cordelera.<\/li>\n<\/ul>\n<\/div>\n<div class=\"x14z9mp xat24cr x1lziwak x1vvkbs xtlvy1s x126k92a\">\n<ul>\n<li dir=\"auto\"><strong><span style=\"color: #008080\">El vienres<\/span><\/strong> l&#8217;aire \u00e1brigu templar\u00e1 l&#8217;ambiente abondu y nel cielu tendremos intervalos de nubosid\u00e1 media-alta, situaci\u00f3n que va estendese&#8217;l s\u00e1badu y domingu, sicas\u00ed estos d\u00edes veremos m\u00e1s el sol.<\/li>\n<\/ul>\n<\/div>\n<\/div>\n<\/div>\n<\/div>\n<\/div>\n<\/div>\n<\/div>\n<p>&nbsp;<\/p>\n","protected":false},"excerpt":{"rendered":"<p>El Tiempu n&#8217;Asturies. Alborecemos con intervalos nubosos entemecios ente dellos claros o abancios anque viendo la imaxen del sat\u00e9lite paez que va entrar nubosid\u00e1 compacta que vien acompangada de truena. Les temperatures tan alrodiu de los 6\u00baC y nel puirtu Payares rexisstren -2,6\u00baC. G\u00fcei vamos tener nubosid\u00e1 m\u00e1s abondosa nel llitoral onde van tener dalg\u00fan [&hellip;]<\/p>\n","protected":false},"author":117,"featured_media":0,"comment_status":"closed","ping_status":"closed","sticky":false,"template":"","format":"standard","meta":{"footnotes":""},"categories":[5],"tags":[],"class_list":["post-62846","post","type-post","status-publish","format-standard","hentry","category-tiempu"],"_links":{"self":[{"href":"https:\/\/edublog.educastur.es\/ixuxu\/wp-json\/wp\/v2\/posts\/62846","targetHints":{"allow":["GET"]}}],"collection":[{"href":"https:\/\/edublog.educastur.es\/ixuxu\/wp-json\/wp\/v2\/posts"}],"about":[{"href":"https:\/\/edublog.educastur.es\/ixuxu\/wp-json\/wp\/v2\/types\/post"}],"author":[{"embeddable":true,"href":"https:\/\/edublog.educastur.es\/ixuxu\/wp-json\/wp\/v2\/users\/117"}],"replies":[{"embeddable":true,"href":"https:\/\/edublog.educastur.es\/ixuxu\/wp-json\/wp\/v2\/comments?post=62846"}],"version-history":[{"count":1,"href":"https:\/\/edublog.educastur.es\/ixuxu\/wp-json\/wp\/v2\/posts\/62846\/revisions"}],"predecessor-version":[{"id":62847,"href":"https:\/\/edublog.educastur.es\/ixuxu\/wp-json\/wp\/v2\/posts\/62846\/revisions\/62847"}],"wp:attachment":[{"href":"https:\/\/edublog.educastur.es\/ixuxu\/wp-json\/wp\/v2\/media?parent=62846"}],"wp:term":[{"taxonomy":"category","embeddable":true,"href":"https:\/\/edublog.educastur.es\/ixuxu\/wp-json\/wp\/v2\/categories?post=62846"},{"taxonomy":"post_tag","embeddable":true,"href":"https:\/\/edublog.educastur.es\/ixuxu\/wp-json\/wp\/v2\/tags?post=62846"}],"curies":[{"name":"wp","href":"https:\/\/api.w.org\/{rel}","templated":true}]}}