{"id":62855,"date":"2025-12-04T08:30:47","date_gmt":"2025-12-04T06:30:47","guid":{"rendered":"https:\/\/edublog.educastur.es\/ixuxu\/?p=62855"},"modified":"2025-12-04T10:03:58","modified_gmt":"2025-12-04T08:03:58","slug":"el-tiempu-el-comercio-200","status":"publish","type":"post","link":"https:\/\/edublog.educastur.es\/ixuxu\/2025\/12\/el-tiempu-el-comercio-200\/","title":{"rendered":"El tiempu (El Comercio)"},"content":{"rendered":"<p style=\"text-align: center\"><a href=\"https:\/\/s2.ppllstatics.com\/elcomercio\/www\/multimedia\/2025\/12\/03\/prevision-tiempo-asturias-kr0H-U2302588077118HVD-1200x870@El%20Comercio.jpg\"><img loading=\"lazy\" decoding=\"async\" class=\"aligncenter size-large\" src=\"https:\/\/s2.ppllstatics.com\/elcomercio\/www\/multimedia\/2025\/12\/03\/prevision-tiempo-asturias-kr0H-U2302588077118HVD-1200x870@El%20Comercio.jpg\" width=\"1200\" height=\"870\" \/><\/a><\/p>\n<p>Va ser un d\u00eda bien inestable con precipitaciones que van afectar a tol Princip\u00e1u. <strong>Tantu pela ma\u00f1ana como pela tarde<\/strong> prevense cielos bien nublos que van dexar ag\u00fces que podr\u00eden aportar a localmente moderaes y, inclusive, persistentes. La met\u00e1 oriental va ser la m\u00e1s afectada rexistr\u00e1ndose, previsiblemente, les mayores cantidaes. <strong>La cota de nieve<\/strong> va bazcuyar ente los 1200 o 1300 metros anque na recta final del d\u00eda va xubir hasta los 1500 o 1600 metros. <strong>Los vientos<\/strong> van soplar de componente oeste moderaos con raches fuertes na mari\u00f1a y tami\u00e9n nel sector occidental.<\/p>\n<p><!--more--><\/p>\n<p>L&#8217;Axencia Estatal de Meteorolox\u00eda va tener activ\u00e1u l&#8217;avisu mariellu hasta les 10 hores de la ma\u00f1ana na mari\u00f1a por foles d&#8217;hasta 5 metros y, a partir d&#8217;esa hora, el nivel va pasar a naranxa mientres lo que reste de xornada por foles d&#8217;hasta 6 metros.<\/p>\n<p><strong>Les temperatures m\u00e1ximes<\/strong> van caltener ensin cambeos ente que les m\u00ednimes van xubir en toa Asturies.<\/p>\n<p><strong>El vienres<\/strong> el d\u00eda va ser m\u00e1s estable anque nun se refuguen dellos bastios escontra&#8217;l terciu oeste y nel cordal. Los vientos van predominar de suroeste moderaos con posibilid\u00e1 de dalguna racha fuerte. Les temperatures van xubir nel casu de les m\u00e1ximes m\u00e1s de 5 \u00baC en comparanza coles del xueves. Les m\u00ednimes tami\u00e9n van xubir en tola Comunid\u00e1 Aut\u00f3noma. Les foles ent\u00e1 podr\u00eden algamar los 4 o 5 metros mientres el vienres (avisu de nivel mariellu).<\/p>\n","protected":false},"excerpt":{"rendered":"<p>Va ser un d\u00eda bien inestable con precipitaciones que van afectar a tol Princip\u00e1u. Tantu pela ma\u00f1ana como pela tarde prevense cielos bien nublos que van dexar ag\u00fces que podr\u00eden aportar a localmente moderaes y, inclusive, persistentes. La met\u00e1 oriental va ser la m\u00e1s afectada rexistr\u00e1ndose, previsiblemente, les mayores cantidaes. La cota de nieve va [&hellip;]<\/p>\n","protected":false},"author":117,"featured_media":0,"comment_status":"closed","ping_status":"closed","sticky":false,"template":"","format":"standard","meta":{"footnotes":""},"categories":[5],"tags":[],"class_list":["post-62855","post","type-post","status-publish","format-standard","hentry","category-tiempu"],"_links":{"self":[{"href":"https:\/\/edublog.educastur.es\/ixuxu\/wp-json\/wp\/v2\/posts\/62855","targetHints":{"allow":["GET"]}}],"collection":[{"href":"https:\/\/edublog.educastur.es\/ixuxu\/wp-json\/wp\/v2\/posts"}],"about":[{"href":"https:\/\/edublog.educastur.es\/ixuxu\/wp-json\/wp\/v2\/types\/post"}],"author":[{"embeddable":true,"href":"https:\/\/edublog.educastur.es\/ixuxu\/wp-json\/wp\/v2\/users\/117"}],"replies":[{"embeddable":true,"href":"https:\/\/edublog.educastur.es\/ixuxu\/wp-json\/wp\/v2\/comments?post=62855"}],"version-history":[{"count":1,"href":"https:\/\/edublog.educastur.es\/ixuxu\/wp-json\/wp\/v2\/posts\/62855\/revisions"}],"predecessor-version":[{"id":62856,"href":"https:\/\/edublog.educastur.es\/ixuxu\/wp-json\/wp\/v2\/posts\/62855\/revisions\/62856"}],"wp:attachment":[{"href":"https:\/\/edublog.educastur.es\/ixuxu\/wp-json\/wp\/v2\/media?parent=62855"}],"wp:term":[{"taxonomy":"category","embeddable":true,"href":"https:\/\/edublog.educastur.es\/ixuxu\/wp-json\/wp\/v2\/categories?post=62855"},{"taxonomy":"post_tag","embeddable":true,"href":"https:\/\/edublog.educastur.es\/ixuxu\/wp-json\/wp\/v2\/tags?post=62855"}],"curies":[{"name":"wp","href":"https:\/\/api.w.org\/{rel}","templated":true}]}}