{"id":62878,"date":"2025-12-05T08:30:32","date_gmt":"2025-12-05T06:30:32","guid":{"rendered":"https:\/\/edublog.educastur.es\/ixuxu\/?p=62878"},"modified":"2025-12-05T10:02:30","modified_gmt":"2025-12-05T08:02:30","slug":"el-tiempu-el-comercio-201","status":"publish","type":"post","link":"https:\/\/edublog.educastur.es\/ixuxu\/2025\/12\/el-tiempu-el-comercio-201\/","title":{"rendered":"El tiempu (El Comercio)"},"content":{"rendered":"<p><img decoding=\"async\" src=\"https:\/\/s2.ppllstatics.com\/elcomercio\/www\/multimedia\/2025\/12\/04\/prevision-tiempo-asturias-kBBI-U2302588077118HVD-1200x870@El%20Comercio.jpg\" \/><\/p>\n<p>&nbsp;<\/p>\n<p>Atopamos una umbada nel Atl\u00e1nticu norte y un anticicl\u00f3n nel norte d&#8217;\u00c1frica. Ente ellos forma un pasiellu de vientos de suroeste qu&#8217;arreciar\u00e1n con cierta fuerza nel cordal, mari\u00f1a y tami\u00e9n nel sector occidental asturianu. Gracies a estos vientos<strong> les temperatures m\u00e1ximes<\/strong> van esperimentar un importante ascensu. Concretamente, van xubir m\u00e1s de 5 \u00baC en tola rex\u00f3n pudiendo ser l&#8217;ascensu d&#8217;hasta 8 \u00baC respectu al xueves. <strong>Les m\u00ednimes<\/strong> van esperimentar llixeros ascensos nel occidente y apenes van variar nel restu del Princip\u00e1u. En cuanto al est\u00e1u de los cielos, esperamos nubosid\u00e1 con una mayor probabilid\u00e1 de precipitaciones cuanto m\u00e1s movamos escontra l&#8217;oeste y escontra el sur de la Comunid\u00e1 Aut\u00f3noma. Asina tou, nun se refuga que pueda escapase dalg\u00fan bastiu n&#8217;otros puntos de la rex\u00f3n, m\u00e1s probablemente pela ma\u00f1ana. <strong>Mientres tol vienres<\/strong> va tar activ\u00e1u l&#8217;avisu mariellu na mari\u00f1a por foles d&#8217;hasta 5 metros d&#8217;altor.<\/p>\n<p><!--more--><\/p>\n<p><strong>El s\u00e1badu<\/strong> va ser otra xornada marcada polos templaos vientos de suroeste que volver\u00e1n xubir les temperatures m\u00e1ximes y, nesti casu, especialmente les m\u00ednimes. Los cielos van presentase con intervalos de nubes medies y altes. L&#8217;avisu na mari\u00f1a por aguaxe va ser de nivel naranxa a partir de les 8:00 hores de la ma\u00f1ana por foles d&#8217;hasta 6 metros. Esti avisu va enllargase mientres tol s\u00e1badu.<\/p>\n","protected":false},"excerpt":{"rendered":"<p>&nbsp; Atopamos una umbada nel Atl\u00e1nticu norte y un anticicl\u00f3n nel norte d&#8217;\u00c1frica. Ente ellos forma un pasiellu de vientos de suroeste qu&#8217;arreciar\u00e1n con cierta fuerza nel cordal, mari\u00f1a y tami\u00e9n nel sector occidental asturianu. Gracies a estos vientos les temperatures m\u00e1ximes van esperimentar un importante ascensu. Concretamente, van xubir m\u00e1s de 5 \u00baC en [&hellip;]<\/p>\n","protected":false},"author":117,"featured_media":0,"comment_status":"closed","ping_status":"closed","sticky":false,"template":"","format":"standard","meta":{"footnotes":""},"categories":[5],"tags":[],"class_list":["post-62878","post","type-post","status-publish","format-standard","hentry","category-tiempu"],"_links":{"self":[{"href":"https:\/\/edublog.educastur.es\/ixuxu\/wp-json\/wp\/v2\/posts\/62878","targetHints":{"allow":["GET"]}}],"collection":[{"href":"https:\/\/edublog.educastur.es\/ixuxu\/wp-json\/wp\/v2\/posts"}],"about":[{"href":"https:\/\/edublog.educastur.es\/ixuxu\/wp-json\/wp\/v2\/types\/post"}],"author":[{"embeddable":true,"href":"https:\/\/edublog.educastur.es\/ixuxu\/wp-json\/wp\/v2\/users\/117"}],"replies":[{"embeddable":true,"href":"https:\/\/edublog.educastur.es\/ixuxu\/wp-json\/wp\/v2\/comments?post=62878"}],"version-history":[{"count":1,"href":"https:\/\/edublog.educastur.es\/ixuxu\/wp-json\/wp\/v2\/posts\/62878\/revisions"}],"predecessor-version":[{"id":62879,"href":"https:\/\/edublog.educastur.es\/ixuxu\/wp-json\/wp\/v2\/posts\/62878\/revisions\/62879"}],"wp:attachment":[{"href":"https:\/\/edublog.educastur.es\/ixuxu\/wp-json\/wp\/v2\/media?parent=62878"}],"wp:term":[{"taxonomy":"category","embeddable":true,"href":"https:\/\/edublog.educastur.es\/ixuxu\/wp-json\/wp\/v2\/categories?post=62878"},{"taxonomy":"post_tag","embeddable":true,"href":"https:\/\/edublog.educastur.es\/ixuxu\/wp-json\/wp\/v2\/tags?post=62878"}],"curies":[{"name":"wp","href":"https:\/\/api.w.org\/{rel}","templated":true}]}}