{"id":62904,"date":"2025-12-05T11:25:39","date_gmt":"2025-12-05T09:25:39","guid":{"rendered":"https:\/\/edublog.educastur.es\/ixuxu\/?p=62904"},"modified":"2025-12-05T11:52:28","modified_gmt":"2025-12-05T09:52:28","slug":"esta-navida-brinda-con-sidra-dasturies-notase","status":"publish","type":"post","link":"https:\/\/edublog.educastur.es\/ixuxu\/2025\/12\/esta-navida-brinda-con-sidra-dasturies-notase\/","title":{"rendered":"Brinda con sidra d&#8217;Asturies: N\u00f3tase cuando ye mazana asturiana"},"content":{"rendered":"<p style=\"text-align: center\"><span class=\"x193iq5w xeuugli x13faqbe x1vvkbs xt0psk2 x1i0vuye xvs91rp xo1l8bm x5n08af x10wh9bi xpm28yp x8viiok x1o7cslx x126k92a\"><span class=\"html-span xexx8yu x4uap5 x18d9i69 xkhd6sd x1hl2dhg x16tdsg8 x1vvkbs x3nfvp2 x1j61x8r x1fcty0u xdj266r xat24cr xgzva0m xhhsvwb xxymvpz xlup9mm x1kky2od\">\n<!-- iframe plugin v.6.0 wordpress.org\/plugins\/iframe\/ -->\n<iframe loading=\"lazy\" src=\"https:\/\/www.instagram.com\/p\/DRzPICiE_i5\/embed\" width=\"500\" height=\"675\" 0=\"\/iframe\" scrolling=\"yes\" class=\"iframe-class\" frameborder=\"0\"><\/iframe>\n<\/span><\/span><\/p>\n<p style=\"text-align: center\">Esta Navid\u00e1 brinda con sidra d&#8217;Asturies:<br \/>\n<span style=\"color: #008080\"><strong><span style=\"font-size: 20px\">N\u00f3tase cuando ye mazana asturiana.<\/span><\/strong><\/span><\/p>\n<p><!--more--><\/p>\n<p style=\"text-align: center\">\n<!-- iframe plugin v.6.0 wordpress.org\/plugins\/iframe\/ -->\n<iframe loading=\"lazy\" src=\"https:\/\/www.facebook.com\/plugins\/video.php?height=476&#038;href=https%3A%2F%2Fwww.facebook.com%2Freel%2F835052449452260%2F&#038;show_text=false&#038;width=476&#038;t=0\" width=\"476\" height=\"476\" style=\"border:none;overflow:hidden\" scrolling=\"no\" frameborder=\"0\" allowfullscreen=\"true\" allow=\"autoplay; clipboard-write; encrypted-media; picture-in-picture; web-share\" 0=\"\/iframe\" class=\"iframe-class\"><\/iframe>\n<\/p>\n<p>Caltien el lema &#8216;N\u00f3tase&#8217; para destacar el valor de la sidra esplumoso ellaborada con mazana 100% asturiana.<\/p>\n<p>Av\u00e9rase la Navid\u00e1 y ye hora de dir pensando con qu\u00e9 brindar. El Conseyu Regulador de la Denominaci\u00f3n d&#8217;Orixen Sidra d&#8217;Asturies apuesta pola sidra esplumosa, un productu que cada vez espierta m\u00e1s inter\u00e9s fora de la rex\u00f3n apunta Jorge Garc\u00eda, xerente Conseyu Regulador de la DOP Sidra d&#8217;Asturies.<\/p>\n<p>Volvieron usar el lema &#8216;N\u00f3tase&#8217; para poner en valor la sidra esplumoso ellaborada con mazana asturiana porque se nota se\u00f1ala Bego\u00f1a L\u00f3pez, directora xeneral de Desenvolvimientu Rural ya Industries Agraries del Princip\u00e1u.<\/p>\n<p>Seis llagares producen ocho marques de sidra esplumoso amparaes pola DOP, combinando tradici\u00f3n y calid\u00e1, y sofitando al mediu rural asturianu en cada botella.<\/p>\n<p style=\"text-align: center\"><a href=\"https:\/\/www.rtpa.es\/fotos\/\/25\/12\/20251203181251_RTPA7427970.webp\"><img loading=\"lazy\" decoding=\"async\" class=\"aligncenter size-large\" src=\"https:\/\/www.rtpa.es\/fotos\/\/25\/12\/20251203181251_RTPA7427970.webp\" width=\"853\" height=\"480\" \/><\/a><\/p>\n","protected":false},"excerpt":{"rendered":"<p>Esta Navid\u00e1 brinda con sidra d&#8217;Asturies: N\u00f3tase cuando ye mazana asturiana.<\/p>\n","protected":false},"author":117,"featured_media":0,"comment_status":"closed","ping_status":"closed","sticky":false,"template":"","format":"standard","meta":{"footnotes":""},"categories":[156],"tags":[],"class_list":["post-62904","post","type-post","status-publish","format-standard","hentry","category-sidre"],"_links":{"self":[{"href":"https:\/\/edublog.educastur.es\/ixuxu\/wp-json\/wp\/v2\/posts\/62904","targetHints":{"allow":["GET"]}}],"collection":[{"href":"https:\/\/edublog.educastur.es\/ixuxu\/wp-json\/wp\/v2\/posts"}],"about":[{"href":"https:\/\/edublog.educastur.es\/ixuxu\/wp-json\/wp\/v2\/types\/post"}],"author":[{"embeddable":true,"href":"https:\/\/edublog.educastur.es\/ixuxu\/wp-json\/wp\/v2\/users\/117"}],"replies":[{"embeddable":true,"href":"https:\/\/edublog.educastur.es\/ixuxu\/wp-json\/wp\/v2\/comments?post=62904"}],"version-history":[{"count":4,"href":"https:\/\/edublog.educastur.es\/ixuxu\/wp-json\/wp\/v2\/posts\/62904\/revisions"}],"predecessor-version":[{"id":62921,"href":"https:\/\/edublog.educastur.es\/ixuxu\/wp-json\/wp\/v2\/posts\/62904\/revisions\/62921"}],"wp:attachment":[{"href":"https:\/\/edublog.educastur.es\/ixuxu\/wp-json\/wp\/v2\/media?parent=62904"}],"wp:term":[{"taxonomy":"category","embeddable":true,"href":"https:\/\/edublog.educastur.es\/ixuxu\/wp-json\/wp\/v2\/categories?post=62904"},{"taxonomy":"post_tag","embeddable":true,"href":"https:\/\/edublog.educastur.es\/ixuxu\/wp-json\/wp\/v2\/tags?post=62904"}],"curies":[{"name":"wp","href":"https:\/\/api.w.org\/{rel}","templated":true}]}}