{"id":62918,"date":"2025-12-05T11:20:16","date_gmt":"2025-12-05T09:20:16","guid":{"rendered":"https:\/\/edublog.educastur.es\/ixuxu\/?p=62918"},"modified":"2025-12-05T11:55:44","modified_gmt":"2025-12-05T09:55:44","slug":"la-sidra-asturiano-celebra-laniversariu-como-patrimoniu-inmaterial-de-la-humanida","status":"publish","type":"post","link":"https:\/\/edublog.educastur.es\/ixuxu\/2025\/12\/la-sidra-asturiano-celebra-laniversariu-como-patrimoniu-inmaterial-de-la-humanida\/","title":{"rendered":"La sidra asturiano celebra l&#8217;aniversariu como Patrimoniu Inmaterial de la Humanid\u00e1"},"content":{"rendered":"<div class=\"html-div xdj266r x14z9mp xat24cr x1lziwak xexx8yu xyri2b x18d9i69 x1c1uobl\" dir=\"auto\">\n<div class=\"html-div xdj266r x14z9mp xat24cr x1lziwak xexx8yu xyri2b x18d9i69 x1c1uobl\" data-ad-rendering-role=\"story_message\">\n<div id=\"_r_19d_\" class=\"x1l90r2v x1iorvi4 x1g0dm76 xpdmqnj\" data-ad-comet-preview=\"message\" data-ad-preview=\"message\">\n<div class=\"x78zum5 xdt5ytf xz62fqu x16ldp7u\">\n<div class=\"xu06os2 x1ok221b\">\n<div class=\"html-div xdj266r x14z9mp xat24cr x1lziwak xexx8yu xyri2b x18d9i69 x1c1uobl\">\n<div class=\"xdj266r x14z9mp xat24cr x1lziwak x1vvkbs x126k92a\">\n<div dir=\"auto\"><span class=\"html-span xexx8yu xyri2b x18d9i69 x1c1uobl x1hl2dhg x16tdsg8 x1vvkbs x3nfvp2 x1j61x8r x1fcty0u xdj266r xat24cr xm2jcoa x1mpyi22 xxymvpz xlup9mm x1kky2od\"><img loading=\"lazy\" decoding=\"async\" class=\"xz74otr x15mokao x1ga7v0g x16uus16 xbiv7yw\" src=\"https:\/\/static.xx.fbcdn.net\/images\/emoji.php\/v9\/tbd\/1\/16\/1f34f.png\" alt=\"\ud83c\udf4f\" width=\"16\" height=\"16\" \/><\/span><span class=\"html-span xexx8yu xyri2b x18d9i69 x1c1uobl x1hl2dhg x16tdsg8 x1vvkbs x3nfvp2 x1j61x8r x1fcty0u xdj266r xat24cr xm2jcoa x1mpyi22 xxymvpz xlup9mm x1kky2od\"><img loading=\"lazy\" decoding=\"async\" class=\"xz74otr x15mokao x1ga7v0g x16uus16 xbiv7yw\" src=\"https:\/\/static.xx.fbcdn.net\/images\/emoji.php\/v9\/t19\/1\/16\/1f37e.png\" alt=\"\ud83c\udf7e\" width=\"16\" height=\"16\" \/><\/span>La sidra asturiano celebra l&#8217;aniversariu de la so declaraci\u00f3n como Patrimoniu Cultural Inmaterial de la Humanid\u00e1. <span class=\"html-span xdj266r x14z9mp xat24cr x1lziwak xexx8yu xyri2b x18d9i69 x1c1uobl x1hl2dhg x16tdsg8 x1vvkbs\"><a class=\"x1i10hfl xjbqb8w x1ejq31n x18oe1m7 x1sy0etr xstzfhl x972fbf x10w94by x1qhh985 x14e42zd x9f619 x1ypdohk xt0psk2 x3ct3a4 xdj266r x14z9mp xat24cr x1lziwak xexx8yu xyri2b x18d9i69 x1c1uobl x16tdsg8 x1hl2dhg xggy1nq x1a2a7pz xkrqix3 x1sur9pj x1fey0fg x1s688f\" role=\"link\" href=\"https:\/\/www.facebook.com\/hashtag\/sidraasturiana?__eep__=6&amp;__cft__[0]=AZV-U4FEQjDADpaO83kxRY5DPJ8KsVvWSDhe2eO2g9BB-GRXTneyhj6TcBsBiIjEK5WuFH7oztC7CnC1I9bIKjjAxBhQdoTL7MR_11yeAZCkTbAB1MTRrsYUUl_vulvlwgyF0O8OQqxQs953uXUy--fhQFWLFZcMJvDjIbsAcMciFxH4lnoWDaZkVsuARmSpSHp4BkTISZvbfhAXI1lgLziM&amp;__tn__=*NK-R\">#SidraAsturiana<\/a><\/span> <span class=\"html-span xdj266r x14z9mp xat24cr x1lziwak xexx8yu xyri2b x18d9i69 x1c1uobl x1hl2dhg x16tdsg8 x1vvkbs\"><a class=\"x1i10hfl xjbqb8w x1ejq31n x18oe1m7 x1sy0etr xstzfhl x972fbf x10w94by x1qhh985 x14e42zd x9f619 x1ypdohk xt0psk2 x3ct3a4 xdj266r x14z9mp xat24cr x1lziwak xexx8yu xyri2b x18d9i69 x1c1uobl x16tdsg8 x1hl2dhg xggy1nq x1a2a7pz xkrqix3 x1sur9pj x1fey0fg x1s688f\" role=\"link\" href=\"https:\/\/www.facebook.com\/hashtag\/patrimonio?__eep__=6&amp;__cft__[0]=AZV-U4FEQjDADpaO83kxRY5DPJ8KsVvWSDhe2eO2g9BB-GRXTneyhj6TcBsBiIjEK5WuFH7oztC7CnC1I9bIKjjAxBhQdoTL7MR_11yeAZCkTbAB1MTRrsYUUl_vulvlwgyF0O8OQqxQs953uXUy--fhQFWLFZcMJvDjIbsAcMciFxH4lnoWDaZkVsuARmSpSHp4BkTISZvbfhAXI1lgLziM&amp;__tn__=*NK-R\">#Patrimonio<\/a><\/span> <span class=\"html-span xdj266r x14z9mp xat24cr x1lziwak xexx8yu xyri2b x18d9i69 x1c1uobl x1hl2dhg x16tdsg8 x1vvkbs\"><a class=\"x1i10hfl xjbqb8w x1ejq31n x18oe1m7 x1sy0etr xstzfhl x972fbf x10w94by x1qhh985 x14e42zd x9f619 x1ypdohk xt0psk2 x3ct3a4 xdj266r x14z9mp xat24cr x1lziwak xexx8yu xyri2b x18d9i69 x1c1uobl x16tdsg8 x1hl2dhg xggy1nq x1a2a7pz xkrqix3 x1sur9pj x1fey0fg x1s688f\" role=\"link\" href=\"https:\/\/www.facebook.com\/hashtag\/aniversario?__eep__=6&amp;__cft__[0]=AZV-U4FEQjDADpaO83kxRY5DPJ8KsVvWSDhe2eO2g9BB-GRXTneyhj6TcBsBiIjEK5WuFH7oztC7CnC1I9bIKjjAxBhQdoTL7MR_11yeAZCkTbAB1MTRrsYUUl_vulvlwgyF0O8OQqxQs953uXUy--fhQFWLFZcMJvDjIbsAcMciFxH4lnoWDaZkVsuARmSpSHp4BkTISZvbfhAXI1lgLziM&amp;__tn__=*NK-R\">#Aniversario<\/a><\/span> <span class=\"html-span xdj266r x14z9mp xat24cr x1lziwak xexx8yu xyri2b x18d9i69 x1c1uobl x1hl2dhg x16tdsg8 x1vvkbs\"><a class=\"x1i10hfl xjbqb8w x1ejq31n x18oe1m7 x1sy0etr xstzfhl x972fbf x10w94by x1qhh985 x14e42zd x9f619 x1ypdohk xt0psk2 x3ct3a4 xdj266r x14z9mp xat24cr x1lziwak xexx8yu xyri2b x18d9i69 x1c1uobl x16tdsg8 x1hl2dhg xggy1nq x1a2a7pz xkrqix3 x1sur9pj x1fey0fg x1s688f\" role=\"link\" href=\"https:\/\/www.facebook.com\/hashtag\/asturias?__eep__=6&amp;__cft__[0]=AZV-U4FEQjDADpaO83kxRY5DPJ8KsVvWSDhe2eO2g9BB-GRXTneyhj6TcBsBiIjEK5WuFH7oztC7CnC1I9bIKjjAxBhQdoTL7MR_11yeAZCkTbAB1MTRrsYUUl_vulvlwgyF0O8OQqxQs953uXUy--fhQFWLFZcMJvDjIbsAcMciFxH4lnoWDaZkVsuARmSpSHp4BkTISZvbfhAXI1lgLziM&amp;__tn__=*NK-R\">#Asturias<\/a><\/span> <span class=\"html-span xexx8yu xyri2b x18d9i69 x1c1uobl x1hl2dhg x16tdsg8 x1vvkbs x3nfvp2 x1j61x8r x1fcty0u xdj266r xat24cr xm2jcoa x1mpyi22 xxymvpz xlup9mm x1kky2od\"><img loading=\"lazy\" decoding=\"async\" class=\"xz74otr x15mokao x1ga7v0g x16uus16 xbiv7yw\" src=\"https:\/\/static.xx.fbcdn.net\/images\/emoji.php\/v9\/t94\/1\/16\/1f49a.png\" alt=\"\ud83d\udc9a\" width=\"16\" height=\"16\" \/><\/span><span class=\"html-span xexx8yu xyri2b x18d9i69 x1c1uobl x1hl2dhg x16tdsg8 x1vvkbs x3nfvp2 x1j61x8r x1fcty0u xdj266r xat24cr xm2jcoa x1mpyi22 xxymvpz xlup9mm x1kky2od\"><img loading=\"lazy\" decoding=\"async\" class=\"xz74otr x15mokao x1ga7v0g x16uus16 xbiv7yw\" src=\"https:\/\/static.xx.fbcdn.net\/images\/emoji.php\/v9\/tf4\/1\/16\/2728.png\" alt=\"\u2728\" width=\"16\" height=\"16\" \/><\/span><\/div>\n<div dir=\"auto\" style=\"text-align: center\">\n<!-- iframe plugin v.6.0 wordpress.org\/plugins\/iframe\/ -->\n<iframe loading=\"lazy\" src=\"https:\/\/www.facebook.com\/plugins\/video.php?height=476&#038;href=https%3A%2F%2Fwww.facebook.com%2Freel%2F1173119037830738%2F&#038;show_text=false&#038;width=476&#038;t=0\" width=\"476\" height=\"476\" style=\"border:none;overflow:hidden\" scrolling=\"no\" frameborder=\"0\" allowfullscreen=\"true\" allow=\"autoplay; clipboard-write; encrypted-media; picture-in-picture; web-share\" 0=\"\/iframe\" class=\"iframe-class\"><\/iframe>\n<\/div>\n<div dir=\"auto\">\n<p class=\"font-size-xxl margin-b-5 font-weight-b color-b-050 letter-spacing--1 fuente-corporativa\">El sector sidreru fai un balance positivu nel primer aniversariu de la declaraci\u00f3n de Patrimoniu Cultural de la Humanid\u00e1.<\/p>\n<p><!--more--><\/p>\n<p style=\"text-align: center\"><a href=\"https:\/\/www.rtpa.es\/fotos\/\/25\/12\/20251204143214_RTPA7431684.webp\"><img loading=\"lazy\" decoding=\"async\" class=\"aligncenter size-large\" src=\"https:\/\/www.rtpa.es\/fotos\/\/25\/12\/20251204143214_RTPA7431684.webp\" width=\"853\" height=\"480\" \/><\/a><\/p>\n<\/div>\n<\/div>\n<\/div>\n<\/div>\n<\/div>\n<\/div>\n<\/div>\n<\/div>\n<ul>\n<li class=\"font-size-m padding-b-20 font-weight-b margin-t-16\">M\u00e1s investigaci\u00f3n, pedagox\u00eda y pumaraes, les cuentes pendientes<\/li>\n<\/ul>\n<p>Fai xusto g\u00fcei un a\u00f1u desque la cultura sidrera asturiana fuera declarada como Patrimoniu Inmaterial de la Humanid\u00e1. Un d\u00eda hist\u00f3ricu que toos nomen como una de les mayores allegr\u00edes nueves pal sector tres a\u00f1os de trabayu.<\/p>\n<p>Esta ma\u00f1ana conmemor\u00f3se con diverses ponencies nel Mus\u00e9u de la Sidra y la presencia d&#8217;autoridaes, representantes y colectivos que reivindicaron la so unid\u00e1.<\/p>\n<p>El sector sidreru fai un balance positivu d&#8217;esti primer a\u00f1u. <strong>Destaca la medr\u00eda de visites nos llagares y el mus\u00e9u de la b\u00e9bora.<\/strong><\/p>\n<div class=\"col-lg-8 col-md-12 col-xs-12\" role=\"main\" aria-label=\"Bloque del titular, texto imagen o v\u00eddeo de la noticia\">\n<div id=\"noticiacompleta\" class=\"parragraph-padding font-c-conent\">\n<p>Cre\u00f3 un plan estrat\u00e9xicu con tolos estamentos, anque falta materializar les sos meyores, facederes al mediu plazu.<\/p>\n<p>Ser m\u00e1s proactivos y crear estratexes comunes pa crecer, ye unu de los retos a futuru de los colectivos, xunto con desaniciar la escasez de mazana asturiana y la falta de relevu xeneracional, tami\u00e9n nel consumu.<\/p>\n<p>Les alministraciones anuncien m\u00e1s dotaciones, como&#8217;l mill\u00f3n d&#8217;euros pa promocionar los productos asturianos, y reivindiquen mid\u00edes, como la estrenada angua\u00f1o de sofitu econ\u00f3micu a les pumaraes.<\/p>\n<p><strong>M\u00e1s investigaci\u00f3n, pedagox\u00eda y pumaraes, les cuentes pendientes de la cultura sidrera asturiana<\/strong><\/p>\n<p>Investigaci\u00f3n, pedagox\u00eda y el plant\u00edu de pumaraes son los asuntos pendientes na cultura sidrera asturiana. En TPA Noticies Matinal falamos con Luis Benito Garc\u00eda, l\u2019impulsor de la candidatura \u00e9nte la Unesco.<\/p>\n<p>Se\u00f1ala que la reconocencia not\u00f3se en dellos aspeutos como la comercializaci\u00f3n pero que queden asuntos pendientes. Recuerda que la sidra ye un marcador \u00e9tnicu d&#8217;Asturies y se\u00f1ala un aspeutu importante na producci\u00f3n, imprescindible pa caltener esta cultura.<\/p>\n<\/div>\n<\/div>\n<p>&nbsp;<\/p>\n","protected":false},"excerpt":{"rendered":"<p>La sidra asturiano celebra l&#8217;aniversariu de la so declaraci\u00f3n como Patrimoniu Cultural Inmaterial de la Humanid\u00e1. #SidraAsturiana #Patrimonio #Aniversario #Asturias El sector sidreru fai un balance positivu nel primer aniversariu de la declaraci\u00f3n de Patrimoniu Cultural de la Humanid\u00e1.<\/p>\n","protected":false},"author":117,"featured_media":0,"comment_status":"closed","ping_status":"closed","sticky":false,"template":"","format":"standard","meta":{"footnotes":""},"categories":[107,388,156],"tags":[],"class_list":["post-62918","post","type-post","status-publish","format-standard","hentry","category-aniversariu","category-patrimoniu-de-la-humanida","category-sidre"],"_links":{"self":[{"href":"https:\/\/edublog.educastur.es\/ixuxu\/wp-json\/wp\/v2\/posts\/62918","targetHints":{"allow":["GET"]}}],"collection":[{"href":"https:\/\/edublog.educastur.es\/ixuxu\/wp-json\/wp\/v2\/posts"}],"about":[{"href":"https:\/\/edublog.educastur.es\/ixuxu\/wp-json\/wp\/v2\/types\/post"}],"author":[{"embeddable":true,"href":"https:\/\/edublog.educastur.es\/ixuxu\/wp-json\/wp\/v2\/users\/117"}],"replies":[{"embeddable":true,"href":"https:\/\/edublog.educastur.es\/ixuxu\/wp-json\/wp\/v2\/comments?post=62918"}],"version-history":[{"count":5,"href":"https:\/\/edublog.educastur.es\/ixuxu\/wp-json\/wp\/v2\/posts\/62918\/revisions"}],"predecessor-version":[{"id":62924,"href":"https:\/\/edublog.educastur.es\/ixuxu\/wp-json\/wp\/v2\/posts\/62918\/revisions\/62924"}],"wp:attachment":[{"href":"https:\/\/edublog.educastur.es\/ixuxu\/wp-json\/wp\/v2\/media?parent=62918"}],"wp:term":[{"taxonomy":"category","embeddable":true,"href":"https:\/\/edublog.educastur.es\/ixuxu\/wp-json\/wp\/v2\/categories?post=62918"},{"taxonomy":"post_tag","embeddable":true,"href":"https:\/\/edublog.educastur.es\/ixuxu\/wp-json\/wp\/v2\/tags?post=62918"}],"curies":[{"name":"wp","href":"https:\/\/api.w.org\/{rel}","templated":true}]}}