{"id":6294,"date":"2021-05-24T16:39:53","date_gmt":"2021-05-24T14:39:53","guid":{"rendered":"https:\/\/edublog.educastur.es\/ixuxu\/?p=6294"},"modified":"2021-05-29T17:45:58","modified_gmt":"2021-05-29T15:45:58","slug":"dia-del-arguyu-geek-friki","status":"publish","type":"post","link":"https:\/\/edublog.educastur.es\/ixuxu\/2021\/05\/dia-del-arguyu-geek-friki\/","title":{"rendered":"D\u00eda del arguyu geek \/ friki"},"content":{"rendered":"<p><a href=\"https:\/\/4.bp.blogspot.com\/-ca0aVWI_pzI\/V0W0CN7R-CI\/AAAAAAAALn4\/f2yRwNZqLbAe_UDA9gqr0jOFiI7hht0UQCLcB\/s1600\/ORGULLO%2BFRKI.png\"><img loading=\"lazy\" decoding=\"async\" class=\"aligncenter\" src=\"https:\/\/4.bp.blogspot.com\/-ca0aVWI_pzI\/V0W0CN7R-CI\/AAAAAAAALn4\/f2yRwNZqLbAe_UDA9gqr0jOFiI7hht0UQCLcB\/s1600\/ORGULLO%2BFRKI.png\" alt=\"\" width=\"593\" height=\"261\" \/><\/a><\/p>\n<p>El<span style=\"color: #008080\"><strong> D\u00eda del Arguyu Friki<\/strong> <\/span>ye una iniciativa para promover la cultura geek, celebrada a\u00f1almente&#8217;l 25 de mayu.\u200b Cel\u00e9brase&#8217;l 25 de mayu de cada a\u00f1o con l&#8217;oxetivu de <span style=\"color: #008080\">camudar la visi\u00f3n que se tien sobro les persones qu&#8217;\u00e9nte la socied\u00e1 tienen un comportamientu distintu al restu<\/span>, y\u00e1 que suelen ser estra\u00f1os y viven nun mundu llenu de fantas\u00eda. <strong><span style=\"color: #008080\">Cada d\u00eda hai m\u00e1s ne\u00f1os y ne\u00f1es friquis, aut\u00e9nticos!<\/span><\/strong><\/p>\n<p style=\"text-align: center\">\n<!-- iframe plugin v.6.0 wordpress.org\/plugins\/iframe\/ -->\n<iframe loading=\"lazy\" width=\"100%\" height=\"364\" src=\"https:\/\/www.youtube.com\/embed\/vceWL6rz0Ig\" scrolling=\"yes\" class=\"iframe-class\" frameborder=\"0\"><\/iframe>\n<\/p>\n<div class=\"videocaption\" style=\"text-align: center\"><em><span style=\"color: #008080\">Himnu Orgullo Friki &#8211; cover de \u00ablips are movin\u00bb<\/span><\/em><\/div>\n<p><!--more--><\/p>\n<p><a href=\"https:\/\/4.bp.blogspot.com\/-XADAc-mr52M\/U38cNbD4QGI\/AAAAAAAAAoY\/f6TbwIJ-aWg\/s1600\/25-mayo-2009blog%5B1%5D.jpg\"><img loading=\"lazy\" decoding=\"async\" class=\"alignnone\" src=\"https:\/\/4.bp.blogspot.com\/-XADAc-mr52M\/U38cNbD4QGI\/AAAAAAAAAoY\/f6TbwIJ-aWg\/s1600\/25-mayo-2009blog%5B1%5D.jpg\" alt=\"\" width=\"291\" height=\"191\" \/><\/a>\/<a href=\"https:\/\/notedetengas.es\/wp-content\/uploads\/2009\/05\/diaorgullofrikistarwars-450x345.jpg\"><img loading=\"lazy\" decoding=\"async\" class=\"alignnone\" src=\"https:\/\/notedetengas.es\/wp-content\/uploads\/2009\/05\/diaorgullofrikistarwars-450x345.jpg\" alt=\"\" width=\"250\" height=\"192\" \/><\/a><\/p>\n<p>El signific\u00e1u de la palabra friki foi utiliz\u00e1u para describir a les persones que tienen un comportamientu un tanto esc\u00e9ntricu, para calificar a los individuos con comportamientos daqu\u00e9 inusuales, con gustos bien particulares y con delles aficiones fora de lo com\u00fan.\u00a0 <span style=\"color: #008080\"><strong>Xente aut\u00e9ntica y orixinal!<\/strong><\/span><\/p>\n<ul>\n<li><span style=\"font-size: 20px;color: #008080\"><em><a style=\"color: #008080\" href=\"http:\/\/www.orgullofriki.com\/25mayo\/index.php\/historia\">L\u00b4orixen del D\u00eda<\/a><\/em><\/span><\/li>\n<li><span style=\"color: #008080\"><strong><em>http:\/\/www.orgullofriki.com<\/em><\/strong><\/span><\/li>\n<\/ul>\n<p>L&#8217;orixe del D\u00eda del Arguyu Friki d\u00e9bese al bloguero espa\u00f1ol Germ\u00e1n Mart\u00ednez y el cual ye motey\u00e1u como Se\u00f1or Buebo. Tou empez\u00f3 nel a\u00f1u 2006 cuando esti personaxe realiz\u00f3 una serie d&#8217;eventos y celebraciones en toa Espa\u00f1a y que elles dieren a conocese toles persones de la comunid\u00e1 friki.<\/p>\n<p style=\"text-align: center\"><a href=\"http:\/\/www.orgullofriki.com\/25mayo\/images\/buebo.jpg\"><img loading=\"lazy\" decoding=\"async\" class=\"alignnone\" src=\"http:\/\/www.orgullofriki.com\/25mayo\/images\/buebo.jpg\" alt=\"\" width=\"366\" height=\"523\" \/><\/a><\/p>\n<p style=\"text-align: center\"><span style=\"color: #008080\"><em>Se\u00f1or Buebo y l&#8217;Arguyu Friki yeren portada del suplementu d&#8217;Ociu d&#8217;El Pa\u00eds<\/em><\/span><\/p>\n<p>A partir d&#8217;esa fecha, esti d\u00eda celebrase en distintos pa\u00edses, que axunta a miles de persones que s&#8217;identifiquen con esti movimientu y que y\u00e1 forma parte de cultura mundial. La fecha coincide tami\u00e9n cola celebraci\u00f3n del llanzamientu nel a\u00f1u 1977 de la pel\u00edcula La Guerra de les Galaxes, seg\u00fan otres festividaes como son el <span style=\"color: #008080\">D\u00eda de la Toalla<\/span>.\u00a0 <span style=\"color: #008080\">La iniciativa foi aniciada n&#8217;Espa\u00f1a en 2006 como&#8217;l <strong>D\u00eda del arguyu friki<\/strong><\/span> y estendida alredor del mundu v\u00eda Internet.<\/p>\n<ul>\n<li>Info<a href=\"https:\/\/es.wikipedia.org\/wiki\/D%C3%ADa_del_orgullo_geek\"> Wiki<\/a> \/<\/li>\n<\/ul>\n<p><span style=\"color: #008080\">El mundu d&#8217;Internet y les redes sociales resulta una puerta d&#8217;entrada para tola comunid\u00e1 friki del mundu.<\/span> Esto debe al gustu y preferencia qu&#8217;estes persones sienten polos comics, videos xuegos, anime y tolo que se venceya a la cultura de lo estravagante y fant\u00e1stico.<\/p>\n<p>Nos \u00faltimos a\u00f1os, un gran n\u00famberu de blogueros de distintes nacionalidaes, di\u00e9ronse a la xera de sopelexar esti estilu de vida, que xuni\u00f3 a munchos m\u00e1s siguidores para entamar festivales, <strong><span style=\"color: #008080\">concursos d&#8217;amarutes (cosplay)<\/span><\/strong>, promociones, talleres, etc col enfotu de que m\u00e1s persones s&#8217;arreyen y conozan un pocu m\u00e1s sobro esti movimientu social.<\/p>\n<p style=\"text-align: center\"><a href=\"http:\/\/www.orgullofriki.com\/25mayo\/images\/Cartel%20OF.jpg\"><img loading=\"lazy\" decoding=\"async\" class=\"alignnone\" src=\"http:\/\/www.orgullofriki.com\/25mayo\/images\/Cartel%20OF.jpg\" alt=\"\" width=\"695\" height=\"488\" \/><\/a><\/p>\n<p>&nbsp;<\/p>\n","protected":false},"excerpt":{"rendered":"<p>El D\u00eda del Arguyu Friki ye una iniciativa para promover la cultura geek, celebrada a\u00f1almente&#8217;l 25 de mayu.\u200b Cel\u00e9brase&#8217;l 25 de mayu de cada a\u00f1o con l&#8217;oxetivu de camudar la visi\u00f3n que se tien sobro les persones qu&#8217;\u00e9nte la socied\u00e1 tienen un comportamientu distintu al restu, y\u00e1 que suelen ser estra\u00f1os y viven nun mundu [&hellip;]<\/p>\n","protected":false},"author":117,"featured_media":0,"comment_status":"open","ping_status":"open","sticky":false,"template":"","format":"standard","meta":{"footnotes":""},"categories":[6],"tags":[],"class_list":["post-6294","post","type-post","status-publish","format-standard","hentry","category-dia-de"],"_links":{"self":[{"href":"https:\/\/edublog.educastur.es\/ixuxu\/wp-json\/wp\/v2\/posts\/6294","targetHints":{"allow":["GET"]}}],"collection":[{"href":"https:\/\/edublog.educastur.es\/ixuxu\/wp-json\/wp\/v2\/posts"}],"about":[{"href":"https:\/\/edublog.educastur.es\/ixuxu\/wp-json\/wp\/v2\/types\/post"}],"author":[{"embeddable":true,"href":"https:\/\/edublog.educastur.es\/ixuxu\/wp-json\/wp\/v2\/users\/117"}],"replies":[{"embeddable":true,"href":"https:\/\/edublog.educastur.es\/ixuxu\/wp-json\/wp\/v2\/comments?post=6294"}],"version-history":[{"count":8,"href":"https:\/\/edublog.educastur.es\/ixuxu\/wp-json\/wp\/v2\/posts\/6294\/revisions"}],"predecessor-version":[{"id":6539,"href":"https:\/\/edublog.educastur.es\/ixuxu\/wp-json\/wp\/v2\/posts\/6294\/revisions\/6539"}],"wp:attachment":[{"href":"https:\/\/edublog.educastur.es\/ixuxu\/wp-json\/wp\/v2\/media?parent=6294"}],"wp:term":[{"taxonomy":"category","embeddable":true,"href":"https:\/\/edublog.educastur.es\/ixuxu\/wp-json\/wp\/v2\/categories?post=6294"},{"taxonomy":"post_tag","embeddable":true,"href":"https:\/\/edublog.educastur.es\/ixuxu\/wp-json\/wp\/v2\/tags?post=6294"}],"curies":[{"name":"wp","href":"https:\/\/api.w.org\/{rel}","templated":true}]}}