{"id":62947,"date":"2025-12-05T21:00:10","date_gmt":"2025-12-05T19:00:10","guid":{"rendered":"https:\/\/edublog.educastur.es\/ixuxu\/?p=62947"},"modified":"2025-12-06T15:08:23","modified_gmt":"2025-12-06T13:08:23","slug":"llego-languleru","status":"publish","type":"post","link":"https:\/\/edublog.educastur.es\/ixuxu\/2025\/12\/llego-languleru\/","title":{"rendered":"Lleg\u00f3 L&#8217;Anguleru a Asturies"},"content":{"rendered":"<p style=\"text-align: center\"><a href=\"https:\/\/s2.ppllstatics.com\/elcomercio\/www\/multimedia\/2025\/12\/05\/anguleru-navidad-asturias-kDuB-U2404616666011u-1200x840@El%20Comercio.jpg\"><img loading=\"lazy\" decoding=\"async\" class=\"aligncenter size-large\" src=\"https:\/\/s2.ppllstatics.com\/elcomercio\/www\/multimedia\/2025\/12\/05\/anguleru-navidad-asturias-kDuB-U2404616666011u-1200x840@El%20Comercio.jpg\" width=\"1198\" height=\"840\" \/><\/a><a href=\"https:\/\/www.elcomercio.es\/planes\/navidad-asturias-languleru-recorrido-concejos-20251205111949-nt.html\">El Comercio<\/a><\/p>\n<p>L&#8217;*Anguleru y\u00e1 ta n&#8217;Asturies: tolos conceyos que va visitar antes de Nuechebona. El <strong>P\u00e1 Noel asturianu<\/strong>&#8216; empieza esti 6 d&#8217;avientu un percorr\u00edu pol Princip\u00e1u pa conocer a los ne\u00f1os, recoyer les sos cartes y comprobar l&#8217;est\u00e1u de los ecosistemes fluviales.<\/p>\n<p><!--more--><\/p>\n<p>Tres la so llegada a Asturies, que pudo siguise en directu dende&#8217;l so perfil en Facebook, la so primer parada va ser el centru comercial ParqueAstur, en Corvera, onde va llegar esti 6 d&#8217;avientu a les 18 hores. Am\u00e1s, equ\u00ed va dexar la so chalana m\u00e1xica, L&#8217;Angulina, que va poder vese hasta&#8217;l d\u00eda 20.<\/p>\n<p style=\"text-align: center\">\n<!-- iframe plugin v.6.0 wordpress.org\/plugins\/iframe\/ -->\n<iframe loading=\"lazy\" src=\"https:\/\/www.facebook.com\/plugins\/video.php?height=317&#038;href=https%3A%2F%2Fwww.facebook.com%2Freel%2F1685495645743055%2F&#038;show_text=false&#038;width=560&#038;t=0\" width=\"560\" height=\"317\" style=\"border:none;overflow:hidden\" scrolling=\"no\" frameborder=\"0\" allowfullscreen=\"true\" allow=\"autoplay; clipboard-write; encrypted-media; picture-in-picture; web-share\" 0=\"\/iframe\" class=\"iframe-class\"><\/iframe>\n<\/p>\n<p>El segundu conceyu que va visitar va ser Avil\u00e9s. va facese&#8217;l vienres 12, a les 10 hores, cuando va asistir a la Folixa de Navid\u00e1 de los colexos del conceyos.<\/p>\n<p>El s\u00e1badu 13, a les 19 hores, va tar en Ribesella, onde va recoyer el Serazu M\u00e1xicu, y el domingu 14, a les 18 hores, va tar nel barriu xixon\u00e9s del Lloredal.<\/p>\n<p>El llunes 15 a mediud\u00eda va allegar a la Xunta Xeneral del Princip\u00e1u para apurrir al so presidente, Juan Cofi\u00f1u, les cartes navidiegues por que puedan escribilu tolos diputaos asturianos.<\/p>\n<p>L&#8217;axenda de L&#8217;Anguleru sigue&#8217;l d\u00eda 20, de nuevu en ParqueAstur (12 hores), onde se van nomar nuevos Llendadores y Llendadoras que lu van ayudar na so misi\u00f3n navidiega; el d\u00eda 21 va tar en Mieres, para l&#8217;encend\u00edu del Fueu M\u00e1xico (18.30 hores); y el martes 23 va volver a Avil\u00e9s, para participar nel desfile del Cortexu del Nataliegu, que va avanzar dende&#8217;l parque del Muelle hasta la plaza d&#8217;Espa\u00f1a (18.30 hores).<\/p>\n","protected":false},"excerpt":{"rendered":"<p>El Comercio L&#8217;*Anguleru y\u00e1 ta n&#8217;Asturies: tolos conceyos que va visitar antes de Nuechebona. El P\u00e1 Noel asturianu&#8216; empieza esti 6 d&#8217;avientu un percorr\u00edu pol Princip\u00e1u pa conocer a los ne\u00f1os, recoyer les sos cartes y comprobar l&#8217;est\u00e1u de los ecosistemes fluviales.<\/p>\n","protected":false},"author":117,"featured_media":0,"comment_status":"closed","ping_status":"closed","sticky":false,"template":"","format":"video","meta":{"footnotes":""},"categories":[321],"tags":[],"class_list":["post-62947","post","type-post","status-publish","format-video","hentry","category-anguleru","post_format-post-format-video"],"_links":{"self":[{"href":"https:\/\/edublog.educastur.es\/ixuxu\/wp-json\/wp\/v2\/posts\/62947","targetHints":{"allow":["GET"]}}],"collection":[{"href":"https:\/\/edublog.educastur.es\/ixuxu\/wp-json\/wp\/v2\/posts"}],"about":[{"href":"https:\/\/edublog.educastur.es\/ixuxu\/wp-json\/wp\/v2\/types\/post"}],"author":[{"embeddable":true,"href":"https:\/\/edublog.educastur.es\/ixuxu\/wp-json\/wp\/v2\/users\/117"}],"replies":[{"embeddable":true,"href":"https:\/\/edublog.educastur.es\/ixuxu\/wp-json\/wp\/v2\/comments?post=62947"}],"version-history":[{"count":5,"href":"https:\/\/edublog.educastur.es\/ixuxu\/wp-json\/wp\/v2\/posts\/62947\/revisions"}],"predecessor-version":[{"id":62959,"href":"https:\/\/edublog.educastur.es\/ixuxu\/wp-json\/wp\/v2\/posts\/62947\/revisions\/62959"}],"wp:attachment":[{"href":"https:\/\/edublog.educastur.es\/ixuxu\/wp-json\/wp\/v2\/media?parent=62947"}],"wp:term":[{"taxonomy":"category","embeddable":true,"href":"https:\/\/edublog.educastur.es\/ixuxu\/wp-json\/wp\/v2\/categories?post=62947"},{"taxonomy":"post_tag","embeddable":true,"href":"https:\/\/edublog.educastur.es\/ixuxu\/wp-json\/wp\/v2\/tags?post=62947"}],"curies":[{"name":"wp","href":"https:\/\/api.w.org\/{rel}","templated":true}]}}