{"id":62954,"date":"2025-12-06T08:30:20","date_gmt":"2025-12-06T06:30:20","guid":{"rendered":"https:\/\/edublog.educastur.es\/ixuxu\/?p=62954"},"modified":"2025-12-06T15:03:12","modified_gmt":"2025-12-06T13:03:12","slug":"el-tiempu-el-comercio-202","status":"publish","type":"post","link":"https:\/\/edublog.educastur.es\/ixuxu\/2025\/12\/el-tiempu-el-comercio-202\/","title":{"rendered":"El tiempu (El Comercio)"},"content":{"rendered":"<p style=\"text-align: center\"><a href=\"https:\/\/s2.ppllstatics.com\/elcomercio\/www\/multimedia\/2025\/12\/05\/tiempo-asturias-sabado-k9hH-U2302588077118HVD-1200x870@El%20Comercio.jpg\"><img loading=\"lazy\" decoding=\"async\" class=\"aligncenter size-large\" src=\"https:\/\/s2.ppllstatics.com\/elcomercio\/www\/multimedia\/2025\/12\/05\/tiempo-asturias-sabado-k9hH-U2302588077118HVD-1200x870@El%20Comercio.jpg\" width=\"1200\" height=\"870\" \/><\/a><\/p>\n<p>En ll\u00ednees xenerales esperamos bon tiempu mientres tou estos d\u00edes festivos. Esti s\u00e1badu prevense intervalos de nubes altes a lo sumo que van dexar los cielos atapec\u00edos. S\u00eda que non, va haber m\u00e1s nubosid\u00e1 nel cordal y nel estremu oeste. La probabilid\u00e1 de precipitaciones va ser bien baxa o pr\u00e1cticamente nula.<strong> Los vientos<\/strong> van soplar de suroeste con raches moderaes pudiendo ser localmente fuertes en zones altes del cordal y tami\u00e9n nel terciu occidental asturianu. Gracies a estos vientos les temperatures van xubir. <strong>Les temperatures m\u00e1ximes<\/strong> van xubir 2 o 3 \u00baC m\u00e1s que&#8217;l vienres, pudiendo ser la xubida de les temperatures daqu\u00e9 m\u00e1s significativa nel interior oriental. Les m\u00ednimes van xubir m\u00e1s de 5 \u00baC en comparanza coles anotaes esti vienres. Poro, vamos encarar una d\u00eda t\u00e9rmicamente bien prestosu teniendo en cuenta les feches nes qu&#8217;atopamos. <strong>Na mari\u00f1a<\/strong> va tar activ\u00e1u l&#8217;avisu naranxa hasta medianueche por foles d&#8217;hasta 6 metros d&#8217;altor.<\/p>\n<p><!--more--><\/p>\n<p>Ma\u00f1ana domingu vamos esfrutar de bon tiempu con unes temperatures m\u00e1ximes bien similares a les d&#8217;esti s\u00e1badu, y con vientos nuevamente de suroeste moderaos con posibilid\u00e1 de raches localmente fuertes nel oeste y nel sur del Princip\u00e1u d&#8217;Asturies.<\/p>\n<p>El llunes esperen cielos pocu nublos en tola rex\u00f3n.<\/p>\n","protected":false},"excerpt":{"rendered":"<p>En ll\u00ednees xenerales esperamos bon tiempu mientres tou estos d\u00edes festivos. Esti s\u00e1badu prevense intervalos de nubes altes a lo sumo que van dexar los cielos atapec\u00edos. S\u00eda que non, va haber m\u00e1s nubosid\u00e1 nel cordal y nel estremu oeste. La probabilid\u00e1 de precipitaciones va ser bien baxa o pr\u00e1cticamente nula. Los vientos van soplar [&hellip;]<\/p>\n","protected":false},"author":117,"featured_media":0,"comment_status":"closed","ping_status":"closed","sticky":false,"template":"","format":"standard","meta":{"footnotes":""},"categories":[1],"tags":[],"class_list":["post-62954","post","type-post","status-publish","format-standard","hentry","category-sin-categoria"],"_links":{"self":[{"href":"https:\/\/edublog.educastur.es\/ixuxu\/wp-json\/wp\/v2\/posts\/62954","targetHints":{"allow":["GET"]}}],"collection":[{"href":"https:\/\/edublog.educastur.es\/ixuxu\/wp-json\/wp\/v2\/posts"}],"about":[{"href":"https:\/\/edublog.educastur.es\/ixuxu\/wp-json\/wp\/v2\/types\/post"}],"author":[{"embeddable":true,"href":"https:\/\/edublog.educastur.es\/ixuxu\/wp-json\/wp\/v2\/users\/117"}],"replies":[{"embeddable":true,"href":"https:\/\/edublog.educastur.es\/ixuxu\/wp-json\/wp\/v2\/comments?post=62954"}],"version-history":[{"count":1,"href":"https:\/\/edublog.educastur.es\/ixuxu\/wp-json\/wp\/v2\/posts\/62954\/revisions"}],"predecessor-version":[{"id":62955,"href":"https:\/\/edublog.educastur.es\/ixuxu\/wp-json\/wp\/v2\/posts\/62954\/revisions\/62955"}],"wp:attachment":[{"href":"https:\/\/edublog.educastur.es\/ixuxu\/wp-json\/wp\/v2\/media?parent=62954"}],"wp:term":[{"taxonomy":"category","embeddable":true,"href":"https:\/\/edublog.educastur.es\/ixuxu\/wp-json\/wp\/v2\/categories?post=62954"},{"taxonomy":"post_tag","embeddable":true,"href":"https:\/\/edublog.educastur.es\/ixuxu\/wp-json\/wp\/v2\/tags?post=62954"}],"curies":[{"name":"wp","href":"https:\/\/api.w.org\/{rel}","templated":true}]}}