{"id":62960,"date":"2025-12-06T15:10:31","date_gmt":"2025-12-06T13:10:31","guid":{"rendered":"https:\/\/edublog.educastur.es\/ixuxu\/?p=62960"},"modified":"2025-12-06T15:13:28","modified_gmt":"2025-12-06T13:13:28","slug":"gripe-porcina","status":"publish","type":"post","link":"https:\/\/edublog.educastur.es\/ixuxu\/2025\/12\/gripe-porcina\/","title":{"rendered":"Peste porcino africana (PPA)"},"content":{"rendered":"<p>La direcci\u00f3n Xeneral de Sanid\u00e1 de la Producci\u00f3n Agroalimentaria y Bienestar Animal calcula les zones en base a la densid\u00e1 de granxes de gan\u00e1u porcino y pol vall\u00e1u.<a href=\"https:\/\/www.lne.es\/sociedad\/2025\/12\/05\/peste-porcina-zonas-sensibles-espana-andalucia-galicia-extremadura-asturias-cataluna-124482197.html?fbclid=IwY2xjawOhCmBleHRuA2FlbQIxMABicmlkETBubEVCcjZhMTVBcXVBUE9yc3J0YwZhcHBfaWQQMjIyMDM5MTc4ODIwMDg5MgABHsQXJEhMmqvoyK6MEjybWJQxniQJhnTxVo0EwKbSa3tr_DyPTcagz7rKDAIF_aem_Mz74nZ7eo5774CiGSSuJoQ&amp;utm_campaign=mrf-facebook-nuevaespana&amp;mrfcid=202512056932c40b29a77f2a8acf984d\"> LNE<\/a><\/p>\n<p style=\"text-align: center\"><a href=\"https:\/\/estaticos-cdn.prensaiberica.es\/clip\/28e0b6a9-58f0-4cd2-aca3-96303cf3ef40_16-9-discover-aspect-ratio_default_0.webp\"><img loading=\"lazy\" decoding=\"async\" class=\"aligncenter size-large\" src=\"https:\/\/estaticos-cdn.prensaiberica.es\/clip\/28e0b6a9-58f0-4cd2-aca3-96303cf3ef40_16-9-discover-aspect-ratio_default_0.webp\" width=\"1200\" height=\"675\" \/><\/a><\/p>\n<p>La llegada a Espa\u00f1a de la<strong> peste porcino africana (PPA)<\/strong>, que y\u00e1 afar\u00f3 a dellos pa\u00edses de la nuesa redolada, yera solo cuesti\u00f3n de tiempu, seg\u00fan coinciden los espertos, por ello&#8217;l Ministeriu d&#8217;Agricultura, Pesca y Alimentaci\u00f3n lleva a\u00f1os prepararandose para lo que finalmente asocedi\u00f3.<\/p>\n<p><!--more--><\/p>\n<p>Ello ye que esiste un plan nacional de xesti\u00f3n de les poblaciones de xabalinos, actualiz\u00e1u en mayu de 2024, con un exahastivo anal\u00eds -calc\u00falase qu&#8217;angua\u00f1o Espa\u00f1a podr\u00eda algamar los 2,2 millones d&#8217;exemplares- del ungul\u00e1u y de los riesgos de la entrada y espardimientu de la peste porcino.<\/p>\n<p style=\"text-align: center\">\n<a href=\"https:\/\/estaticos-cdn.prensaiberica.es\/clip\/4ce0b63f-0be0-4620-a68e-7eb54bb48fe2_source-aspect-ratio_default_0.webp\"><img loading=\"lazy\" decoding=\"async\" class=\"aligncenter size-large\" src=\"https:\/\/estaticos-cdn.prensaiberica.es\/clip\/4ce0b63f-0be0-4620-a68e-7eb54bb48fe2_source-aspect-ratio_default_0.webp\" width=\"641\" height=\"361\" \/><\/a>Mapa del riesgu para les ganader\u00edes porcines espa\u00f1oles por presencia de xabalinos.<\/p>\n<p>&nbsp;<\/p>\n<p>Asina, d&#8217;alcuerdu a esti plan ellabor\u00e1u pola direcci\u00f3n xeneral de Sanid\u00e1 de la Producci\u00f3n Agroalimentaria y Bienestar Animal,<strong> hai delles zones d&#8217;Espa\u00f1a que son m\u00e1s sensibles qu&#8217;otres a la estensi\u00f3n del virus.<\/strong> Les zones con mayor riesgu concentrense\u00a0 n&#8217;Estremadura, el norte d&#8217;Andaluc\u00eda, l&#8217;este de Galicia, <strong>el centru d&#8217;Asturies<\/strong> y delles contornes del centru de Catalunya y el sur de Murcia.<\/p>\n<p>L&#8217;anal\u00eds ellabor\u00f3se cruciando dellos factores de riesgu, ente ellos la densid\u00e1 d&#8217;esplotaciones de gan\u00e1u porcino estensivu tantu de producci\u00f3n y reproducci\u00f3n como de cebu, densid\u00e1 d&#8217;esplotaciones de gan\u00e1u porcino amenorgaes (pol contactu directu o indirectu coles poblaciones de xabal\u00edes monteses) y esplotaciones con ausencia de vallaos o vallaos deficientes en base a les encuestes realizaes nel marcu del plan estrat\u00e9xicu de bioseguridad n&#8217;esplotaciones porcines.<\/p>\n<p>Dende esti plan nacional de xesti\u00f3n a mediu llargu Plazu de les poblaciones de xabalinos monteses p&#8217;amenorgar el riesgu d&#8217;entrada y espardimientu del virus de la peste porcino africana n&#8217;Espa\u00f1a recu\u00e9rdase am\u00e1s les mid\u00edes b\u00e1siques de biosegurid\u00e1 que tienen de ser sigu\u00edes polos ganaderos, recoy\u00edes nel Real Decreto 306\/2020, de 11 de febreru.<br \/>\nMid\u00edes de biosegurid\u00e1.<\/p>\n<p>Como normes b\u00e1siques t\u00e1n aplicar cuarentenes a la llegada de los animales nuevos, controles de llimpieza y desinfecci\u00f3n de veh\u00edculos qu&#8217;entren a la esplotaci\u00f3n, ropa y calz\u00e1u esclusivo pa la entrada a la mesma y nun suministrar productos nin restos alimenticios a los gochos como alimentos, ente otres.<\/p>\n","protected":false},"excerpt":{"rendered":"<p>La direcci\u00f3n Xeneral de Sanid\u00e1 de la Producci\u00f3n Agroalimentaria y Bienestar Animal calcula les zones en base a la densid\u00e1 de granxes de gan\u00e1u porcino y pol vall\u00e1u. LNE La llegada a Espa\u00f1a de la peste porcino africana (PPA), que y\u00e1 afar\u00f3 a dellos pa\u00edses de la nuesa redolada, yera solo cuesti\u00f3n de tiempu, seg\u00fan [&hellip;]<\/p>\n","protected":false},"author":117,"featured_media":0,"comment_status":"closed","ping_status":"closed","sticky":false,"template":"","format":"standard","meta":{"footnotes":""},"categories":[48],"tags":[],"class_list":["post-62960","post","type-post","status-publish","format-standard","hentry","category-salu"],"_links":{"self":[{"href":"https:\/\/edublog.educastur.es\/ixuxu\/wp-json\/wp\/v2\/posts\/62960","targetHints":{"allow":["GET"]}}],"collection":[{"href":"https:\/\/edublog.educastur.es\/ixuxu\/wp-json\/wp\/v2\/posts"}],"about":[{"href":"https:\/\/edublog.educastur.es\/ixuxu\/wp-json\/wp\/v2\/types\/post"}],"author":[{"embeddable":true,"href":"https:\/\/edublog.educastur.es\/ixuxu\/wp-json\/wp\/v2\/users\/117"}],"replies":[{"embeddable":true,"href":"https:\/\/edublog.educastur.es\/ixuxu\/wp-json\/wp\/v2\/comments?post=62960"}],"version-history":[{"count":3,"href":"https:\/\/edublog.educastur.es\/ixuxu\/wp-json\/wp\/v2\/posts\/62960\/revisions"}],"predecessor-version":[{"id":62963,"href":"https:\/\/edublog.educastur.es\/ixuxu\/wp-json\/wp\/v2\/posts\/62960\/revisions\/62963"}],"wp:attachment":[{"href":"https:\/\/edublog.educastur.es\/ixuxu\/wp-json\/wp\/v2\/media?parent=62960"}],"wp:term":[{"taxonomy":"category","embeddable":true,"href":"https:\/\/edublog.educastur.es\/ixuxu\/wp-json\/wp\/v2\/categories?post=62960"},{"taxonomy":"post_tag","embeddable":true,"href":"https:\/\/edublog.educastur.es\/ixuxu\/wp-json\/wp\/v2\/tags?post=62960"}],"curies":[{"name":"wp","href":"https:\/\/api.w.org\/{rel}","templated":true}]}}