{"id":62995,"date":"2025-12-06T12:00:35","date_gmt":"2025-12-06T10:00:35","guid":{"rendered":"https:\/\/edublog.educastur.es\/ixuxu\/?p=62995"},"modified":"2025-12-06T21:16:23","modified_gmt":"2025-12-06T19:16:23","slug":"cloud-dancer-yel-color-del-anu-2026-pa-panton","status":"publish","type":"post","link":"https:\/\/edublog.educastur.es\/ixuxu\/2025\/12\/cloud-dancer-yel-color-del-anu-2026-pa-panton\/","title":{"rendered":"&#8216;Cloud Dancer&#8217; ye&#8217;l Color del A\u00f1u 2026 pa Panton, un blancu natural."},"content":{"rendered":"<p style=\"text-align: center\"><a href=\"https:\/\/content.arquitecturaydiseno.es\/medio\/2025\/12\/04\/cloud-dancer-pantone-11-4201_00000000_251204171845_1127x648.webp\"><img loading=\"lazy\" decoding=\"async\" class=\"aligncenter size-large\" src=\"https:\/\/content.arquitecturaydiseno.es\/medio\/2025\/12\/04\/cloud-dancer-pantone-11-4201_00000000_251204171845_1127x648.webp\" width=\"1127\" height=\"648\" \/><\/a><\/p>\n<p><strong>&#8216;Cloud Dancer&#8217; ye&#8217;l Color del A\u00f1u 2026 pa Pantone<\/strong>. Pregunt\u00e1mos-y una interiorista qu\u00e9 opina de la elecci\u00f3n y c\u00f3mo incorporar\u00eda esti color na decoraci\u00f3n de casa. \u00a0\u201cNun soi bien fan, tr\u00e1tase d&#8217;un color daqu\u00e9 fr\u00edu que convien acompa\u00f1ar d&#8217;otros m\u00e1s templaos\u00bb. <a href=\"https:\/\/www.arquitecturaydiseno.es\/decoracion\/interiorista-opina-sobre-color-ano-2026-pantone_12793\">Arquitectura y dise\u00f1o.<\/a><\/p>\n<p><!--more--><\/p>\n<p>Dende&#8217;l puntu de vista est\u00e9ticu, el blancu ye un color que non cafiante, que nun ximielga&#8217;l barcu, un color que s&#8217;atopa f\u00e1cilmente en tolo que nos arrodia: nos coches, na arquitectura, nos muebles ya interiores, inclusive na comida, y en concencia na moda, onde ye un \u00abcl\u00e1sicu\u00bb, que \u00abnunca pasa de moda\u00bb y un \u00abesencial del armariu\u00bb.<strong> El blancu alude simult\u00e1neamente a sensibilidaes futuristes -minimal, austeru, llimpiu- y tradicionales &#8211;<\/strong><\/p>\n<p style=\"text-align: center\"><a href=\"https:\/\/media.vogue.es\/photos\/6931972dc2651a7e592fe502\/1:1\/w_1600,c_limit\/Cloud%20Dancer%20Swatch.jpg\"><img loading=\"lazy\" decoding=\"async\" class=\"aligncenter \" src=\"https:\/\/media.vogue.es\/photos\/6931972dc2651a7e592fe502\/1:1\/w_1600,c_limit\/Cloud%20Dancer%20Swatch.jpg\" width=\"683\" height=\"683\" \/><\/a><\/p>\n<p>&nbsp;<\/p>\n<p><strong>Cloud Dancer va conquistar ba\u00f1os y cocines en 2026\u2026 <\/strong>Seg\u00fan Pantone, \u201ccola so presencia espansiva, Cloud Dancer convida a construyir atm\u00f3sferes de serenid\u00e1 y amplit\u00fa (\u2026) y apurre una sensaci\u00f3n de spa a los cuartos de ba\u00f1u y una atm\u00f3sfera abierta y espaciosa na cocina\u201d.<\/p>\n<p style=\"text-align: center\"><a href=\"https:\/\/content.arquitecturaydiseno.es\/medio\/2025\/12\/04\/muebles-verso-novedad_85aba0af_251204172452_1280x905.webp\"><img loading=\"lazy\" decoding=\"async\" class=\"aligncenter size-large\" src=\"https:\/\/content.arquitecturaydiseno.es\/medio\/2025\/12\/04\/muebles-verso-novedad_85aba0af_251204172452_1280x905.webp\" width=\"1280\" height=\"905\" \/><\/a><\/p>\n<p>Para la interiorista, \u201ctratar de un color daqu\u00e9 fr\u00edu que convien acompa\u00f1ar de materiales o colores que-y apurran calidez\u201d. Espec\u00edficamente, encamienta \u201cel beis, el rosa empolvorisc\u00e1u o un verde fueya seca bien clar\u00edn colos que&#8217;l contraste nun s\u00eda fuerte\u201d. Para la interiorista Cl\u00e1udia de Sousa, se tata de un color que-y suxure daqu\u00e9 llixeru, frescu, que non pesa, una nube, como&#8217;l so propiu nome indica. Ent\u00e1 lo toi procesando, pero creo que esti color podr\u00eda quedar perbi\u00e9n en toa una habitaci\u00f3n, pero trabayando enforma la lluz\u201d.<\/p>\n<p style=\"text-align: center\"><a href=\"https:\/\/content.arquitecturaydiseno.es\/medio\/2025\/12\/04\/salon-comedor-y-cocina-comparten-de-forma-escalonada-un-mismo-espacio-diafano-unificado-por-el-suelo-de-microcemento-que-tambien-da-forma-a-la-chimenea-cortinas-de-lino-de-guell-lamadrid-en-casellas-in_00000000_251204172702_1200x833.webp\"><img loading=\"lazy\" decoding=\"async\" class=\"aligncenter size-large\" src=\"https:\/\/content.arquitecturaydiseno.es\/medio\/2025\/12\/04\/salon-comedor-y-cocina-comparten-de-forma-escalonada-un-mismo-espacio-diafano-unificado-por-el-suelo-de-microcemento-que-tambien-da-forma-a-la-chimenea-cortinas-de-lino-de-guell-lamadrid-en-casellas-in_00000000_251204172702_1200x833.webp\" width=\"1200\" height=\"833\" \/><\/a><\/p>\n<p>\u2026<strong> Y tami\u00e9n los accesorios del llar y el moblame d&#8217;esterior<\/strong><br \/>\n\u201cA la de incorporalo na decoraci\u00f3n del llar, usar en ll\u00e1mpares, xarrones de folla\u2026: n&#8217;accesorios y complementos, siempres d&#8217;estilu r\u00fasticu; non en pieces pul\u00edes o d&#8217;estilu sobriu y minimalista. Tampoco lo usar\u00eda nun sof\u00e1; sacantes que fuera un sof\u00e1 tapiz\u00e1u nun llinu r\u00fasticu. Tami\u00e9n lo incorporar\u00eda en par\u00e9s, claro. Paecer al blancu de tola vida, que, a lo \u00faltimo, ye un b\u00e1sicu que combina con tou. Para combinalo, incorporar\u00eda tonos empolvoriscaos escamplaes en dalguna par\u00e9\u201d, diz S\u00e1nchez, qu&#8217;asegura que&#8217;l blancu na decoraci\u00f3n ye \u201cel color del bon tiempu, d&#8217;esfrutar del aire llibre y pasar m\u00e1s tiempu na cai\u201d, ta segura de que vamos ver enforma esti Cloud Dancer \u201cen moblame d&#8217;esterior, cortines y asientos\u201d.<\/p>\n<p>Pantone podr\u00eda apostar por dos colories (nun fuera la primer vegada)<br \/>\n<strong>La elecci\u00f3n de Pantone ye de les m\u00e1s sorprendentes de los \u00faltimos a\u00f1os.<\/strong> De primeres, polo radical del camb\u00e9u al respective de 2024, pero muncho m\u00e1s porque, como encl\u00edn, el blancu por s\u00ed solo ye un color que se queda curtiu. Nesti sent\u00edu, la interiorista cree que \u201cprecisa dir acompa\u00f1\u00e1u por otru color y que Pantone tendr\u00eda de sacar dos colories \u2013daqu\u00e9 que y\u00e1 fixo en 2021 col gris y el mariellu\u2013: el blancu y otru tonu que lu acompa\u00f1ara, como un rosa maquillaxe, por que el encl\u00edn fuera la combinaci\u00f3n de dambos colores\u201d.<\/p>\n<p>&nbsp;<\/p>\n<p>&nbsp;<\/p>\n","protected":false},"excerpt":{"rendered":"<p>&#8216;Cloud Dancer&#8217; ye&#8217;l Color del A\u00f1u 2026 pa Pantone. Pregunt\u00e1mos-y una interiorista qu\u00e9 opina de la elecci\u00f3n y c\u00f3mo incorporar\u00eda esti color na decoraci\u00f3n de casa. \u00a0\u201cNun soi bien fan, tr\u00e1tase d&#8217;un color daqu\u00e9 fr\u00edu que convien acompa\u00f1ar d&#8217;otros m\u00e1s templaos\u00bb. Arquitectura y dise\u00f1o.<\/p>\n","protected":false},"author":117,"featured_media":0,"comment_status":"closed","ping_status":"closed","sticky":false,"template":"","format":"standard","meta":{"footnotes":""},"categories":[91,90],"tags":[],"class_list":["post-62995","post","type-post","status-publish","format-standard","hentry","category-collores","category-pantone"],"_links":{"self":[{"href":"https:\/\/edublog.educastur.es\/ixuxu\/wp-json\/wp\/v2\/posts\/62995","targetHints":{"allow":["GET"]}}],"collection":[{"href":"https:\/\/edublog.educastur.es\/ixuxu\/wp-json\/wp\/v2\/posts"}],"about":[{"href":"https:\/\/edublog.educastur.es\/ixuxu\/wp-json\/wp\/v2\/types\/post"}],"author":[{"embeddable":true,"href":"https:\/\/edublog.educastur.es\/ixuxu\/wp-json\/wp\/v2\/users\/117"}],"replies":[{"embeddable":true,"href":"https:\/\/edublog.educastur.es\/ixuxu\/wp-json\/wp\/v2\/comments?post=62995"}],"version-history":[{"count":5,"href":"https:\/\/edublog.educastur.es\/ixuxu\/wp-json\/wp\/v2\/posts\/62995\/revisions"}],"predecessor-version":[{"id":63000,"href":"https:\/\/edublog.educastur.es\/ixuxu\/wp-json\/wp\/v2\/posts\/62995\/revisions\/63000"}],"wp:attachment":[{"href":"https:\/\/edublog.educastur.es\/ixuxu\/wp-json\/wp\/v2\/media?parent=62995"}],"wp:term":[{"taxonomy":"category","embeddable":true,"href":"https:\/\/edublog.educastur.es\/ixuxu\/wp-json\/wp\/v2\/categories?post=62995"},{"taxonomy":"post_tag","embeddable":true,"href":"https:\/\/edublog.educastur.es\/ixuxu\/wp-json\/wp\/v2\/tags?post=62995"}],"curies":[{"name":"wp","href":"https:\/\/api.w.org\/{rel}","templated":true}]}}