{"id":630,"date":"2020-04-02T09:30:57","date_gmt":"2020-04-02T09:30:57","guid":{"rendered":"https:\/\/edublog.educastur.es\/ixuxu\/?p=630"},"modified":"2020-08-24T21:32:44","modified_gmt":"2020-08-24T21:32:44","slug":"alfonso-zapico-unu-de-los-autores-de-llectures-a-casa","status":"publish","type":"post","link":"https:\/\/edublog.educastur.es\/ixuxu\/2020\/04\/alfonso-zapico-unu-de-los-autores-de-llectures-a-casa\/","title":{"rendered":"Alfonso Zapico, unu de los autores de \u2018Llectures a casa\u2019"},"content":{"rendered":"<div class=\"entry\">\n<p>El dibuxante asturianu <a href=\"https:\/\/ast.wikipedia.org\/wiki\/Alfonso_Zapico\" target=\"_blank\" rel=\"noopener noreferrer\"><strong><em>Alfonso Zapico<\/em><\/strong><\/a>, unu de los autores de <strong><em>\u2018Llectures a casa\u2019<\/em><\/strong><\/p>\n<p><em><a href=\"https:\/\/www.rtpa.es\/noticias-sociedad:El-dibujante-asturiano-Alfonso-Zapico,-uno-de-los-autores-de-%27Lecturas-a-domicilio%27_111586247069.html?fbclid=IwAR3eLDtddQc4_LN2t1SEGPXr7cSuGbE943kL9moWggEP-vwodfNtiyqNh5s\" target=\"_blank\" rel=\"noopener noreferrer\"><img loading=\"lazy\" decoding=\"async\" class=\"\" src=\"https:\/\/www.rtpa.es\/fotos\/\/20\/04\/20200407100658_20200407vtrzapico.jpg\" width=\"325\" height=\"183\" \/>Video <\/a><\/em><\/p>\n<p>Colecci\u00f3n gratuita \u2018online\u2019 d\u2019historietes ensin publicar para amenizar la cuarentena. <a href=\"https:\/\/ast.wikipedia.org\/wiki\/Alfonso_Zapico\" target=\"_blank\" rel=\"noopener noreferrer\"><em><u>Zapico \u00a0<\/u><\/em><\/a>ye autor del primer tomu de \u2018Llectures a casa\u2019, una colecci\u00f3n gratuita d\u2019historietes curties que puede descargase de baldre al travi\u00e9s de la web de la <a href=\"https:\/\/www.astiberri.com\/\" target=\"_blank\" rel=\"noopener noreferrer\"><em><u>editorial Astiberri.\u00a0<\/u><\/em><\/a>Nel casu del dibuxante asturianu, el suyu ye un relatu sobro la vuelta a la escuela en Francia dempu\u00e9s de les vacaciones d\u2019iviernu.<\/p>\n<p><a href=\"https:\/\/drive.google.com\/file\/d\/1ZYQ6kwINpShidr7EMvIoxvOwNRO_-f8n\/view?usp=sharing\" target=\"_blank\" rel=\"noopener noreferrer\"><img loading=\"lazy\" decoding=\"async\" class=\"\" src=\"https:\/\/www.astiberri.com\/spree\/products\/4097\/product\/TomoVerde.jpg?1585754968\" width=\"261\" height=\"349\" \/><em>Accede<\/em><\/a><\/p>\n<p><em>Nesti<u> Llibru verde<\/u>\u2018, asina titul\u00e1u, am\u00e1s de la obra de Zapico, atopamos tami\u00e9n hestories de: Alex Orbe ya I\u00f1igo Astiz, Antonio Afitaos, Artur Laperla, Blanca V\u00e1zquez, Carlos Spottorno y Guillermo Abril, Dani Fano, I\u00f1igo Astiz ya I\u00f1aki Folgosu, David Rub\u00edn, Elisa Riera, Javier Olivares y Santiago Garc\u00eda, Jos\u00e9 Luis Munuera, Luis Bustos y Santiago Garc\u00eda, Marcos Prior, Paco Alc\u00e1zar, Pedro Vera y Gin\u00e9s L\u00f3pez, Pepo P\u00e9rez y Santiago Garc\u00eda, Ram\u00f3n Bold\u00fa.<\/em><\/p>\n<ul>\n<li>Fonte: <em><a href=\"https:\/\/www.rtpa.es\/noticias-sociedad-ast:El-dibuxante-asturianu-Alfonso-Zapico,-unu-de-los-autores-de-'Llectures-a-domiciliu'_111586247069.html\" target=\"_blank\" rel=\"noopener noreferrer\">RTPA Noticies n\u00b4asturianu<br \/>\n<\/a><\/em><\/li>\n<li><a href=\"https:\/\/www.astiberri.com\/\" target=\"_blank\" rel=\"noopener noreferrer\">Editorial Astiberri<br \/>\n<\/a><\/li>\n<li><a href=\"https:\/\/www.rtpa.es\/noticias-sociedad:El-dibujante-asturiano-Alfonso-Zapico,-uno-de-los-autores-de-%27Lecturas-a-domicilio%27_111586247069.html?fbclid=IwAR3eLDtddQc4_LN2t1SEGPXr7cSuGbE943kL9moWggEP-vwodfNtiyqNh5s\" target=\"_blank\" rel=\"noopener noreferrer\">Ver video<\/a><\/li>\n<\/ul>\n<\/div>\n","protected":false},"excerpt":{"rendered":"<p>El dibuxante asturianu Alfonso Zapico, unu de los autores de \u2018Llectures a casa\u2019 Video Colecci\u00f3n gratuita \u2018online\u2019 d\u2019historietes ensin publicar para amenizar la cuarentena. Zapico \u00a0ye autor del primer tomu de \u2018Llectures a casa\u2019, una colecci\u00f3n gratuita d\u2019historietes curties que puede descargase de baldre al travi\u00e9s de la web de la editorial Astiberri.\u00a0Nel casu del [&hellip;]<\/p>\n","protected":false},"author":117,"featured_media":0,"comment_status":"closed","ping_status":"open","sticky":false,"template":"","format":"standard","meta":{"footnotes":""},"categories":[29,32],"tags":[],"class_list":["post-630","post","type-post","status-publish","format-standard","hentry","category-articulos","category-escritores"],"_links":{"self":[{"href":"https:\/\/edublog.educastur.es\/ixuxu\/wp-json\/wp\/v2\/posts\/630","targetHints":{"allow":["GET"]}}],"collection":[{"href":"https:\/\/edublog.educastur.es\/ixuxu\/wp-json\/wp\/v2\/posts"}],"about":[{"href":"https:\/\/edublog.educastur.es\/ixuxu\/wp-json\/wp\/v2\/types\/post"}],"author":[{"embeddable":true,"href":"https:\/\/edublog.educastur.es\/ixuxu\/wp-json\/wp\/v2\/users\/117"}],"replies":[{"embeddable":true,"href":"https:\/\/edublog.educastur.es\/ixuxu\/wp-json\/wp\/v2\/comments?post=630"}],"version-history":[{"count":3,"href":"https:\/\/edublog.educastur.es\/ixuxu\/wp-json\/wp\/v2\/posts\/630\/revisions"}],"predecessor-version":[{"id":634,"href":"https:\/\/edublog.educastur.es\/ixuxu\/wp-json\/wp\/v2\/posts\/630\/revisions\/634"}],"wp:attachment":[{"href":"https:\/\/edublog.educastur.es\/ixuxu\/wp-json\/wp\/v2\/media?parent=630"}],"wp:term":[{"taxonomy":"category","embeddable":true,"href":"https:\/\/edublog.educastur.es\/ixuxu\/wp-json\/wp\/v2\/categories?post=630"},{"taxonomy":"post_tag","embeddable":true,"href":"https:\/\/edublog.educastur.es\/ixuxu\/wp-json\/wp\/v2\/tags?post=630"}],"curies":[{"name":"wp","href":"https:\/\/api.w.org\/{rel}","templated":true}]}}