{"id":63021,"date":"2025-12-06T22:17:52","date_gmt":"2025-12-06T20:17:52","guid":{"rendered":"https:\/\/edublog.educastur.es\/ixuxu\/?p=63021"},"modified":"2025-12-09T21:58:24","modified_gmt":"2025-12-09T19:58:24","slug":"marisa-valle-roso-publica-salguerinas-un-villancicu-acusticu-nasturianu","status":"publish","type":"post","link":"https:\/\/edublog.educastur.es\/ixuxu\/2025\/12\/marisa-valle-roso-publica-salguerinas-un-villancicu-acusticu-nasturianu\/","title":{"rendered":"Marisa Valle Roso publica \u2018SALGUERINAS\u2019, un villancicu ac\u00fasticu n\u2019asturianu"},"content":{"rendered":"<p><span class=\"x193iq5w xeuugli x13faqbe x1vvkbs xt0psk2 x1i0vuye xvs91rp xo1l8bm x5n08af x10wh9bi xpm28yp x8viiok x1o7cslx x126k92a\">\u00a0El cantar homenaxea a Las Salguerinas de Piarnu y ma\u00f1ana estrena na Casa la Cultura d&#8217;Avil\u00e9s el videoclip fechu por Made by k\u00f6s y Sara Casta\u00f1o. Av\u00e9rase la Navid\u00e1 y con ella una de les tradiciones asturianes con m\u00e1s personalid\u00e1; la de <a class=\"x1i10hfl xjbqb8w x1ejq31n x18oe1m7 x1sy0etr xstzfhl x972fbf x10w94by x1qhh985 x14e42zd x9f619 x1ypdohk xt0psk2 x3ct3a4 xdj266r x14z9mp xat24cr x1lziwak xexx8yu xyri2b x18d9i69 x1c1uobl x16tdsg8 x1hl2dhg xggy1nq x1a2a7pz notranslate _a6hd\" role=\"link\" href=\"https:\/\/www.instagram.com\/lassalguerinas\/\">@lassalguerinas<\/a> de Piarnu (Castrill\u00f3n) \ud83c\udf84 <a class=\"x1i10hfl xjbqb8w x1ejq31n x18oe1m7 x1sy0etr xstzfhl x972fbf x10w94by x1qhh985 x14e42zd x9f619 x1ypdohk xt0psk2 x3ct3a4 xdj266r x14z9mp xat24cr x1lziwak xexx8yu xyri2b x18d9i69 x1c1uobl x16tdsg8 x1hl2dhg xggy1nq x1a2a7pz notranslate _a6hd\" role=\"link\" href=\"https:\/\/www.instagram.com\/marisavalleroso\/\">@marisavalleroso<\/a> ta acabante d\u2019asoleyar en toles plataformes musicales un cantar nuevu n\u2019homenaxe a elles, \u2018SALGUERINAS\u2018<\/span><\/p>\n<p style=\"text-align: center\">\n<!-- iframe plugin v.6.0 wordpress.org\/plugins\/iframe\/ -->\n<iframe data-testid=\"embed-iframe\" style=\"border-radius:12px\" src=\"https:\/\/open.spotify.com\/embed\/track\/7zcRcfu8w5NhE0RA253wZ4?utm_source=generator\" width=\"100%\" height=\"352\" frameborder=\"0\" allowfullscreen allow=\"autoplay; clipboard-write; encrypted-media; fullscreen; picture-in-picture\" loading=\"lazy\" 0=\"\/iframe\" scrolling=\"yes\" class=\"iframe-class\"><\/iframe>\n<\/p>\n<p><!--more--><\/p>\n<p>&nbsp;<\/p>\n<p style=\"text-align: center\"><span class=\"x193iq5w xeuugli x13faqbe x1vvkbs xt0psk2 x1i0vuye xvs91rp xo1l8bm x5n08af x10wh9bi xpm28yp x8viiok x1o7cslx x126k92a\"><span class=\"html-span xexx8yu x4uap5 x18d9i69 xkhd6sd x1hl2dhg x16tdsg8 x1vvkbs x3nfvp2 x1j61x8r x1fcty0u xdj266r xat24cr xgzva0m xhhsvwb xxymvpz xlup9mm x1kky2od\">\n<!-- iframe plugin v.6.0 wordpress.org\/plugins\/iframe\/ -->\n<iframe loading=\"lazy\" src=\"https:\/\/www.instagram.com\/p\/DR44eqJjKwr\/embed\" width=\"540\" height=\"695\" 0=\"\/iframe\" scrolling=\"yes\" class=\"iframe-class\" frameborder=\"0\"><\/iframe>\n<\/span><\/span><\/p>\n<p><span class=\"x193iq5w xeuugli x13faqbe x1vvkbs xt0psk2 x1i0vuye xvs91rp xo1l8bm x5n08af x10wh9bi xpm28yp x8viiok x1o7cslx x126k92a\">\ud83c\udfb6 Ye un villancicu n\u2019asturianu y n\u2019ac\u00fasticu qu\u2019aporta tami\u00e9n con un videoclip fechu por <a class=\"x1i10hfl xjbqb8w x1ejq31n x18oe1m7 x1sy0etr xstzfhl x972fbf x10w94by x1qhh985 x14e42zd x9f619 x1ypdohk xt0psk2 x3ct3a4 xdj266r x14z9mp xat24cr x1lziwak xexx8yu xyri2b x18d9i69 x1c1uobl x16tdsg8 x1hl2dhg xggy1nq x1a2a7pz notranslate _a6hd\" role=\"link\" href=\"https:\/\/www.instagram.com\/madebykos\/\">@madebykos<\/a> y <a class=\"x1i10hfl xjbqb8w x1ejq31n x18oe1m7 x1sy0etr xstzfhl x972fbf x10w94by x1qhh985 x14e42zd x9f619 x1ypdohk xt0psk2 x3ct3a4 xdj266r x14z9mp xat24cr x1lziwak xexx8yu xyri2b x18d9i69 x1c1uobl x16tdsg8 x1hl2dhg xggy1nq x1a2a7pz notranslate _a6hd\" role=\"link\" href=\"https:\/\/www.instagram.com\/soysaracastano\/\">@soysaracastano<\/a> \ud83d\udcfa L\u2019artista llangreana va presentalu ma\u00f1ana a les 19h na Casa la Cultura d\u2019Avil\u00e9s y llueu estrenalu na so canal de YouTube. <a href=\"https:\/\/musicasturiana.com\/marisa-valle-roso-publica-salguerinas-un-villancicu-acusticu-nasturianu\/\">Musicasturiana.com<\/a><\/span><\/p>\n<p style=\"text-align: center\"><a href=\"https:\/\/musicasturiana.com\/wp-content\/uploads\/2025\/12\/marisa-salguerinas.jpg\"><img loading=\"lazy\" decoding=\"async\" class=\"aligncenter size-large\" src=\"https:\/\/musicasturiana.com\/wp-content\/uploads\/2025\/12\/marisa-salguerinas.jpg\" width=\"1200\" height=\"600\" \/><\/a><\/p>\n<p>Av\u00e9rase la Navid\u00e1 y con ella una de les tradiciones asturianes con m\u00e1s personalid\u00e1; la de las\u00a0<a href=\"https:\/\/www.instagram.com\/lassalguerinas\/\" target=\"_blank\" rel=\"noopener\">Salguerinas\u00a0<\/a>de Piarnu (Castrill\u00f3n). Marisa Valle Roso ta acabante d\u2019asoleyar en toles plataformes musicales un cantar nuevu n\u2019homenaxe a elles, \u2018<a href=\"https:\/\/open.spotify.com\/track\/7zcRcfu8w5NhE0RA253wZ4\" target=\"_blank\" rel=\"noreferrer noopener\">SALGUERINAS<\/a>\u2018. Ye un villancicu n\u2019asturianu y n\u2019ac\u00fasticu qu\u2019aporta tami\u00e9n con un videoclip fechu por\u00a0<a href=\"https:\/\/www.instagram.com\/madebykos\/\" target=\"_blank\" rel=\"noopener\">Made by k\u00f6s<\/a>\u00a0y\u00a0<a href=\"https:\/\/www.instagram.com\/soysaracastano\/\" target=\"_blank\" rel=\"noopener\">Sara Casta\u00f1o<\/a>. L\u2019artista llangreana va presentalu ma\u00f1ana a les 19h na Casa la Cultura d\u2019Avil\u00e9s y llueu estrenalu na so canal de YouTube<\/p>\n<p>Esti tema ve la lluz dempu\u00e9s del llanzamientu\u2019l pas\u00e1u setiembre de\u00a0<em>Cenicientes<\/em>, el trabayu m\u00e1s completu d\u2019esta artista form\u00e1u por\u00a0<strong>diez cantares qu\u2019entemecen el folk col pop y los instrumentos electr\u00f3nicos\u00a0<\/strong>y nel que Marisa Valle Roso canta a les muyeres del carb\u00f3n o al Tren de la Llibert\u00e1, pero tami\u00e9n\u00a0<strong>afonda no m\u00e1s personal<\/strong>, dedicando\u2019l so espaciu a la sal\u00fa mental, el gran problema de la socied\u00e1 del sieglu XXI. En definitiva, un cantu al feminismu, la llucha pola xusticia social, la\u00a0<strong>reivindicaci\u00f3n de la memoria colectiva asturiana<\/strong>\u00a0y de la so identid\u00e1.<\/p>\n<p style=\"text-align: center\">\n<!-- iframe plugin v.6.0 wordpress.org\/plugins\/iframe\/ -->\n<iframe loading=\"lazy\" src=\"https:\/\/www.facebook.com\/plugins\/video.php?height=476&#038;href=https%3A%2F%2Fwww.facebook.com%2Freel%2F1386975802866519%2F&#038;show_text=false&#038;width=267&#038;t=0\" width=\"267\" height=\"476\" style=\"border:none;overflow:hidden\" scrolling=\"no\" frameborder=\"0\" allowfullscreen=\"true\" allow=\"autoplay; clipboard-write; encrypted-media; picture-in-picture; web-share\" 0=\"\/iframe\" class=\"iframe-class\"><\/iframe>\n<\/p>\n","protected":false},"excerpt":{"rendered":"<p>\u00a0El cantar homenaxea a Las Salguerinas de Piarnu y ma\u00f1ana estrena na Casa la Cultura d&#8217;Avil\u00e9s el videoclip fechu por Made by k\u00f6s y Sara Casta\u00f1o. Av\u00e9rase la Navid\u00e1 y con ella una de les tradiciones asturianes con m\u00e1s personalid\u00e1; la de @lassalguerinas de Piarnu (Castrill\u00f3n) \ud83c\udf84 @marisavalleroso ta acabante d\u2019asoleyar en toles plataformes musicales [&hellip;]<\/p>\n","protected":false},"author":117,"featured_media":0,"comment_status":"closed","ping_status":"closed","sticky":false,"template":"","format":"standard","meta":{"footnotes":""},"categories":[35,125,76],"tags":[],"class_list":["post-63021","post","type-post","status-publish","format-standard","hentry","category-musica","category-musicasturiana-com","category-villancicos"],"_links":{"self":[{"href":"https:\/\/edublog.educastur.es\/ixuxu\/wp-json\/wp\/v2\/posts\/63021","targetHints":{"allow":["GET"]}}],"collection":[{"href":"https:\/\/edublog.educastur.es\/ixuxu\/wp-json\/wp\/v2\/posts"}],"about":[{"href":"https:\/\/edublog.educastur.es\/ixuxu\/wp-json\/wp\/v2\/types\/post"}],"author":[{"embeddable":true,"href":"https:\/\/edublog.educastur.es\/ixuxu\/wp-json\/wp\/v2\/users\/117"}],"replies":[{"embeddable":true,"href":"https:\/\/edublog.educastur.es\/ixuxu\/wp-json\/wp\/v2\/comments?post=63021"}],"version-history":[{"count":5,"href":"https:\/\/edublog.educastur.es\/ixuxu\/wp-json\/wp\/v2\/posts\/63021\/revisions"}],"predecessor-version":[{"id":63278,"href":"https:\/\/edublog.educastur.es\/ixuxu\/wp-json\/wp\/v2\/posts\/63021\/revisions\/63278"}],"wp:attachment":[{"href":"https:\/\/edublog.educastur.es\/ixuxu\/wp-json\/wp\/v2\/media?parent=63021"}],"wp:term":[{"taxonomy":"category","embeddable":true,"href":"https:\/\/edublog.educastur.es\/ixuxu\/wp-json\/wp\/v2\/categories?post=63021"},{"taxonomy":"post_tag","embeddable":true,"href":"https:\/\/edublog.educastur.es\/ixuxu\/wp-json\/wp\/v2\/tags?post=63021"}],"curies":[{"name":"wp","href":"https:\/\/api.w.org\/{rel}","templated":true}]}}