{"id":6303,"date":"2021-05-25T08:00:08","date_gmt":"2021-05-25T06:00:08","guid":{"rendered":"https:\/\/edublog.educastur.es\/ixuxu\/?p=6303"},"modified":"2021-05-29T18:49:35","modified_gmt":"2021-05-29T16:49:35","slug":"conmemoracion-del-25-de-mayu","status":"publish","type":"post","link":"https:\/\/edublog.educastur.es\/ixuxu\/2021\/05\/conmemoracion-del-25-de-mayu\/","title":{"rendered":"D\u00eda de la bandera asturiana (25 de mayu)"},"content":{"rendered":"<div>\n<p><a href=\"https:\/\/imgbox.es\/images\/2021\/05\/25\/banderast5320cc957ca00b34.jpg\"><img loading=\"lazy\" decoding=\"async\" class=\"aligncenter\" src=\"https:\/\/imgbox.es\/images\/2021\/05\/25\/banderast5320cc957ca00b34.jpg\" alt=\"\" width=\"485\" height=\"485\" \/><\/a><\/p>\n<p>La proyecci\u00f3n de la bandera d&#8217;Asturies nel Palaciu de Presidencia abre la <strong><span style=\"color: #008080\">conmemoraci\u00f3n del 25 de mayu de 1808, cuando la Xunta Xeneral declar\u00f3-y la guerra a la Francia de Napole\u00f3n Bonaparte.<\/span> <\/strong>Per vegada primera vamos celebrar un actu institucional que se va celebrar cada a\u00f1u, y\u00e1 que naquellos acontecimientos ta <span style=\"color: #008080\"><strong>l&#8217;orixe de la nuesa bandera.<\/strong><\/span><\/p>\n<ul>\n<li><a href=\"https:\/\/asturies.com\/noticies\/el-gobiernu-entama-per-primer-vegada-un-actu-institucional-con-motivu-del-25-de-mayu?fbclid=IwAR0VjaWgMBEUD9t8G9gEFNovL5OUaJp6OUCumfhJTbtaToky6nuy37W2Syo\">Noticia Asturies.com<\/a><\/li>\n<\/ul>\n<p><!--more--><\/p>\n<p style=\"text-align: center\"><a href=\"https:\/\/static.elcomercio.es\/www\/multimedia\/202006\/02\/media\/cortadas\/historia-bandera-asturias-origen-cruz-victoria-curiosidades-kKEI--624x385@El%20Comercio.jpg\"><img loading=\"lazy\" decoding=\"async\" class=\"alignnone\" src=\"https:\/\/static.elcomercio.es\/www\/multimedia\/202006\/02\/media\/cortadas\/historia-bandera-asturias-origen-cruz-victoria-curiosidades-kKEI--624x385@El%20Comercio.jpg\" alt=\"\" width=\"624\" height=\"385\" \/><\/a><\/p>\n<p>L\u2019actu, en concreto, va celebrase nel Palaciu Conde Toreno cola presencia de Marcelino Marcos, presidente de la Xunta Xeneral; l\u2019alcalde d\u2019Uvi\u00e9u, Alfredo Canteli; y una representaci\u00f3n de l\u2019Asociaci\u00f3n de Amigos del Pa\u00eds de Asturias y de l\u2019Asociaci\u00f3n de Recreaci\u00f3n Hist\u00f3rico Cultural de Asturias (ARHCA), seg\u00fan inform\u00f3 Europa Press.<\/p>\n<p style=\"text-align: center\"><a href=\"https:\/\/imgbox.es\/images\/2021\/05\/25\/bandea2ea4ffcbc1c45481.jpg\"><img loading=\"lazy\" decoding=\"async\" class=\"alignnone\" src=\"https:\/\/imgbox.es\/images\/2021\/05\/25\/bandea2ea4ffcbc1c45481.jpg\" alt=\"\" width=\"578\" height=\"245\" \/><\/a><\/p>\n<p><a href=\"https:\/\/imgbox.es\/images\/2021\/05\/25\/banderra6c3b1e563d80bafc.jpg\"><img loading=\"lazy\" decoding=\"async\" class=\"alignnone\" src=\"https:\/\/imgbox.es\/images\/2021\/05\/25\/banderra6c3b1e563d80bafc.jpg\" alt=\"\" width=\"2000\" height=\"1334\" \/><\/a><\/p>\n<blockquote><p><span class=\"d2edcug0 hpfvmrgz qv66sw1b c1et5uql lr9zc1uh a8c37x1j keod5gw0 nxhoafnm aigsh9s9 d3f4x2em fe6kdd0r mau55g9w c8b282yb iv3no6db jq4qci2q a3bd9o3v knj5qynh oo9gr5id hzawbc8m\" dir=\"auto\"><span style=\"font-size: 20px;color: #008080\"><em>\u00abHemos recordar c\u00f3mo respondi\u00f3 <a class=\"oajrlxb2 g5ia77u1 qu0x051f esr5mh6w e9989ue4 r7d6kgcz rq0escxv nhd2j8a9 nc684nl6 p7hjln8o kvgmc6g5 cxmmr5t8 oygrvhab hcukyx3x jb3vyjys rz4wbd8a qt6c0cv9 a8nywdso i1ao9s8h esuyzwwr f1sip0of lzcic4wl q66pz984 gpro0wi8 b1v8xokw\" style=\"color: #008080\" role=\"link\" href=\"https:\/\/www.facebook.com\/hashtag\/asturies?__eep__=6&amp;__cft__[0]=AZUQBTVe3kncpNEm5yfleFl0gae6UQDZw4T8frocKx5H2hSCbLCzWjRF05fkUqs0c1SglZ-1jVjxcSNeVM4hSYfQB6dcKb2b8WCN1sFOCOtNZ4FIulTTyss_oznHn1eiKSdvkRVyy8JFwPkOusErVFN8&amp;__tn__=*NK-R\">#Asturies<\/a> nos episodios de mayu, cuando tola socied\u00e1 conocida temblaba: faci\u00e9ndose ama del so dest\u00edn con rebeli\u00f3n, enfotu y audacia, avanzando cam\u00edn de la frontera nueva d\u2019un mundu econ\u00f3micu, social y pol\u00edticu nuevu\u00bb.<\/em><\/span> <span style=\"color: #808080\"><em>Adri\u00e1n <\/em><\/span><\/span><span style=\"color: #808080\"><em>Barb\u00f3n<\/em><\/span><\/p>\n<p style=\"text-align: left\"><a href=\"https:\/\/imgbox.es\/images\/2021\/05\/25\/banderr8e5377f126b84471.jpg\"><img loading=\"lazy\" decoding=\"async\" class=\"alignnone\" src=\"https:\/\/imgbox.es\/images\/2021\/05\/25\/banderr8e5377f126b84471.jpg\" alt=\"\" width=\"275\" height=\"348\" \/><\/a>\/ <a href=\"https:\/\/www.youtube.com\/watch?v=RggZ_TiZ__w\"><span style=\"font-size: 20px\"><em>Actu Xunta X. del Princip\u00e1u<\/em><\/span><\/a><\/p>\n<p style=\"text-align: center\">\n<!-- iframe plugin v.6.0 wordpress.org\/plugins\/iframe\/ -->\n<iframe loading=\"lazy\" width=\"100%\" height=\"326\" src=\"https:\/\/www.youtube.com\/embed\/RggZ_TiZ__w\" 0=\"\/iframe\" scrolling=\"yes\" class=\"iframe-class\" frameborder=\"0\"><\/iframe>\n<\/p>\n<p style=\"text-align: left\"><a href=\"https:\/\/imgbox.es\/images\/2021\/05\/25\/bande17ac1e3240965300.jpg\"><img loading=\"lazy\" decoding=\"async\" class=\"alignnone\" src=\"https:\/\/imgbox.es\/images\/2021\/05\/25\/bande17ac1e3240965300.jpg\" alt=\"\" width=\"1879\" height=\"1168\" \/><\/a><\/p>\n<\/blockquote>\n<p style=\"text-align: center\">\n<!-- iframe plugin v.6.0 wordpress.org\/plugins\/iframe\/ -->\n<iframe loading=\"lazy\" src=\"https:\/\/www.facebook.com\/plugins\/post.php?href=https%3A%2F%2Fwww.facebook.com%2Fgobiernodeasturias%2Fphotos%2Fa.202317863539870%2F1212644495840530%2F%3Ftype%3D3&#038;show_text=true&#038;width=500\" width=\"500\" height=\"333\" style=\"border:none;overflow:hidden\" scrolling=\"no\" frameborder=\"0\" allowfullscreen=\"true\" allow=\"autoplay; clipboard-write; encrypted-media; picture-in-picture; web-share\" 0=\"\/iframe\" class=\"iframe-class\"><\/iframe>\n<\/p>\n<ul>\n<li><a href=\"https:\/\/www.facebook.com\/gobiernodeasturias\/photos\/pcb.1212645595840420\/1212644495840530\">M\u00e1s im\u00e1xenes<\/a><\/li>\n<\/ul>\n<p>Am\u00e1s va proyeutase esta nueche la bandera, que s\u2019adopta nesi llevantamientu, nel que\u2019l pueblu asturianu decl\u00e1rase soberanu al travi\u00e9s de la Xunta Xeneral,<strong><span style=\"color: #008080\"> a partir d\u2019una propuesta de dise\u00f1u de Gaspar Melchor de Xovellanos d\u00e9cades atr\u00e1s<\/span><\/strong>, na fachada de Presidencia. Conceyu Bable recuper\u00f3la na d\u00e9cada de los 70, hasta ser adaptada pol Gobiernu, que la oficializ\u00f3 nel 1990.<\/p>\n<ul>\n<li><a href=\"https:\/\/www.elcomercio.es\/asturias\/historia-bandera-asturias-origen-cruz-victoria-20200602150146-nt.html\">Noticia: El Comercio<\/a><\/li>\n<\/ul>\n<p><strong><span style=\"color: #008080\">La llamada &#8216;Cruz de la Victoria&#8217;<\/span><\/strong>, qu&#8217;afata la bandera asturiana, nun ye un homenaxe a la lleenda que se cunta sobro&#8217;l rei Pelayo y la Batalla de Cuadonga (722), sin\u00f3n<strong><span style=\"color: #008080\"> a los fechos hest\u00f3ricos acaec\u00edos nel mes de mayu de 1808, cuando la Xunta Xeneral del Princip\u00e1u declar\u00f3-y la guerra a Francia.<\/span><\/strong><\/p>\n<p style=\"text-align: center\"><a href=\"https:\/\/imgbox.es\/images\/2021\/05\/29\/gallud882dfd1f3a5bc8b.jpg\"><img loading=\"lazy\" decoding=\"async\" class=\"alignnone\" src=\"https:\/\/imgbox.es\/images\/2021\/05\/29\/gallud882dfd1f3a5bc8b.jpg\" alt=\"\" width=\"392\" height=\"392\" \/><\/a><\/p>\n<p>La creaci\u00f3n de la bandera remontase a los acontecimientos del 9 de mayu de 1808. Tres la llectura d&#8217;una carta que narraba los eventos del llevantamientu del 2 de mayu, el pueblu enfureciu empecipi\u00f3 la insurrecci\u00f3n contra Napole\u00f3n; convirtiendo aquel mes de mayu n&#8217;unu de los m\u00e1s aturbolinaos de la hestoria del Princip\u00e1u. <span style=\"color: #008080\">Los mariscales de Napole\u00f3n respondieron cola orde del fusilamiento de 58 uvieinos recluy\u00edos poles revueltes d&#8217;aquel d\u00eda.<\/span><\/p>\n<p>El 25 de mayu, a otru d\u00eda al asaltu de la F\u00e1brica d&#8217;Armes d&#8217;Uvi\u00e9u, la Xunta Xeneral del Princip\u00e1u crea l&#8217;ex\u00e9rcitu d&#8217;Asturies y sof\u00edtase nes sos nueves fuerces aliaes: l&#8217;ex\u00e9rcitu brit\u00e1nicu. <span style=\"color: #008080\"><strong>Sicas\u00ed, a pesar de cuntar con m\u00e1s de 9.000 soldaos y 595 oficiales, el Princip\u00e1u inda nun tien xuna bandera que la representara, polo qu&#8217;empecipiaron la creaci\u00f3n d&#8217;una.<\/strong><\/span><\/p>\n<p style=\"text-align: center\"><img loading=\"lazy\" decoding=\"async\" class=\"alignnone size-full\" src=\"https:\/\/static3.elcomercio.es\/www\/multimedia\/202006\/02\/media\/cortadas\/historia-bandera-asturias-origen-cruz-victoria-%281%29-kKEI--624x385@El%20Comercio.jpg\" width=\"624\" height=\"385\" \/><\/p>\n<blockquote>\n<p style=\"text-align: center\">\n<\/blockquote>\n<p><span style=\"color: #008080\"><span style=\"font-size: 20px\"><strong>\u00abCon esti signu protexer\u00e9 al piadosu, con esti signu vencer\u00e9 al enemigu\u00bb<\/strong><\/span> foi&#8217;l lema propuestu por Xovellanos<\/span>, quien nun informe hist\u00f3ricu, redact\u00f3 les caracter\u00edstiques de la primer bandera del Princip\u00e1u. En dichu documentu, l&#8217;ilustr\u00e1u prop\u00f3n que&#8217;l fondu s\u00eda tantu de color color\u00e1u como azul, anque \u00e9sti postreru acaba siendo&#8217;l m\u00e1s reconoc\u00edu y us\u00e1u. Tami\u00e9n suxure l&#8217;usu de la insinia que fuera utilizada polos reis \u00e1stures n&#8217;anta\u00f1o: &#8216;la Cruz de la Victoria&#8217;.<\/p>\n<p style=\"text-align: center\"><a href=\"https:\/\/todobanderas.com\/36888-large_default\/asturies-xam%C3%A1s-vencida-pend%C3%B3n.jpg\"><img loading=\"lazy\" decoding=\"async\" class=\"alignnone\" src=\"https:\/\/todobanderas.com\/36888-large_default\/asturies-xam%C3%A1s-vencida-pend%C3%B3n.jpg\" alt=\"\" width=\"567\" height=\"378\" \/><\/a><\/p>\n<p>De los brazos d&#8217;esta cruz mariella cuelguen les lletres griegues alfa y omega, que <span style=\"color: #008080\">simbolicen el principiu y el fin de toles coses.<\/span> La versi\u00f3n de bandera que foi a la guerra estrem\u00e1base tami\u00e9n pola inscripci\u00f3n \u00ab<span style=\"color: #008080\"><strong>Asturies xamas vencida<\/strong><\/span>\u00bb, qu&#8217;acab\u00f3 sumiendo col pasu de los a\u00f1os. Con esta insinia y estos colores los soldaos asturianos fueron a la guerra y llucharon hasta algamar la victoria final.<\/p>\n<p>La oficialid\u00e1 d&#8217;esta nun lleg\u00f3 hasta l&#8217;a\u00f1u 1990 cuando s&#8217;aprob\u00f3 la Llei de la bandera coles caracter\u00edstiques de la versi\u00f3n actual.<\/p>\n<p style=\"text-align: center\"><a href=\"https:\/\/www.banderasdelmundo.net\/wp-content\/uploads\/2019\/12\/bandera-de-asturias.jpg\"><img loading=\"lazy\" decoding=\"async\" class=\"alignnone\" src=\"https:\/\/www.banderasdelmundo.net\/wp-content\/uploads\/2019\/12\/bandera-de-asturias.jpg\" alt=\"\" width=\"600\" height=\"400\" \/><\/a><\/p>\n<p style=\"text-align: center\">\n<!-- iframe plugin v.6.0 wordpress.org\/plugins\/iframe\/ -->\n<iframe loading=\"lazy\" src=\"https:\/\/www.facebook.com\/plugins\/video.php?height=314&#038;href=https%3A%2F%2Fwww.facebook.com%2Fgobiernodeasturias%2Fvideos%2F483943802880495%2F&#038;show_text=true&#038;width=560\" width=\"560\" height=\"429\" style=\"border:none;overflow:hidden\" scrolling=\"no\" frameborder=\"0\" allowfullscreen=\"true\" allow=\"autoplay; clipboard-write; encrypted-media; picture-in-picture; web-share\" 0=\"\/iframe\" class=\"iframe-class\"><\/iframe>\n<\/p>\n<p style=\"text-align: center\">\n<!-- iframe plugin v.6.0 wordpress.org\/plugins\/iframe\/ -->\n<iframe loading=\"lazy\" width=\"100%\" height=\"326\" src=\"https:\/\/www.youtube.com\/embed\/Y-pRd_wuaxA\" 0=\"\/iframe\" scrolling=\"yes\" class=\"iframe-class\" frameborder=\"0\"><\/iframe>\n<\/p>\n<p>&nbsp;<\/p>\n<p>&nbsp;<\/p>\n<p>&nbsp;<\/p>\n<\/div>\n<p><!--more--><\/p>\n<p>&nbsp;<\/p>\n","protected":false},"excerpt":{"rendered":"<p>La proyecci\u00f3n de la bandera d&#8217;Asturies nel Palaciu de Presidencia abre la conmemoraci\u00f3n del 25 de mayu de 1808, cuando la Xunta Xeneral declar\u00f3-y la guerra a la Francia de Napole\u00f3n Bonaparte. Per vegada primera vamos celebrar un actu institucional que se va celebrar cada a\u00f1u, y\u00e1 que naquellos acontecimientos ta l&#8217;orixe de la nuesa [&hellip;]<\/p>\n","protected":false},"author":117,"featured_media":0,"comment_status":"open","ping_status":"open","sticky":false,"template":"","format":"standard","meta":{"footnotes":""},"categories":[107,6],"tags":[],"class_list":["post-6303","post","type-post","status-publish","format-standard","hentry","category-aniversariu","category-dia-de"],"_links":{"self":[{"href":"https:\/\/edublog.educastur.es\/ixuxu\/wp-json\/wp\/v2\/posts\/6303","targetHints":{"allow":["GET"]}}],"collection":[{"href":"https:\/\/edublog.educastur.es\/ixuxu\/wp-json\/wp\/v2\/posts"}],"about":[{"href":"https:\/\/edublog.educastur.es\/ixuxu\/wp-json\/wp\/v2\/types\/post"}],"author":[{"embeddable":true,"href":"https:\/\/edublog.educastur.es\/ixuxu\/wp-json\/wp\/v2\/users\/117"}],"replies":[{"embeddable":true,"href":"https:\/\/edublog.educastur.es\/ixuxu\/wp-json\/wp\/v2\/comments?post=6303"}],"version-history":[{"count":15,"href":"https:\/\/edublog.educastur.es\/ixuxu\/wp-json\/wp\/v2\/posts\/6303\/revisions"}],"predecessor-version":[{"id":6554,"href":"https:\/\/edublog.educastur.es\/ixuxu\/wp-json\/wp\/v2\/posts\/6303\/revisions\/6554"}],"wp:attachment":[{"href":"https:\/\/edublog.educastur.es\/ixuxu\/wp-json\/wp\/v2\/media?parent=6303"}],"wp:term":[{"taxonomy":"category","embeddable":true,"href":"https:\/\/edublog.educastur.es\/ixuxu\/wp-json\/wp\/v2\/categories?post=6303"},{"taxonomy":"post_tag","embeddable":true,"href":"https:\/\/edublog.educastur.es\/ixuxu\/wp-json\/wp\/v2\/tags?post=6303"}],"curies":[{"name":"wp","href":"https:\/\/api.w.org\/{rel}","templated":true}]}}