{"id":63035,"date":"2025-12-06T09:02:03","date_gmt":"2025-12-06T07:02:03","guid":{"rendered":"https:\/\/edublog.educastur.es\/ixuxu\/?p=63035"},"modified":"2025-12-07T13:30:26","modified_gmt":"2025-12-07T11:30:26","slug":"63035","status":"publish","type":"post","link":"https:\/\/edublog.educastur.es\/ixuxu\/2025\/12\/63035\/","title":{"rendered":"La Constituci\u00f3n fala d&#8217;esfrutar d&#8217;un mediu ambiente saludable"},"content":{"rendered":"<p>Nel <strong>D\u00eda de la Constituci\u00f3n<\/strong> \ud83d\udcd4 celebramos un derechu que nos venceya cola nuesa redolada: esfrutar d&#8217;un mediu ambiente saludable.<br \/>\nY tami\u00e9n un deber compart\u00edu: curialo y caltenelo pa quien van venir. Un pa\u00eds que curia&#8217;l so patrimoniu natural asegura&#8217;l so futuru \ud83d\udcaa<\/p>\n<p style=\"text-align: center\">\n<!-- iframe plugin v.6.0 wordpress.org\/plugins\/iframe\/ -->\n<iframe loading=\"lazy\" src=\"https:\/\/www.facebook.com\/plugins\/video.php?height=476&#038;href=https%3A%2F%2Fwww.facebook.com%2Freel%2F4194438647466051%2F&#038;show_text=false&#038;width=476&#038;t=0\" width=\"476\" height=\"476\" style=\"border:none;overflow:hidden\" scrolling=\"no\" frameborder=\"0\" allowfullscreen=\"true\" allow=\"autoplay; clipboard-write; encrypted-media; picture-in-picture; web-share\" 0=\"\/iframe\" class=\"iframe-class\"><\/iframe>\n<\/p>\n<p><!--more--><\/p>\n<p>L&#8217;art\u00edculu 45 de la Constituci\u00f3n Espa\u00f1ola establez <strong><span style=\"color: #008080\">el derechu a esfrutar d&#8217;un mediu ambiente fayadizo y el deber de caltenelo, am\u00e1s de que los poderes p\u00fablicos tienen de velar pol usu racional de los recursos naturales.<\/span><\/strong> La llei fixa sanciones penales o alministratives y l&#8217;obligaci\u00f3n de reparar el da\u00f1u pa quien violen estes disposiciones.<\/p>\n<p><span style=\"text-decoration: underline\"><strong>Aspeutos clave del Art\u00edculu 45<\/strong><\/span><\/p>\n<ul>\n<li>Derechu y deber ciudadanu: Los ciudadanos tienen tantu&#8217;l derechu a un mediu ambiente saludable como&#8217;l deber de caltenelo.<\/li>\n<li>Protecci\u00f3n per parte de los poderes p\u00fablicos: Los poderes p\u00fablicos tienen de garantizar l&#8217;usu racional de los recursos naturales pa protexer y ameyorar la calid\u00e1 de vida y el mediu ambiente.<\/li>\n<li>Responsabilid\u00e1 y arreglu: L&#8217;incumplimientu d&#8217;estes normes puede acarretar sanciones penales o alministratives, seg\u00fan la obligaci\u00f3n de reparar el da\u00f1u caus\u00e1u.<\/li>\n<\/ul>\n","protected":false},"excerpt":{"rendered":"<p>Nel D\u00eda de la Constituci\u00f3n \ud83d\udcd4 celebramos un derechu que nos venceya cola nuesa redolada: esfrutar d&#8217;un mediu ambiente saludable. Y tami\u00e9n un deber compart\u00edu: curialo y caltenelo pa quien van venir. Un pa\u00eds que curia&#8217;l so patrimoniu natural asegura&#8217;l so futuru \ud83d\udcaa<\/p>\n","protected":false},"author":117,"featured_media":0,"comment_status":"closed","ping_status":"closed","sticky":false,"template":"","format":"standard","meta":{"footnotes":""},"categories":[6,221],"tags":[],"class_list":["post-63035","post","type-post","status-publish","format-standard","hentry","category-dia-de","category-mediu-ambiente"],"_links":{"self":[{"href":"https:\/\/edublog.educastur.es\/ixuxu\/wp-json\/wp\/v2\/posts\/63035","targetHints":{"allow":["GET"]}}],"collection":[{"href":"https:\/\/edublog.educastur.es\/ixuxu\/wp-json\/wp\/v2\/posts"}],"about":[{"href":"https:\/\/edublog.educastur.es\/ixuxu\/wp-json\/wp\/v2\/types\/post"}],"author":[{"embeddable":true,"href":"https:\/\/edublog.educastur.es\/ixuxu\/wp-json\/wp\/v2\/users\/117"}],"replies":[{"embeddable":true,"href":"https:\/\/edublog.educastur.es\/ixuxu\/wp-json\/wp\/v2\/comments?post=63035"}],"version-history":[{"count":4,"href":"https:\/\/edublog.educastur.es\/ixuxu\/wp-json\/wp\/v2\/posts\/63035\/revisions"}],"predecessor-version":[{"id":63042,"href":"https:\/\/edublog.educastur.es\/ixuxu\/wp-json\/wp\/v2\/posts\/63035\/revisions\/63042"}],"wp:attachment":[{"href":"https:\/\/edublog.educastur.es\/ixuxu\/wp-json\/wp\/v2\/media?parent=63035"}],"wp:term":[{"taxonomy":"category","embeddable":true,"href":"https:\/\/edublog.educastur.es\/ixuxu\/wp-json\/wp\/v2\/categories?post=63035"},{"taxonomy":"post_tag","embeddable":true,"href":"https:\/\/edublog.educastur.es\/ixuxu\/wp-json\/wp\/v2\/tags?post=63035"}],"curies":[{"name":"wp","href":"https:\/\/api.w.org\/{rel}","templated":true}]}}