{"id":63046,"date":"2025-12-07T14:36:18","date_gmt":"2025-12-07T12:36:18","guid":{"rendered":"https:\/\/edublog.educastur.es\/ixuxu\/?p=63046"},"modified":"2025-12-07T14:39:45","modified_gmt":"2025-12-07T12:39:45","slug":"premiu-maria-luisa-castellanos-de-narrativa-poesia-y-teatru","status":"publish","type":"post","link":"https:\/\/edublog.educastur.es\/ixuxu\/2025\/12\/premiu-maria-luisa-castellanos-de-narrativa-poesia-y-teatru\/","title":{"rendered":"Premiu &#8216;Mar\u00eda Luisa Castellanos&#8217; de narrativa, poes\u00eda y teatru"},"content":{"rendered":"<div class=\"html-div xdj266r x14z9mp xat24cr x1lziwak xexx8yu xyri2b x18d9i69 x1c1uobl\" dir=\"auto\">\n<div class=\"html-div xdj266r x14z9mp xat24cr x1lziwak xexx8yu xyri2b x18d9i69 x1c1uobl\" dir=\"auto\">\n<div class=\"html-div xdj266r x14z9mp xat24cr x1lziwak xexx8yu xyri2b x18d9i69 x1c1uobl\" data-ad-rendering-role=\"story_message\">\n<div class=\"x1l90r2v x1iorvi4 x1g0dm76 xpdmqnj\" data-ad-comet-preview=\"message\" data-ad-preview=\"message\">\n<div class=\"x78zum5 xdt5ytf xz62fqu x16ldp7u\">\n<div class=\"xu06os2 x1ok221b\">\n<div class=\"html-div xdj266r x14z9mp xat24cr x1lziwak xexx8yu xyri2b x18d9i69 x1c1uobl\">\n<div class=\"xdj266r x14z9mp xat24cr x1lziwak x1vvkbs x126k92a\">\n<div dir=\"auto\"><span class=\"html-span xexx8yu xyri2b x18d9i69 x1c1uobl x1hl2dhg x16tdsg8 x1vvkbs x3nfvp2 x1j61x8r x1fcty0u xdj266r xat24cr xm2jcoa x1mpyi22 xxymvpz xlup9mm x1kky2od\"><img loading=\"lazy\" decoding=\"async\" class=\"xz74otr x15mokao x1ga7v0g x16uus16 xbiv7yw\" src=\"https:\/\/static.xx.fbcdn.net\/images\/emoji.php\/v9\/te2\/1\/16\/270d.png\" alt=\"\u270d\ufe0f\" width=\"16\" height=\"16\" \/>Francisco Javier Bizarro, Jorge Fern\u00e1ndez Gonzalo y Virginia Casielles llogren el <strong>Premiu &#8216;Mar\u00eda Luisa Castellanos&#8217;<\/strong> nes modalidaes . La Direcci\u00f3n Xeneral d&#8217;Emigraci\u00f3n convoc\u00f3 per primer vegada esti certame, al qu&#8217;allegaron trenta autores. <a href=\"https:\/\/actualidad.asturias.es\/-\/francisco-javier-bizarro-jorge-fern%C3%A1ndez-gonzalo-y-virginia-casielles-logran-el-premio-mar%C3%ADa-luisa-castellanos-en-las-modalidades-de-narrativa-poes%C3%ADa-y-teatro-1?redirect=%2F\">Actualid\u00e1<\/a> \/<\/span><\/div>\n<div dir=\"auto\"><\/div>\n<div dir=\"auto\" style=\"text-align: center\"><a href=\"https:\/\/actualidad.asturias.es\/documents\/537115\/2967660\/225_12_07+jurado+premio+literario+emigracion.jpg\/34e4d64b-9114-d10f-6976-923a3c218705?t=1765009482267https:\/\/actualidad.asturias.es\/documents\/537115\/2967660\/225_12_07+jurado+premio+literario+emigracion.jpg\/34e4d64b-9114-d10f-6976-923a3c218705?t=1765009482267\"><img loading=\"lazy\" decoding=\"async\" class=\"aligncenter \" src=\"https:\/\/actualidad.asturias.es\/documents\/537115\/2967660\/225_12_07+jurado+premio+literario+emigracion.jpg\/34e4d64b-9114-d10f-6976-923a3c218705?t=1765009482267https:\/\/actualidad.asturias.es\/documents\/537115\/2967660\/225_12_07+jurado+premio+literario+emigracion.jpg\/34e4d64b-9114-d10f-6976-923a3c218705?t=1765009482267\" width=\"508\" height=\"584\" \/><\/a><\/div>\n<div dir=\"auto\">\n<p>Les obres <strong>\u00abEl manzano\u00bb<\/strong>, de Francisco Javier Bizarro Ben\u00edtez;<strong> Les nubes estranxeres<\/strong>, de Jorge Fern\u00e1ndez Gonzalo, y <strong>Ana emigra<\/strong>, de Virginia Casielles P\u00e9rez, llograron el Premiu Mar\u00eda Luisa Castellanos nes modalidaes de narrativa, poes\u00eda y teatru, respectivamente.<\/p>\n<p><!--more--><\/p>\n<p>El xur\u00e1u, form\u00e1u por Manuel Fern\u00e1ndez de la Cera, espertu n&#8217;emigraci\u00f3n y expresidente del Conseyu de Comunidaes Asturianes; Xuan Santori V\u00e1zquez, escritor y profesor, y Sonia Garc\u00eda Gal\u00e1n, directora del IES de Llanera y especialista na obra de Mar\u00eda Luisa Castellanos, design\u00f3 a les persones ganadores n&#8217;<strong>analizando los trenta obres presentaes: 17 na categor\u00eda de narrativa, nueve en poes\u00eda y cuatro en teatru.<\/strong><\/p>\n<p>La Conseyer\u00eda de Presidencia, Retu Demogr\u00e1ficu, Iguald\u00e1 y Turismu, al travi\u00e9s de la Direcci\u00f3n Xeneral d&#8217;Emigraci\u00f3n y Pol\u00edtiques de Torna, resolvi\u00f3 con esti fallu la primer edici\u00f3n del Premiu Lliterariu Mar\u00eda Luisa Castellanos, <strong>un certame cre\u00e1u para reconocer obres in\u00e9dites qu&#8217;enceten la emigraci\u00f3n asturiana<\/strong> en tola so amplit\u00fa y dende cualesquier de los x\u00e9neros lliterarios incluy\u00edos na convocatoria.<\/p>\n<p>La ceremonia d&#8217;entrega d&#8217;estos galardones, dotaos con 3.000 euros para&#8217;l primer premiu, 2.000 para&#8217;l segundu y mil para&#8217;l terceru, va celebrase&#8217;l pr\u00f3ximu <strong>18 d&#8217;avientu<\/strong>, mientres l&#8217;actu de celebraci\u00f3n del<strong> D\u00eda del Migrante<\/strong>, que coincide cola conmemoraci\u00f3n internacional establecida por Naciones Xun\u00edes. Nel eventu va reconocese p\u00fablicamente&#8217;l valor de les obres distingu\u00edes y la so aportaci\u00f3n lliteraria a la memoria y la realid\u00e1 de la emigraci\u00f3n asturiana.<\/p>\n<p>Con esta primer edici\u00f3n, el Princip\u00e1u reafita&#8217;l so compromisu col espardimientu cultural venceyada a la di\u00e1spora asturiana, seg\u00fan col impulsu de les pol\u00edtiques de torna y la visibilizaci\u00f3n del talentu creativo dientro y fora de la comunid\u00e1.<\/p>\n<\/div>\n<\/div>\n<\/div>\n<\/div>\n<\/div>\n<\/div>\n<\/div>\n<\/div>\n<\/div>\n<p>&nbsp;<\/p>\n","protected":false},"excerpt":{"rendered":"<p>Francisco Javier Bizarro, Jorge Fern\u00e1ndez Gonzalo y Virginia Casielles llogren el Premiu &#8216;Mar\u00eda Luisa Castellanos&#8217; nes modalidaes . La Direcci\u00f3n Xeneral d&#8217;Emigraci\u00f3n convoc\u00f3 per primer vegada esti certame, al qu&#8217;allegaron trenta autores. Actualid\u00e1 \/ Les obres \u00abEl manzano\u00bb, de Francisco Javier Bizarro Ben\u00edtez; Les nubes estranxeres, de Jorge Fern\u00e1ndez Gonzalo, y Ana emigra, de Virginia [&hellip;]<\/p>\n","protected":false},"author":117,"featured_media":0,"comment_status":"closed","ping_status":"closed","sticky":false,"template":"","format":"standard","meta":{"footnotes":""},"categories":[39,58,82],"tags":[],"class_list":["post-63046","post","type-post","status-publish","format-standard","hentry","category-poesia","category-premios","category-teatru"],"_links":{"self":[{"href":"https:\/\/edublog.educastur.es\/ixuxu\/wp-json\/wp\/v2\/posts\/63046","targetHints":{"allow":["GET"]}}],"collection":[{"href":"https:\/\/edublog.educastur.es\/ixuxu\/wp-json\/wp\/v2\/posts"}],"about":[{"href":"https:\/\/edublog.educastur.es\/ixuxu\/wp-json\/wp\/v2\/types\/post"}],"author":[{"embeddable":true,"href":"https:\/\/edublog.educastur.es\/ixuxu\/wp-json\/wp\/v2\/users\/117"}],"replies":[{"embeddable":true,"href":"https:\/\/edublog.educastur.es\/ixuxu\/wp-json\/wp\/v2\/comments?post=63046"}],"version-history":[{"count":3,"href":"https:\/\/edublog.educastur.es\/ixuxu\/wp-json\/wp\/v2\/posts\/63046\/revisions"}],"predecessor-version":[{"id":63051,"href":"https:\/\/edublog.educastur.es\/ixuxu\/wp-json\/wp\/v2\/posts\/63046\/revisions\/63051"}],"wp:attachment":[{"href":"https:\/\/edublog.educastur.es\/ixuxu\/wp-json\/wp\/v2\/media?parent=63046"}],"wp:term":[{"taxonomy":"category","embeddable":true,"href":"https:\/\/edublog.educastur.es\/ixuxu\/wp-json\/wp\/v2\/categories?post=63046"},{"taxonomy":"post_tag","embeddable":true,"href":"https:\/\/edublog.educastur.es\/ixuxu\/wp-json\/wp\/v2\/tags?post=63046"}],"curies":[{"name":"wp","href":"https:\/\/api.w.org\/{rel}","templated":true}]}}