{"id":63049,"date":"2025-12-18T09:00:40","date_gmt":"2025-12-18T07:00:40","guid":{"rendered":"https:\/\/edublog.educastur.es\/ixuxu\/?p=63049"},"modified":"2025-12-18T22:46:48","modified_gmt":"2025-12-18T20:46:48","slug":"dia-del-migrante","status":"publish","type":"post","link":"https:\/\/edublog.educastur.es\/ixuxu\/2025\/12\/dia-del-migrante\/","title":{"rendered":"D\u00eda Internacional del Migrante"},"content":{"rendered":"<p>Ye una celebraci\u00f3n a\u00f1al que tien llugar el 18 d&#8217;avientu dende 2000, instaurada pola Asamblea Xeneral de les Naciones Xun\u00edes n&#8217;ese mesmu a\u00f1u.<\/p>\n<p style=\"text-align: center\"><a href=\"https:\/\/imgs.search.brave.com\/pRRuceNnxDkIRy_2ISUzSnD-r971-MPtv0GWWg3SL-U\/rs:fit:860:0:0:0\/g:ce\/aHR0cHM6Ly9pbWcu\/ZnJlZXBpay5jb20v\/Zm90b3MtcHJlbWl1\/bS9kaWEtaW50ZXJu\/YWNpb25hbC1lbWln\/cmFudGVzXzExNjYy\/MzQtNjI5Ny5qcGc_\/c2VtdD1haXNfaHli\/cmlkJnc9NzQwJnE9\/ODA\"><img loading=\"lazy\" decoding=\"async\" class=\"aligncenter \" src=\"https:\/\/imgs.search.brave.com\/pRRuceNnxDkIRy_2ISUzSnD-r971-MPtv0GWWg3SL-U\/rs:fit:860:0:0:0\/g:ce\/aHR0cHM6Ly9pbWcu\/ZnJlZXBpay5jb20v\/Zm90b3MtcHJlbWl1\/bS9kaWEtaW50ZXJu\/YWNpb25hbC1lbWln\/cmFudGVzXzExNjYy\/MzQtNjI5Ny5qcGc_\/c2VtdD1haXNfaHli\/cmlkJnc9NzQwJnE9\/ODA\" width=\"501\" height=\"501\" \/><\/a><\/p>\n<p><!--more--><\/p>\n<p>Esta proclamaci\u00f3n respondi\u00f3 a la creciente reconocencia de la migraci\u00f3n como un fen\u00f3menu global significativu per parte de los Estaos miembros de la ONU y otres organizaciones internacionales, nun contestu onde los fluxos migratorios amont\u00e1rense notablemente. L<strong>&#8216;oxetivu; seg\u00fan los organizadores; ye resaltar la importancia de respetar y protexer los derechos humanos de los migrantes<\/strong>, seg\u00fan destacar la so contribuci\u00f3n al desenvolvimientu nos pa\u00edses d&#8217;orixe y dest\u00edn.<\/p>\n<p>La proclamaci\u00f3n <strong>tami\u00e9n busca fomentar la cooperaci\u00f3n internacional<\/strong> para encetar los desaf\u00edos y oportunidaes que presenta la migraci\u00f3n, promoviendo una mayor sensibilizaci\u00f3n sobro les condiciones y necesidaes de los migrantes en tol mundu.<\/p>\n<p style=\"text-align: center\"><a href=\"https:\/\/imgs.search.brave.com\/eEoMofVjZLyL6IBGFizwR_TlU4M7tMe4BcYe3DYURvs\/rs:fit:860:0:0:0\/g:ce\/aHR0cHM6Ly9tZWRp\/YS5pc3RvY2twaG90\/by5jb20vaWQvMTI4\/MzgwMDQ0My9lcy92\/ZWN0b3IvZCVDMyVB\/RGEtaW50ZXJuYWNp\/b25hbC1kZWwtbWln\/cmFudGUtMTgtZGUt\/ZGljaWVtYnJlLWJh\/bm5lci13ZWItY29u\/LXNpbHVldGFzLWRl\/LXJlZnVnaWFkby1l\/bi1lbC5qcGc_cz02\/MTJ4NjEyJnc9MCZr\/PTIwJmM9ZHZ2WFNp\/Vy00ZFRUZ2JKc2Zf\/Ti1WVVZvWU1idlF4\/XzhMMkVTdjFLNExa\/WT0\"><img loading=\"lazy\" decoding=\"async\" class=\"aligncenter size-large\" src=\"https:\/\/imgs.search.brave.com\/eEoMofVjZLyL6IBGFizwR_TlU4M7tMe4BcYe3DYURvs\/rs:fit:860:0:0:0\/g:ce\/aHR0cHM6Ly9tZWRp\/YS5pc3RvY2twaG90\/by5jb20vaWQvMTI4\/MzgwMDQ0My9lcy92\/ZWN0b3IvZCVDMyVB\/RGEtaW50ZXJuYWNp\/b25hbC1kZWwtbWln\/cmFudGUtMTgtZGUt\/ZGljaWVtYnJlLWJh\/bm5lci13ZWItY29u\/LXNpbHVldGFzLWRl\/LXJlZnVnaWFkby1l\/bi1lbC5qcGc_cz02\/MTJ4NjEyJnc9MCZr\/PTIwJmM9ZHZ2WFNp\/Vy00ZFRUZ2JKc2Zf\/Ti1WVVZvWU1idlF4\/XzhMMkVTdjFLNExa\/WT0\" width=\"612\" height=\"231\" \/><\/a><\/p>\n<p class=\"padding-t-resp-not font-size-l fuente-corporativa font-weight-b\"><a class=\"\" href=\"https:\/\/www.rtpa.es\/noticias-asturias-ast\/2025-12-17\/La-vivienda-y-la-tarxeta-sanitaria,-principales-esmoliciones-d'inmigrantes-n'Aviles_111765974417.html\">La vivienda y la tarxeta sanitaria, principales esmoliciones d&#8217;inmigrantes n&#8217;Avil\u00e9s<\/a><\/p>\n<p style=\"text-align: center\"><a href=\"https:\/\/www.rtpa.es\/fotos\/\/25\/12\/20251217133308_RTPA7484380.webp\"><img loading=\"lazy\" decoding=\"async\" class=\"aligncenter size-large\" src=\"https:\/\/www.rtpa.es\/fotos\/\/25\/12\/20251217133308_RTPA7484380.webp\" width=\"853\" height=\"480\" \/><\/a><\/p>\n<div id=\"noticiacompleta\" class=\"parragraph-padding font-c-conent\">\n<p class=\"font-size-m padding-b-20 font-weight-b margin-t-16\">L&#8217;Ayuntamientu d&#8217;Avil\u00e9s presenta&#8217;l VIII Diagn\u00f3sticu de la Inmigraci\u00f3n.\u00a0Un estudiu desvela que les principales esmoliciones de la poblaci\u00f3n inmigrante d&#8217;Avil\u00e9s ta na torga d&#8217;acceder a una vivienda, con precios por habitaci\u00f3n que superen los 300 euros, y la falta de tarxeta sanitaria, sobre manera pol mieu a ser denunciaos nel casu de les persones que nun tienen documentaci\u00f3n.<\/p>\n<p>L&#8217;Ayuntamientu d&#8217;Avil\u00e9s present\u00f3 esti mi\u00e9rcoles el VIII Diagn\u00f3sticu de la Inmigraci\u00f3n d&#8217;Avil\u00e9s fechu en 2024 bas\u00e1u nuna encuesta a 294 persones de les 4.258 estranxeres censaes vinientes de 27 nacionalidaes distintes, anque sobre manera colombianos, venezolanos y peruanos.<\/p>\n<p>L&#8217;estudiu foi fechu pola Rede Odina, financiada pola Conseyer\u00eda de Derechos Sociales y Bienestar del Princip\u00e1u, en collaboraci\u00f3n col Ayuntamientu d&#8217;Avil\u00e9s y les entidaes inxertes nel Grupu Local de la Inmigraci\u00f3n n&#8217;Avil\u00e9s (GLIA).<\/p>\n<\/div>\n","protected":false},"excerpt":{"rendered":"<p>Ye una celebraci\u00f3n a\u00f1al que tien llugar el 18 d&#8217;avientu dende 2000, instaurada pola Asamblea Xeneral de les Naciones Xun\u00edes n&#8217;ese mesmu a\u00f1u.<\/p>\n","protected":false},"author":117,"featured_media":0,"comment_status":"closed","ping_status":"closed","sticky":false,"template":"","format":"standard","meta":{"footnotes":""},"categories":[6,475],"tags":[],"class_list":["post-63049","post","type-post","status-publish","format-standard","hentry","category-dia-de","category-emigracion"],"_links":{"self":[{"href":"https:\/\/edublog.educastur.es\/ixuxu\/wp-json\/wp\/v2\/posts\/63049","targetHints":{"allow":["GET"]}}],"collection":[{"href":"https:\/\/edublog.educastur.es\/ixuxu\/wp-json\/wp\/v2\/posts"}],"about":[{"href":"https:\/\/edublog.educastur.es\/ixuxu\/wp-json\/wp\/v2\/types\/post"}],"author":[{"embeddable":true,"href":"https:\/\/edublog.educastur.es\/ixuxu\/wp-json\/wp\/v2\/users\/117"}],"replies":[{"embeddable":true,"href":"https:\/\/edublog.educastur.es\/ixuxu\/wp-json\/wp\/v2\/comments?post=63049"}],"version-history":[{"count":7,"href":"https:\/\/edublog.educastur.es\/ixuxu\/wp-json\/wp\/v2\/posts\/63049\/revisions"}],"predecessor-version":[{"id":64025,"href":"https:\/\/edublog.educastur.es\/ixuxu\/wp-json\/wp\/v2\/posts\/63049\/revisions\/64025"}],"wp:attachment":[{"href":"https:\/\/edublog.educastur.es\/ixuxu\/wp-json\/wp\/v2\/media?parent=63049"}],"wp:term":[{"taxonomy":"category","embeddable":true,"href":"https:\/\/edublog.educastur.es\/ixuxu\/wp-json\/wp\/v2\/categories?post=63049"},{"taxonomy":"post_tag","embeddable":true,"href":"https:\/\/edublog.educastur.es\/ixuxu\/wp-json\/wp\/v2\/tags?post=63049"}],"curies":[{"name":"wp","href":"https:\/\/api.w.org\/{rel}","templated":true}]}}