{"id":63062,"date":"2025-12-07T08:30:33","date_gmt":"2025-12-07T06:30:33","guid":{"rendered":"https:\/\/edublog.educastur.es\/ixuxu\/?p=63062"},"modified":"2025-12-07T14:53:26","modified_gmt":"2025-12-07T12:53:26","slug":"el-tiempu-el-comercio-203","status":"publish","type":"post","link":"https:\/\/edublog.educastur.es\/ixuxu\/2025\/12\/el-tiempu-el-comercio-203\/","title":{"rendered":"El tiempu (El Comercio)"},"content":{"rendered":"<p style=\"text-align: center\"><a href=\"https:\/\/s1.ppllstatics.com\/elcomercio\/www\/multimedia\/2025\/12\/06\/tiempo-asturias-domingo-7-diciembre-kX0H-U2302588077118HVD-1200x870@El%20Comercio.jpg\"><img loading=\"lazy\" decoding=\"async\" class=\"aligncenter size-large\" src=\"https:\/\/s1.ppllstatics.com\/elcomercio\/www\/multimedia\/2025\/12\/06\/tiempo-asturias-domingo-7-diciembre-kX0H-U2302588077118HVD-1200x870@El%20Comercio.jpg\" width=\"1200\" height=\"868\" \/><\/a><\/p>\n<p>Esperamos una xornada estable tal que taba prevista. A lo sumo prevense intervalos de nubes altes ensin importancia que podr\u00eden dexar el cielu atapec\u00edu. Asina tou, tami\u00e9n va haber momentos nos que se van abrir grandes claros. <strong>Les nubes<\/strong> baxes, s\u00eda que non, van reparase na zona m\u00e1s al sur d&#8217;Asturies. Mientres <strong>la tarde-nueche<\/strong> nun se refuga que puedan apaecer pel oeste delles nubes de tipu medio pero que tampoco van tener importancia cuidao que la probabilid\u00e1 de precipitaciones para g\u00fcei va ser dafechu nula. <strong>Los vientos<\/strong> van soplar de suroeste moderaos con posibilid\u00e1 de delles raches localmente fuertes nel terciu oeste y tami\u00e9n en zones altes del cordal. <strong>Les temperatures m\u00e1ximes<\/strong> van ser bien similares a les d&#8217;esti s\u00e1badu, inclusive podr\u00eden xubir llixeramente un poco na mari\u00f1a oriental. <strong>Les m\u00ednimes<\/strong> tampoco van esperimentar variaciones importantes. Poro, va ser un d\u00eda estable y con unes temperatures bien prestoses para les feches nes qu&#8217;atopamos. Tocantes a la mar, l&#8217;avisu por aguaxe va concluyir a les 9 de la ma\u00f1ana na mari\u00f1a occidental y a les 11 de la ma\u00f1ana na oriental. Esti bon tiempu tami\u00e9n va tener llugar ma\u00f1ana llunes y gran parte del martes.<\/p>\n","protected":false},"excerpt":{"rendered":"<p>Esperamos una xornada estable tal que taba prevista. A lo sumo prevense intervalos de nubes altes ensin importancia que podr\u00eden dexar el cielu atapec\u00edu. Asina tou, tami\u00e9n va haber momentos nos que se van abrir grandes claros. Les nubes baxes, s\u00eda que non, van reparase na zona m\u00e1s al sur d&#8217;Asturies. Mientres la tarde-nueche nun [&hellip;]<\/p>\n","protected":false},"author":117,"featured_media":0,"comment_status":"closed","ping_status":"closed","sticky":false,"template":"","format":"standard","meta":{"footnotes":""},"categories":[5],"tags":[],"class_list":["post-63062","post","type-post","status-publish","format-standard","hentry","category-tiempu"],"_links":{"self":[{"href":"https:\/\/edublog.educastur.es\/ixuxu\/wp-json\/wp\/v2\/posts\/63062","targetHints":{"allow":["GET"]}}],"collection":[{"href":"https:\/\/edublog.educastur.es\/ixuxu\/wp-json\/wp\/v2\/posts"}],"about":[{"href":"https:\/\/edublog.educastur.es\/ixuxu\/wp-json\/wp\/v2\/types\/post"}],"author":[{"embeddable":true,"href":"https:\/\/edublog.educastur.es\/ixuxu\/wp-json\/wp\/v2\/users\/117"}],"replies":[{"embeddable":true,"href":"https:\/\/edublog.educastur.es\/ixuxu\/wp-json\/wp\/v2\/comments?post=63062"}],"version-history":[{"count":3,"href":"https:\/\/edublog.educastur.es\/ixuxu\/wp-json\/wp\/v2\/posts\/63062\/revisions"}],"predecessor-version":[{"id":63065,"href":"https:\/\/edublog.educastur.es\/ixuxu\/wp-json\/wp\/v2\/posts\/63062\/revisions\/63065"}],"wp:attachment":[{"href":"https:\/\/edublog.educastur.es\/ixuxu\/wp-json\/wp\/v2\/media?parent=63062"}],"wp:term":[{"taxonomy":"category","embeddable":true,"href":"https:\/\/edublog.educastur.es\/ixuxu\/wp-json\/wp\/v2\/categories?post=63062"},{"taxonomy":"post_tag","embeddable":true,"href":"https:\/\/edublog.educastur.es\/ixuxu\/wp-json\/wp\/v2\/tags?post=63062"}],"curies":[{"name":"wp","href":"https:\/\/api.w.org\/{rel}","templated":true}]}}