{"id":63069,"date":"2025-12-07T15:53:07","date_gmt":"2025-12-07T13:53:07","guid":{"rendered":"https:\/\/edublog.educastur.es\/ixuxu\/?p=63069"},"modified":"2025-12-07T15:55:04","modified_gmt":"2025-12-07T13:55:04","slug":"el-pueblu-asturianu-mas-navidiegu","status":"publish","type":"post","link":"https:\/\/edublog.educastur.es\/ixuxu\/2025\/12\/el-pueblu-asturianu-mas-navidiegu\/","title":{"rendered":"El pueblu asturianu m\u00e1s navidiegu"},"content":{"rendered":"<p style=\"text-align: center\">\n<p style=\"text-align: center\"><a href=\"https:\/\/estaticos-cdn.prensaiberica.es\/clip\/91aca944-055a-4c1a-a4fb-9d49ab0be8ca_source-aspect-ratio_default_0.jpg\"><img loading=\"lazy\" decoding=\"async\" class=\"aligncenter size-large\" src=\"https:\/\/estaticos-cdn.prensaiberica.es\/clip\/91aca944-055a-4c1a-a4fb-9d49ab0be8ca_source-aspect-ratio_default_0.jpg\" width=\"2000\" height=\"1333\" \/><\/a><\/p>\n<p><span style=\"color: #008080\">La localid\u00e1 quirosana d&#8217;<strong><span style=\"color: #008080\">Acie<\/span>ra<\/strong> <\/span>sup\u00e9rase a s\u00ed mesma otru a\u00f1u m\u00e1s: nenguna casa ensin lluces nel pueblu m\u00e1s navidiegu del mundu. Nenguna casa ensin lluces nel pueblu m\u00e1s navidiegu del mundu. Una ensame de visitantes allega al encend\u00edu: \u00abNun los creemos. Y\u00e1 va d\u00edes que vien xente, inclusive de Tenerife\u00bb, dicen los vecinos. El Conceyu pon en marcha un microb\u00fas para xubir al pueblu nes fines de selmana y d\u00edes festivos. <a href=\"https:\/\/www.lne.es\/fotos\/2025\/12\/06\/imagenes-brilla-aciera-pueblo-asturiano-124529270.html\">LNE<\/a><\/p>\n<p><!--more--><\/p>\n<p style=\"text-align: center\"><a href=\"https:\/\/estaticos-cdn.prensaiberica.es\/clip\/fac1b515-bd2c-42df-80ea-6a9ec1d35f9b_source-aspect-ratio_default_0.jpg\"><img loading=\"lazy\" decoding=\"async\" class=\"aligncenter size-large\" src=\"https:\/\/estaticos-cdn.prensaiberica.es\/clip\/fac1b515-bd2c-42df-80ea-6a9ec1d35f9b_source-aspect-ratio_default_0.jpg\" width=\"1600\" height=\"1200\" \/><\/a><\/p>\n<p>Una Navid\u00e1 m\u00e1s, l&#8217;aldega gan\u00f3 en densid\u00e1 y calid\u00e1 d&#8217;adornos y lluces. Y tal ye l&#8217;arribaci\u00f3n de curiosos y turistes a esta localid\u00e1 enclavada na falda del macizu de Les Ubi\u00f1es, que&#8217;l Conceyu de Quir\u00f3s instaur\u00f3 un serviciu de microb\u00fas qu&#8217;esta tarde empez\u00f3 a funcionar a plenu rendimientu.<\/p>\n<p style=\"text-align: center\"><a href=\"https:\/\/estaticos-cdn.prensaiberica.es\/clip\/45b3eef4-c179-49bf-9a52-6c78ced8fa2b_source-aspect-ratio_default_0.jpg\"><img loading=\"lazy\" decoding=\"async\" class=\"aligncenter size-large\" src=\"https:\/\/estaticos-cdn.prensaiberica.es\/clip\/45b3eef4-c179-49bf-9a52-6c78ced8fa2b_source-aspect-ratio_default_0.jpg\" width=\"1600\" height=\"1200\" \/><\/a><\/p>\n","protected":false},"excerpt":{"rendered":"<p>La localid\u00e1 quirosana d&#8217;Aciera sup\u00e9rase a s\u00ed mesma otru a\u00f1u m\u00e1s: nenguna casa ensin lluces nel pueblu m\u00e1s navidiegu del mundu. Nenguna casa ensin lluces nel pueblu m\u00e1s navidiegu del mundu. Una ensame de visitantes allega al encend\u00edu: \u00abNun los creemos. Y\u00e1 va d\u00edes que vien xente, inclusive de Tenerife\u00bb, dicen los vecinos. El Conceyu [&hellip;]<\/p>\n","protected":false},"author":117,"featured_media":0,"comment_status":"closed","ping_status":"closed","sticky":false,"template":"","format":"standard","meta":{"footnotes":""},"categories":[81],"tags":[],"class_list":["post-63069","post","type-post","status-publish","format-standard","hentry","category-nadal"],"_links":{"self":[{"href":"https:\/\/edublog.educastur.es\/ixuxu\/wp-json\/wp\/v2\/posts\/63069","targetHints":{"allow":["GET"]}}],"collection":[{"href":"https:\/\/edublog.educastur.es\/ixuxu\/wp-json\/wp\/v2\/posts"}],"about":[{"href":"https:\/\/edublog.educastur.es\/ixuxu\/wp-json\/wp\/v2\/types\/post"}],"author":[{"embeddable":true,"href":"https:\/\/edublog.educastur.es\/ixuxu\/wp-json\/wp\/v2\/users\/117"}],"replies":[{"embeddable":true,"href":"https:\/\/edublog.educastur.es\/ixuxu\/wp-json\/wp\/v2\/comments?post=63069"}],"version-history":[{"count":4,"href":"https:\/\/edublog.educastur.es\/ixuxu\/wp-json\/wp\/v2\/posts\/63069\/revisions"}],"predecessor-version":[{"id":63073,"href":"https:\/\/edublog.educastur.es\/ixuxu\/wp-json\/wp\/v2\/posts\/63069\/revisions\/63073"}],"wp:attachment":[{"href":"https:\/\/edublog.educastur.es\/ixuxu\/wp-json\/wp\/v2\/media?parent=63069"}],"wp:term":[{"taxonomy":"category","embeddable":true,"href":"https:\/\/edublog.educastur.es\/ixuxu\/wp-json\/wp\/v2\/categories?post=63069"},{"taxonomy":"post_tag","embeddable":true,"href":"https:\/\/edublog.educastur.es\/ixuxu\/wp-json\/wp\/v2\/tags?post=63069"}],"curies":[{"name":"wp","href":"https:\/\/api.w.org\/{rel}","templated":true}]}}