{"id":63092,"date":"2025-12-07T18:37:30","date_gmt":"2025-12-07T16:37:30","guid":{"rendered":"https:\/\/edublog.educastur.es\/ixuxu\/?p=63092"},"modified":"2025-12-07T18:39:54","modified_gmt":"2025-12-07T16:39:54","slug":"63092","status":"publish","type":"post","link":"https:\/\/edublog.educastur.es\/ixuxu\/2025\/12\/63092\/","title":{"rendered":"La implantaci\u00f3n d&#8217;una tasa tur\u00edstica voluntaria n&#8217;Asturies"},"content":{"rendered":"<p style=\"text-align: center\"><a href=\"https:\/\/estaticos-cdn.prensaiberica.es\/clip\/bbdf86b9-f38e-4c2d-82c9-08c683d58155_16-9-discover-aspect-ratio_default_0.webp\"><img loading=\"lazy\" decoding=\"async\" class=\"aligncenter size-large\" src=\"https:\/\/estaticos-cdn.prensaiberica.es\/clip\/bbdf86b9-f38e-4c2d-82c9-08c683d58155_16-9-discover-aspect-ratio_default_0.webp\" width=\"1200\" height=\"675\" \/><\/a><\/p>\n<p>\u00bfQu\u00e9 ye la tasa tur\u00edstica, c\u00f3mo funciona y para qu\u00e9 sirve? El canon que va enllantar Asturies \u00abnun va sirvir para frenar la masificaci\u00f3n\u00bb, alverten los espertos<br \/>\n\u00abLos ingresos tienen de dir pa lo que se marc\u00f3, de normal para meyores que redunden nos visitantes, como iguar el vall\u00e1u de la Sienda del Osu; el dineru nun puede acabar na caxa com\u00fan\u00bb, avisa l&#8217;especialista Eduardo del Valle \u00bfQu\u00e9 ye la tasa tur\u00edstica?<\/p>\n<p><!--more--><br \/>\nLa implantaci\u00f3n d&#8217;una tasa tur\u00edstica voluntaria n&#8217;Asturies foi una de les condiciones, non la \u00fanica, qu&#8217;asumi\u00f3&#8217;l Gobiernu rexonal (PSOE ya IX) por que la diputada non adscrita y l\u00edder de Somos, Cuadonga Tom\u00e9, diera&#8217;l so indispensable sofitu a los presupuestos del pr\u00f3ximu a\u00f1u. Una iniciativa ent\u00e1 en pa\u00f1ales, de la que se fal\u00f3 hasta agora bien percima, pero que tien fecha d&#8217;implantaci\u00f3n como esix\u00f3 Tom\u00e9: el pr\u00f3ximu branu y a nivel local, nos conceyos qu&#8217;asina lo soliciten.<\/p>\n<p>L&#8217;alderique ta sirv\u00edu n&#8217;Asturies, onde dichu recargu cunta col refugu en bloque del sector empresarial, lo mesmo que de la oposici\u00f3n na Xunta. Anque ye un asuntu relativamente novedosu na rex\u00f3n, la tasa tur\u00edstica nin ye daqu\u00e9 nuevu nin ye&#8217;l remediu que tou lo soluciona.<\/p>\n<p>Asina lo alvierte Eduardo del Valle Tuero, profesor de Comercializaci\u00f3n ya Investigaci\u00f3n de Mercaos de la Facult\u00e1 de Comerciu y Turismu de la Universid\u00e1 d&#8217;Uvi\u00e9u. \u00abLleva munchos a\u00f1os enllantada y\u00e1 en diversos pa\u00edses d&#8217;Europa, sobremanera, a nivel local en grandes ciudaes\u00bb, esplica.<\/p>\n<p>&nbsp;<\/p>\n<p>El profesor, que public\u00f3 trabayos con otros colegues sobro la tasa \u2013<strong>un impuestu que grava davezu al visitante al travi\u00e9s del agospiamientu y que busca recaldar p&#8217;ameyorar la xesti\u00f3n tur\u00edstica<\/strong>\u2013, celebra que n&#8217;Asturies s&#8217;abra l&#8217;alderique, pero alvierte de qu&#8217;una hipot\u00e9tica implantaci\u00f3n del cobru rique un anal\u00eds \u00abcon precuru, en fondura y refechu\u00bb de lo que se quier: oxetivu \u00abclaru\u00bb, bien xustific\u00e1u y apostar por un modelu que s&#8217;afaiga a les particularidaes del sector tur\u00edsticu del territoriu. En resume, hai que ser tresparentes nel usu, n\u00edtidos nel so oxetivu y refechos nel siguimientu de la so aplicaci\u00f3n, en palabres del profesor.<\/p>\n<p>Llugares con tasa tur\u00edstica. \u00abSuelen ser grandes ciudaes, con muncho patrimoniu y elev\u00e1u fluxu tur\u00edstico les que la tienen, am\u00e1s de delles comunidaes aut\u00f3nomes\u00bb, apunta&#8217;l profesor del Valle. \u00abLos llugares que lu apliquen suelen tener de mancom\u00fan muncho fluxu de xente y muncha variabilid\u00e1 tur\u00edstica\u00bb.<\/p>\n<p>Oxetivu. \u00abTr\u00e1tase de compensar externalidades negatives\u00bb, esplica Eduardo del Valle, quien defende que tien que ser un impuestu finalista nel sent\u00edu de que si s&#8217;enllanta tien que quedar claro \u00abpa qu\u00e9\u00bb y xustificalo. \u00abHai que tener cuid\u00e1u, muncho cuidu. Porque l&#8217;ingresu tien de dir al dest\u00edn marc\u00e1u\u00bb.<\/p>\n<p>&nbsp;<\/p>\n<p>En principiu habr\u00eda qu&#8217;identificar eses \u00abexternalidades negatives\u00bb del turismu que, por casu, podr\u00eden ser el deterioru de caminos o d&#8217;un determin\u00e1u recursu por una arribaci\u00f3n elevada de visitantes, qu&#8217;obligue a arreglos. \u00abAsoc\u00e9deme n&#8217;Asturies, por casu, camudar el vall\u00e1u de la Sienda del Osu\u00bb, apunta&#8217;l profesor, quien aportuna: \u00abLo que nun puede ser ye que la recaldaci\u00f3n dest\u00ednese a otra activid\u00e1, porque asina se tar\u00eda desvirtuando. Tantu a visitantes, como a les empreses, como a los residentes, tien de d\u00e1se-yos una esplicaci\u00f3n bien clara de qu\u00e9 ye la tasa y pa qu\u00e9 se cobra. Lo que nun puede ser ye qu&#8217;esi dineru acabe na caxa com\u00fan. Porque asina perder\u00eda \u00e9situ\u00bb.<\/p>\n","protected":false},"excerpt":{"rendered":"<p>\u00bfQu\u00e9 ye la tasa tur\u00edstica, c\u00f3mo funciona y para qu\u00e9 sirve? El canon que va enllantar Asturies \u00abnun va sirvir para frenar la masificaci\u00f3n\u00bb, alverten los espertos \u00abLos ingresos tienen de dir pa lo que se marc\u00f3, de normal para meyores que redunden nos visitantes, como iguar el vall\u00e1u de la Sienda del Osu; el [&hellip;]<\/p>\n","protected":false},"author":117,"featured_media":0,"comment_status":"closed","ping_status":"closed","sticky":false,"template":"","format":"standard","meta":{"footnotes":""},"categories":[18],"tags":[],"class_list":["post-63092","post","type-post","status-publish","format-standard","hentry","category-turismu"],"_links":{"self":[{"href":"https:\/\/edublog.educastur.es\/ixuxu\/wp-json\/wp\/v2\/posts\/63092","targetHints":{"allow":["GET"]}}],"collection":[{"href":"https:\/\/edublog.educastur.es\/ixuxu\/wp-json\/wp\/v2\/posts"}],"about":[{"href":"https:\/\/edublog.educastur.es\/ixuxu\/wp-json\/wp\/v2\/types\/post"}],"author":[{"embeddable":true,"href":"https:\/\/edublog.educastur.es\/ixuxu\/wp-json\/wp\/v2\/users\/117"}],"replies":[{"embeddable":true,"href":"https:\/\/edublog.educastur.es\/ixuxu\/wp-json\/wp\/v2\/comments?post=63092"}],"version-history":[{"count":3,"href":"https:\/\/edublog.educastur.es\/ixuxu\/wp-json\/wp\/v2\/posts\/63092\/revisions"}],"predecessor-version":[{"id":63095,"href":"https:\/\/edublog.educastur.es\/ixuxu\/wp-json\/wp\/v2\/posts\/63092\/revisions\/63095"}],"wp:attachment":[{"href":"https:\/\/edublog.educastur.es\/ixuxu\/wp-json\/wp\/v2\/media?parent=63092"}],"wp:term":[{"taxonomy":"category","embeddable":true,"href":"https:\/\/edublog.educastur.es\/ixuxu\/wp-json\/wp\/v2\/categories?post=63092"},{"taxonomy":"post_tag","embeddable":true,"href":"https:\/\/edublog.educastur.es\/ixuxu\/wp-json\/wp\/v2\/tags?post=63092"}],"curies":[{"name":"wp","href":"https:\/\/api.w.org\/{rel}","templated":true}]}}