{"id":63099,"date":"2025-12-06T18:30:40","date_gmt":"2025-12-06T16:30:40","guid":{"rendered":"https:\/\/edublog.educastur.es\/ixuxu\/?p=63099"},"modified":"2025-12-07T18:50:22","modified_gmt":"2025-12-07T16:50:22","slug":"abeu-llancen-aguilandos-adelantu-nuevu-del-so-primer-discu","status":"publish","type":"post","link":"https:\/\/edublog.educastur.es\/ixuxu\/2025\/12\/abeu-llancen-aguilandos-adelantu-nuevu-del-so-primer-discu\/","title":{"rendered":"Ab\u00e9u llancen \u2018AGUILANDOS\u2019, adelantu nuevu del so primer discu"},"content":{"rendered":"<p>Tres d\u2019estrenar hai un mes \u2018L.LIXEROS\u2019, <span class=\"html-span xdj266r x14z9mp xat24cr x1lziwak xexx8yu xyri2b x18d9i69 x1c1uobl x1hl2dhg x16tdsg8 x1vvkbs\"><a class=\"x1i10hfl xjbqb8w x1ejq31n x18oe1m7 x1sy0etr xstzfhl x972fbf x10w94by x1qhh985 x14e42zd x9f619 x1ypdohk xt0psk2 x3ct3a4 xdj266r x14z9mp xat24cr x1lziwak xexx8yu xyri2b x18d9i69 x1c1uobl x16tdsg8 x1hl2dhg xggy1nq x1a2a7pz xkrqix3 x1sur9pj x1fey0fg x1s688f\" role=\"link\" href=\"https:\/\/www.facebook.com\/profile.php?id=100044418499734&amp;__cft__[0]=AZUZtzisXPqVa22xujiGmhAaKf1hwzLyyDAG7yHbGq5klgJXsE-clNaWEljdkvOAgjOER_SJBQdqb6mpFG-0ireKdYuQg7twCgnbKbCkkG6m9jgdD95KL3EtNmEIGIk93-zpHMyx92eRIU1zaPAp1_W6BBACL91RF3qoDhtp8yX3Rv-HzLvFXWGmuPIGo21lKAxc_BTkH2QHRjdAjkWCsTr1&amp;__tn__=-]K-y-R\"><span class=\"xt0psk2\"><span class=\"xjp7ctv\">Ab\u00e9u<\/span><\/span><\/a><\/span> tornen col segundu adelantu del que va ser la so primer referencia discogr\u00e1fica: &#8216;K-MUDAR&#8217; <span class=\"html-span xexx8yu xyri2b x18d9i69 x1c1uobl x1hl2dhg x16tdsg8 x1vvkbs x3nfvp2 x1j61x8r x1fcty0u xdj266r xat24cr xm2jcoa x1mpyi22 xxymvpz xlup9mm x1kky2od\"><img loading=\"lazy\" decoding=\"async\" class=\"xz74otr x15mokao x1ga7v0g x16uus16 xbiv7yw\" src=\"https:\/\/static.xx.fbcdn.net\/images\/emoji.php\/v9\/t7\/1\/16\/1f384.png\" alt=\"\ud83c\udf84\" width=\"16\" height=\"16\" \/><\/span> Tr\u00e1tase de \u2018AGUILANDOS\u2018, una entrega compuesta por dos pieces tradicionales \u2018LA PICA\u2018 y \u2018LAS MURIAS\u2018 y nelles destaca la collaboraci\u00f3n de componentes del <span class=\"html-span xdj266r x14z9mp xat24cr x1lziwak xexx8yu xyri2b x18d9i69 x1c1uobl x1hl2dhg x16tdsg8 x1vvkbs\"><a class=\"x1i10hfl xjbqb8w x1ejq31n x18oe1m7 x1sy0etr xstzfhl x972fbf x10w94by x1qhh985 x14e42zd x9f619 x1ypdohk xt0psk2 x3ct3a4 xdj266r x14z9mp xat24cr x1lziwak xexx8yu xyri2b x18d9i69 x1c1uobl x16tdsg8 x1hl2dhg xggy1nq x1a2a7pz xkrqix3 x1sur9pj x1fey0fg x1s688f\" role=\"link\" href=\"https:\/\/www.facebook.com\/profile.php?id=100063076848267&amp;__cft__[0]=AZUZtzisXPqVa22xujiGmhAaKf1hwzLyyDAG7yHbGq5klgJXsE-clNaWEljdkvOAgjOER_SJBQdqb6mpFG-0ireKdYuQg7twCgnbKbCkkG6m9jgdD95KL3EtNmEIGIk93-zpHMyx92eRIU1zaPAp1_W6BBACL91RF3qoDhtp8yX3Rv-HzLvFXWGmuPIGo21lKAxc_BTkH2QHRjdAjkWCsTr1&amp;__tn__=-]K-y-R\"><span class=\"xt0psk2\"><span class=\"xjp7ctv\">Grupo folkl\u00f3rico Trebeyu<\/span><\/span><\/a><\/span>. <a href=\"https:\/\/musicasturiana.com\/abeu-llancen-aguilandos-adelantu-nuevu-del-so-primer-discu\/?fbclid=IwY2xjawOijuNleHRuA2FlbQIxMQBzcnRjBmFwcF9pZBAyMjIwMzkxNzg4MjAwODkyAAEeNfEqknzCBIE158UzhB0QT6BvfJ4XqOSNkg3l7KWZRNLPyR-pE3hxFqpszh0_aem_LMRegghM5faVONOycAqXNA\">Musicasturiana.com<\/a> \/Les pieces tradicionales &#8216;La Pica&#8217; y &#8216;Las Murias&#8217; y la collaboraci\u00f3n de Trebeyu dan forma a la nueva entrega d&#8217;esti cuartetu mozu.<\/p>\n<p style=\"text-align: center\">\n<!-- iframe plugin v.6.0 wordpress.org\/plugins\/iframe\/ -->\n<iframe data-testid=\"embed-iframe\" style=\"border-radius:12px\" src=\"https:\/\/open.spotify.com\/embed\/album\/0jP2pLg6RAsKMz7ans4v4e?utm_source=generator\" width=\"100%\" height=\"352\" frameborder=\"0\" allowfullscreen allow=\"autoplay; clipboard-write; encrypted-media; fullscreen; picture-in-picture\" loading=\"lazy\" 0=\"\/iframe\" scrolling=\"yes\" class=\"iframe-class\"><\/iframe>\n<\/p>\n<p><!--more--><\/p>\n<p style=\"text-align: center\"><a href=\"https:\/\/musicasturiana.com\/wp-content\/uploads\/2025\/12\/aguilandos-abeu.jpg\"><img loading=\"lazy\" decoding=\"async\" class=\"aligncenter size-large\" src=\"https:\/\/musicasturiana.com\/wp-content\/uploads\/2025\/12\/aguilandos-abeu.jpg\" width=\"1200\" height=\"600\" \/><\/a><\/p>\n<p>&nbsp;<\/p>\n<p>Tres d\u2019estrenar hai un mes\u00a0<a href=\"https:\/\/orcd.co\/llixeros\" target=\"_blank\" rel=\"noreferrer noopener\"><strong>\u2018L.LIXEROS\u2019<\/strong><\/a>, Ab\u00e9u tornen col segundu adelantu del que va ser la so primer referencia discogr\u00e1fica:\u00a0<em><strong>K-MUDAR<\/strong><\/em>. Tr\u00e1tase de \u2018<strong><a href=\"https:\/\/open.spotify.com\/intl-es\/album\/0jP2pLg6RAsKMz7ans4v4e?si=s0qUCxOpS425H7TjVKvR8w\" target=\"_blank\" rel=\"noreferrer noopener\">AGUILANDOS<\/a><\/strong>\u2018, una entrega compuesta por dos pieces tradicionales \u2018<a href=\"https:\/\/open.spotify.com\/track\/2T4w7QwyvpTIqBLzzP35Ic\" target=\"_blank\" rel=\"noopener\">LA PICA<\/a>\u2018 y \u2018<a href=\"https:\/\/open.spotify.com\/track\/0ve9tz6XIctgtXjLWh0gTf\" target=\"_blank\" rel=\"noopener\">LAS MURIAS<\/a>\u2018 y nelles destaca la collaboraci\u00f3n de componentes del Grupu Folcl\u00f3ricu\u00a0<strong>Trebeyu<\/strong>.<\/p>\n<p>Con esta entrega nueva d\u2019unos cantares venceyaos a estes feches navidiegues, Ab\u00e9u contin\u00faen desvelando caracter\u00edstiques que van dar forma al so primer \u00e1lbum en solitario, un trabayu del que falen asina: \u201c<em>K-MUDAR\u00a0<\/em>ye un proyeutu que pretende ufiertar una\u00a0<strong>interpretaci\u00f3n actualizada de la m\u00fasica tradicional<\/strong>\u00a0asturiana dende\u2019l son\u00edu que nos identifica y que llevamos definiendo dende la creaci\u00f3n del grupu en 2018, dende lo que somos,\u00a0<strong>xirando tou al rodiu del relevu xeneracional<\/strong>, nel que confiamos y al que queremos poner en valor\u00bb.<\/p>\n<p>La publicaci\u00f3n d\u2019esti discu ta prevista pa la primavera de 2026 y, am\u00e1s de los singles,\u00a0<strong>Ab\u00e9u<\/strong>\u00a0t\u00e1n en met\u00e1 d\u2019una campa\u00f1a de crowdfunding na plataforma\u00a0<strong><a href=\"https:\/\/www.verkami.com\/locale\/ast\/projects\/42168-k-mudar\" target=\"_blank\" rel=\"noreferrer noopener\">Verkami<\/a>\u00a0<\/strong>cola que y\u00e1 lleven m\u00e1s de 5.000 euros recaudaos. La xente pue siguir faciendo\u00a0<strong>hasta\u2019l 20 d\u2019avientu<\/strong>\u00a0aportaciones al proyectu\u00a0<strong>poniendo dende 22 euros hasta 100 euros<\/strong>. Dalgunos de los productos que se van recibir a cambiu son l\u2019\u00e1lbum en\u00a0<strong>formatu caxa + usb<\/strong>, dos modelos de camiseta, sudadera, abanicu, botella d\u2019agua, tote y hasta un collar, unos\u00a0<strong>perendengues\u00a0<\/strong>y una\u00a0<strong>pandereta artesanal\u00a0<\/strong>fecha por Edu Llosa -guitarrista del grupu.<\/p>\n<div class=\"wp-block-spacer\" aria-hidden=\"true\"><\/div>\n<h2 class=\"wp-block-heading\"><mark class=\"has-inline-color\">7 a\u00f1os de cam\u00edn<\/mark><\/h2>\n<p>En 2018\u00a0<strong>cuatro adolescentes<\/strong>\u00a0de Xix\u00f3n venceyaos al Grupu Folcl\u00f3ricu Trebeyu crearon\u00a0<strong>Ab\u00e9u<\/strong>, una formaci\u00f3n de voz y percusi\u00f3n tradicional. Pas\u00edn a pasu, esti grupu foi dando conciertos, ensayando, andando a la gueta d\u2019un son\u00edu que-yos convenciera\u2026 Angua\u00f1o la banda ta formada por\u00a0<strong>Paula Vega<\/strong>\u00a0(voz y percusi\u00f3n),\u00a0<strong>\u00d3scar Vega<\/strong>\u00a0(voz y percusi\u00f3n),\u00a0<strong>Mar\u00eda Blanco<\/strong>\u00a0(voz y percusi\u00f3n) y\u00a0<strong>Edu Llosa\u00a0<\/strong>(voz y percusi\u00f3n) y afirmen que \u00abdempu\u00e9s de\u00a0<strong>varios intentos<\/strong>\u00a0dende la creaci\u00f3n del grupu y de tener la sensaci\u00f3n de\u00a0<strong>nun dar cola tecla<\/strong>\u00ab, hai un tiempu qu\u2019algamaron \u00abla\u00a0<strong>direcci\u00f3n\u00a0<\/strong>que m\u00e1s representa a Ab\u00e9u\u00bb. Na primavera va vese\u2019l result\u00e1u con\u00a0<em>K-MUDAR<\/em>, un discu nel que\u2019l grupu afirma que quixo \u00abesperimentar y arriesgar\u00a0<strong>esperimentar y arriesgar\u00a0<\/strong>pero calteniendo siempre\u2019l son\u00edu\u00bb que los caracteriza.<\/p>\n","protected":false},"excerpt":{"rendered":"<p>Tres d\u2019estrenar hai un mes \u2018L.LIXEROS\u2019, Ab\u00e9u tornen col segundu adelantu del que va ser la so primer referencia discogr\u00e1fica: &#8216;K-MUDAR&#8217; Tr\u00e1tase de \u2018AGUILANDOS\u2018, una entrega compuesta por dos pieces tradicionales \u2018LA PICA\u2018 y \u2018LAS MURIAS\u2018 y nelles destaca la collaboraci\u00f3n de componentes del Grupo folkl\u00f3rico Trebeyu. Musicasturiana.com \/Les pieces tradicionales &#8216;La Pica&#8217; y &#8216;Las [&hellip;]<\/p>\n","protected":false},"author":117,"featured_media":0,"comment_status":"closed","ping_status":"closed","sticky":false,"template":"","format":"standard","meta":{"footnotes":""},"categories":[35,125],"tags":[],"class_list":["post-63099","post","type-post","status-publish","format-standard","hentry","category-musica","category-musicasturiana-com"],"_links":{"self":[{"href":"https:\/\/edublog.educastur.es\/ixuxu\/wp-json\/wp\/v2\/posts\/63099","targetHints":{"allow":["GET"]}}],"collection":[{"href":"https:\/\/edublog.educastur.es\/ixuxu\/wp-json\/wp\/v2\/posts"}],"about":[{"href":"https:\/\/edublog.educastur.es\/ixuxu\/wp-json\/wp\/v2\/types\/post"}],"author":[{"embeddable":true,"href":"https:\/\/edublog.educastur.es\/ixuxu\/wp-json\/wp\/v2\/users\/117"}],"replies":[{"embeddable":true,"href":"https:\/\/edublog.educastur.es\/ixuxu\/wp-json\/wp\/v2\/comments?post=63099"}],"version-history":[{"count":2,"href":"https:\/\/edublog.educastur.es\/ixuxu\/wp-json\/wp\/v2\/posts\/63099\/revisions"}],"predecessor-version":[{"id":63101,"href":"https:\/\/edublog.educastur.es\/ixuxu\/wp-json\/wp\/v2\/posts\/63099\/revisions\/63101"}],"wp:attachment":[{"href":"https:\/\/edublog.educastur.es\/ixuxu\/wp-json\/wp\/v2\/media?parent=63099"}],"wp:term":[{"taxonomy":"category","embeddable":true,"href":"https:\/\/edublog.educastur.es\/ixuxu\/wp-json\/wp\/v2\/categories?post=63099"},{"taxonomy":"post_tag","embeddable":true,"href":"https:\/\/edublog.educastur.es\/ixuxu\/wp-json\/wp\/v2\/tags?post=63099"}],"curies":[{"name":"wp","href":"https:\/\/api.w.org\/{rel}","templated":true}]}}