{"id":63106,"date":"2025-12-07T21:05:40","date_gmt":"2025-12-07T19:05:40","guid":{"rendered":"https:\/\/edublog.educastur.es\/ixuxu\/?p=63106"},"modified":"2025-12-07T21:21:02","modified_gmt":"2025-12-07T19:21:02","slug":"63106","status":"publish","type":"post","link":"https:\/\/edublog.educastur.es\/ixuxu\/2025\/12\/63106\/","title":{"rendered":"Conciertu de la banda \u00abGaiteros del Carb\u00f3n\u00bb en La Felguera"},"content":{"rendered":"<p><em>Gaiteros del Carb\u00f3n<strong> somos una banda de les cuenques mineres qu&#8217;en 2026 facemos 10 a\u00f1os<\/strong>. Queremos celebrar esti aniversariu como se merez, con un conciertu especial, una esposici\u00f3n que recueya la nuesa historia, y unos detalles conmemorativos pa recordar esti cam\u00edn. El conciertu especial va celebrase\u2019l <span style=\"color: #008080\"><strong>s\u00e1badu 10 de xineru de 2026, a les 20:00 hores, nel Teatru Jos\u00e9 Le\u00f3n Delestal de La Felguera (Llangr\u00e9u)<\/strong><\/span>. Esta cita promete ser una celebraci\u00f3n \u00fanica que xune delles xeneraciones d\u2019artistes pola m\u00fasica y la cultura asturiana.<a href=\"https:\/\/musicasturiana.com\/gaiteros-del-carbon-agoten-les-entraes-pal-conciertu-x-aniversariu-y-anuncien-un-segundu-pase\/\"><strong> Musicasturiana.com<\/strong><\/a><\/em><\/p>\n<p style=\"text-align: center\">\n<!-- iframe plugin v.6.0 wordpress.org\/plugins\/iframe\/ -->\n<iframe loading=\"lazy\" src=\"https:\/\/www.facebook.com\/plugins\/post.php?href=https%3A%2F%2Fwww.facebook.com%2Ffundacionbelenos%2Fposts%2Fpfbid0fERe7aCgLTw47aP2x2RS7uMZmjRkmgaL9PamcfnFcC3Qvqumo9p7CvGH2v5Kix5Xl&#038;show_text=false&#038;width=500\" width=\"500\" height=\"498\" style=\"border:none;overflow:hidden\" scrolling=\"no\" frameborder=\"0\" allowfullscreen=\"true\" allow=\"autoplay; clipboard-write; encrypted-media; picture-in-picture; web-share\" 0=\"\/iframe\" class=\"iframe-class\"><\/iframe>\n<\/p>\n<p><!--more--><\/p>\n<p style=\"text-align: center\"><a href=\"https:\/\/musicasturiana.com\/wp-content\/uploads\/2025\/12\/gaiteros-del-carbon-4.jpg\"><img loading=\"lazy\" decoding=\"async\" class=\"aligncenter size-large\" src=\"https:\/\/musicasturiana.com\/wp-content\/uploads\/2025\/12\/gaiteros-del-carbon-4.jpg\" width=\"1200\" height=\"600\" \/><\/a><\/p>\n<p>&nbsp;<\/p>\n<div class=\"et_pb_module et_pb_text et_pb_text_3 et_pb_text_align_left et_pb_bg_layout_light\">\n<div class=\"et_pb_text_inner\">\n<p><span style=\"font-size: 16px\">\u00a0<\/span>Nel escenariu, Gaiteros del Carb\u00f3n <strong>van tar acompa\u00f1aos polos reconoc\u00edos m\u00fasicos<\/strong>: Rub\u00e9n Bada \u2013 guitarres Juanjo D\u00edaz \u2013 bater\u00eda y percusiones Ram\u00f3n Prada \u2013 teclaos y baxu Ram\u00f3n Prada comparte col direutor de la banda, Pablo Carrera, el llabor d\u2019arreglos y direici\u00f3n musical. Nel conciertu van participar artistes convidaos como Celtas Cortos, Nuberu y Marisa Valle Roso o Xune Elipe, entre otros.<\/p>\n<p style=\"text-align: center\"><a href=\"https:\/\/dg9aaz8jl1ktt.cloudfront.net\/uploaded_files\/000\/463\/630\/verkami_ab143a36b2ce58a497ef533e7d6dcea9.jpg?1760642263\"><img loading=\"lazy\" decoding=\"async\" class=\"aligncenter size-large\" src=\"https:\/\/dg9aaz8jl1ktt.cloudfront.net\/uploaded_files\/000\/463\/630\/verkami_ab143a36b2ce58a497ef533e7d6dcea9.jpg?1760642263\" width=\"745\" height=\"497\" \/><\/a><\/p>\n<p><span style=\"color: #008080\"><strong>Gaiteros del Carb\u00f3n<\/strong><\/span>. <span style=\"font-size: 16px\">Una banda compromet\u00eda con Asturies, que fusiona la m\u00fasica de raiga\u00f1u cola miner\u00eda, se\u00f1es identitaries de la cultura asturiana.<\/span><\/p>\n<ul>\n<li><a href=\"https:\/\/www.woutick.es\/evento\/100829\/entradas-equi-tan-estos-son---x-aniversariu-de-gdc?place=42216&amp;date=10-01-2026&amp;time=20:00&amp;showId=122527\"><strong>Venta d&#8217;entraes 10 xineru 2026<\/strong> \/<\/a><\/li>\n<\/ul>\n<p><a href=\"https:\/\/gaiterosdelcarbon.com\/wp-content\/uploads\/2025\/11\/DSC2575.jpg\"><img loading=\"lazy\" decoding=\"async\" class=\"aligncenter \" src=\"https:\/\/gaiterosdelcarbon.com\/wp-content\/uploads\/2025\/11\/DSC2575.jpg\" width=\"625\" height=\"938\" \/><\/a><\/p>\n<\/div>\n<\/div>\n<p>Otra de les novedaes importantes que dio Gaiteros del Carb\u00f3n estos \u00faltimos d\u00edes ye que son\u00a0<strong>la imaxe oficial\u00a0<\/strong>de la nueva\u00a0<strong>camiseta del Real<\/strong>\u00a0<strong>Oviedo pol D\u00eda de Santa B\u00e1rbara.\u00a0<\/strong>\u00abYe una honra enorme que refuerza\u2019l venceyu col mundu mineru y cola cultura asturiana y agradecemos fondamente\u2019l sofitu del p\u00fablicu, de los mecenes y de tolos colectivos que t\u00e1n arropando esti proyectu tan especial\u00bb, concl\u00fai la banda gaites de les cuenques mineres.<\/p>\n<p style=\"text-align: center\"><span class=\"x193iq5w xeuugli x13faqbe x1vvkbs xt0psk2 x1i0vuye xvs91rp xo1l8bm x5n08af x10wh9bi xpm28yp x8viiok x1o7cslx x126k92a\"><span class=\"html-span xexx8yu x4uap5 x18d9i69 xkhd6sd x1hl2dhg x16tdsg8 x1vvkbs x3nfvp2 x1j61x8r x1fcty0u xdj266r xat24cr xgzva0m xhhsvwb xxymvpz xlup9mm x1kky2od\">\n<!-- iframe plugin v.6.0 wordpress.org\/plugins\/iframe\/ -->\n<iframe loading=\"lazy\" src=\"https:\/\/www.instagram.com\/p\/DR2U2ZhERGk\/embed\" width=\"640\" height=\"595\" 0=\"\/iframe\" scrolling=\"yes\" class=\"iframe-class\" frameborder=\"0\"><\/iframe>\n<\/span><\/span><\/p>\n<p>Gracias <a class=\"x1i10hfl xjbqb8w x1ejq31n x18oe1m7 x1sy0etr xstzfhl x972fbf x10w94by x1qhh985 x14e42zd x9f619 x1ypdohk xt0psk2 x3ct3a4 xdj266r x14z9mp xat24cr x1lziwak xexx8yu xyri2b x18d9i69 x1c1uobl x16tdsg8 x1hl2dhg xggy1nq x1a2a7pz notranslate _a6hd\" role=\"link\" href=\"https:\/\/www.instagram.com\/gaiterosdelcarbon\/\">@gaiterosdelcarbon<\/a> por haber sido nuestros c\u00f3mplices en este lanzamiento y por deleitarnos con una de las bandas sonoras que m\u00e1s enorgullece a nuestra tierra \ud83d\udc99 <a class=\"x1i10hfl xjbqb8w x1ejq31n x18oe1m7 x1sy0etr xstzfhl x972fbf x10w94by x1qhh985 x14e42zd x9f619 x1ypdohk xt0psk2 x3ct3a4 xdj266r x14z9mp xat24cr x1lziwak xexx8yu xyri2b x18d9i69 x1c1uobl x16tdsg8 x1hl2dhg xggy1nq x1a2a7pz _aa9_ _a6hd\" role=\"link\" href=\"https:\/\/www.instagram.com\/explore\/tags\/orgullodeasturiasorgullominero\/\">#OrgulloDeAsturiasOrgulloMinero<\/a> \ud83d\udda4\ud83d\udc9b <a class=\"x1i10hfl xjbqb8w x1ejq31n x18oe1m7 x1sy0etr xstzfhl x972fbf x10w94by x1qhh985 x14e42zd x9f619 x1ypdohk xt0psk2 x3ct3a4 xdj266r x14z9mp xat24cr x1lziwak xexx8yu xyri2b x18d9i69 x1c1uobl x16tdsg8 x1hl2dhg xggy1nq x1a2a7pz _aa9_ _a6hd\" role=\"link\" href=\"https:\/\/www.instagram.com\/explore\/tags\/realoviedo\/\">#RealOviedo<\/a> \ud83d\udd35\u26aa<\/p>\n","protected":false},"excerpt":{"rendered":"<p>Gaiteros del Carb\u00f3n somos una banda de les cuenques mineres qu&#8217;en 2026 facemos 10 a\u00f1os. Queremos celebrar esti aniversariu como se merez, con un conciertu especial, una esposici\u00f3n que recueya la nuesa historia, y unos detalles conmemorativos pa recordar esti cam\u00edn. El conciertu especial va celebrase\u2019l s\u00e1badu 10 de xineru de 2026, a les 20:00 [&hellip;]<\/p>\n","protected":false},"author":117,"featured_media":0,"comment_status":"closed","ping_status":"closed","sticky":false,"template":"","format":"standard","meta":{"footnotes":""},"categories":[425,35,125],"tags":[],"class_list":["post-63106","post","type-post","status-publish","format-standard","hentry","category-gaita","category-musica","category-musicasturiana-com"],"_links":{"self":[{"href":"https:\/\/edublog.educastur.es\/ixuxu\/wp-json\/wp\/v2\/posts\/63106","targetHints":{"allow":["GET"]}}],"collection":[{"href":"https:\/\/edublog.educastur.es\/ixuxu\/wp-json\/wp\/v2\/posts"}],"about":[{"href":"https:\/\/edublog.educastur.es\/ixuxu\/wp-json\/wp\/v2\/types\/post"}],"author":[{"embeddable":true,"href":"https:\/\/edublog.educastur.es\/ixuxu\/wp-json\/wp\/v2\/users\/117"}],"replies":[{"embeddable":true,"href":"https:\/\/edublog.educastur.es\/ixuxu\/wp-json\/wp\/v2\/comments?post=63106"}],"version-history":[{"count":11,"href":"https:\/\/edublog.educastur.es\/ixuxu\/wp-json\/wp\/v2\/posts\/63106\/revisions"}],"predecessor-version":[{"id":63120,"href":"https:\/\/edublog.educastur.es\/ixuxu\/wp-json\/wp\/v2\/posts\/63106\/revisions\/63120"}],"wp:attachment":[{"href":"https:\/\/edublog.educastur.es\/ixuxu\/wp-json\/wp\/v2\/media?parent=63106"}],"wp:term":[{"taxonomy":"category","embeddable":true,"href":"https:\/\/edublog.educastur.es\/ixuxu\/wp-json\/wp\/v2\/categories?post=63106"},{"taxonomy":"post_tag","embeddable":true,"href":"https:\/\/edublog.educastur.es\/ixuxu\/wp-json\/wp\/v2\/tags?post=63106"}],"curies":[{"name":"wp","href":"https:\/\/api.w.org\/{rel}","templated":true}]}}