{"id":63125,"date":"2026-01-01T18:00:54","date_gmt":"2026-01-01T16:00:54","guid":{"rendered":"https:\/\/edublog.educastur.es\/ixuxu\/?p=63125"},"modified":"2025-12-07T21:32:18","modified_gmt":"2025-12-07T19:32:18","slug":"63125","status":"publish","type":"post","link":"https:\/\/edublog.educastur.es\/ixuxu\/2026\/01\/63125\/","title":{"rendered":"Semando Fest presenta\u2019l logotipu de la IV edici\u00f3n"},"content":{"rendered":"<p style=\"text-align: center\"><a href=\"https:\/\/musicasturiana.com\/wp-content\/uploads\/2025\/12\/Identida-Semando-Fest.png\"><img loading=\"lazy\" decoding=\"async\" class=\"aligncenter \" src=\"https:\/\/musicasturiana.com\/wp-content\/uploads\/2025\/12\/Identida-Semando-Fest.png\" width=\"789\" height=\"395\" \/><\/a><\/p>\n<p>El festival de m\u00fasica moza n\u2019asturianu <span style=\"color: #008080\"><strong>Semando Fest<\/strong><\/span> ta acabante d\u2019anunciar la imaxe oficial pa la pr\u00f3xima edici\u00f3n, un dise\u00f1u realiz\u00e1u per <strong>Sierra Graphics<\/strong> <span class=\"html-span xexx8yu xyri2b x18d9i69 x1c1uobl x1hl2dhg x16tdsg8 x1vvkbs x3nfvp2 x1j61x8r x1fcty0u xdj266r xat24cr xm2jcoa x1mpyi22 xxymvpz xlup9mm x1kky2od\"><img loading=\"lazy\" decoding=\"async\" class=\"xz74otr x15mokao x1ga7v0g x16uus16 xbiv7yw\" src=\"https:\/\/static.xx.fbcdn.net\/images\/emoji.php\/v9\/t69\/1\/16\/1f331.png\" alt=\"\ud83c\udf31\" width=\"16\" height=\"16\" \/><\/span> Con esto arranca formalmente la promoci\u00f3n d\u2019esta nueva edici\u00f3n del festival, qu\u2019aspira a siguir siendo una plataforma de referencia pa la m\u00fasica moza n\u2019asturianu y qu\u2019esti a\u00f1u ta organizada pol proyectu cultural mozu <span class=\"html-span xdj266r x14z9mp xat24cr x1lziwak xexx8yu xyri2b x18d9i69 x1c1uobl x1hl2dhg x16tdsg8 x1vvkbs\"><a class=\"x1i10hfl xjbqb8w x1ejq31n x18oe1m7 x1sy0etr xstzfhl x972fbf x10w94by x1qhh985 x14e42zd x9f619 x1ypdohk xt0psk2 x3ct3a4 xdj266r x14z9mp xat24cr x1lziwak xexx8yu xyri2b x18d9i69 x1c1uobl x16tdsg8 x1hl2dhg xggy1nq x1a2a7pz xkrqix3 x1sur9pj x1fey0fg x1s688f\" role=\"link\" href=\"https:\/\/www.facebook.com\/profile.php?id=100065017598592&amp;__cft__[0]=AZUD33qYaQE24DdrdOMZGwa3EVSKYEUF3wLPDveAnDQ-eDFhLt8nSkqct7XN411j8fxlmb1Qrim-EWVk-Ut_y2-bc2nBpnVupi_g7rI8hH48C7yJhP8F_O9CdX8bP2j7TnXYmGV_4RGcBPR8nxYnO0krJ_cQwEZwCpEZkKQAfJi67BcbvJcquHUFAnuP3Il8X1aO02QRuHNlpZRYfXojGhts&amp;__tn__=-]K-y-R\"><span class=\"xt0psk2\"><span class=\"xjp7ctv\">H\u00e9roes ensin nome<\/span><\/span><\/a><\/span>. <a href=\"https:\/\/musicasturiana.com\/semando-fest-presental-logotipu-de-la-iv-edicion-disenau-por-sierra-graphics\/?fbclid=IwY2xjawOitJ1leHRuA2FlbQIxMQBzcnRjBmFwcF9pZBAyMjIwMzkxNzg4MjAwODkyAAEeDa2OEug7PKdagSaobwRJtkrpWbuRrEcQ6nEDtOZ-7eHB3RPCb_PZPWzRuqY_aem_DdMJ9PzQGEEpF4s3BS3TWQ\">MUSICASTURIANA.COM<\/a><\/p>\n<p><!--more--><\/p>\n<p style=\"text-align: center\">\n<!-- iframe plugin v.6.0 wordpress.org\/plugins\/iframe\/ -->\n<iframe loading=\"lazy\" width=\"100%\" height=\"419\" src=\"https:\/\/www.youtube.com\/embed\/ganYJUAPq-o\" title=\"\ud83c\udf31 SEMANDO FEST 2025\ud83c\udf31 La m\u00fasica moza n&#039;asturianu XORREZ \ud83d\udc99\ud83d\udc9b\" frameborder=\"0\" allow=\"accelerometer; autoplay; clipboard-write; encrypted-media; gyroscope; picture-in-picture; web-share\" referrerpolicy=\"strict-origin-when-cross-origin\" 0=\"allowfullscreen\" 1=\"\/iframe\" scrolling=\"yes\" class=\"iframe-class\"><\/iframe>\n<\/p>\n<p>El nuevu llogotipu, dise\u00f1\u00e1u por Sierra Graphics, representa l\u2019<strong>esp\u00edritu xoven, creativu y renovador<\/strong>\u00a0del festival \u2014 una imaxe que busca entemecer tradici\u00f3n y modernid\u00e1, como lo fixo Semando Fest dende la so nacencia. Esta\u00a0<strong>renovaci\u00f3n visual<\/strong>\u00a0vien a reforzar la identid\u00e1 del festival y constit\u00fai una marca reconocible que va presidir toles pieces de comunicaci\u00f3n de la edici\u00f3n. Con esta decisi\u00f3n, la organizaci\u00f3n reafirma\u2019l compromisu cont\u00ednuu col apoyu a la m\u00fasica moza en asturianu y col\u00a0<strong>fomentu de la escena emerxente<\/strong>.<\/p>\n<p>Andrea Sierra (Xix\u00f3n, 1992) ye la cara visible de\u00a0<strong>Sierra Graphics<\/strong>. Ye\u00a0<strong>dise\u00f1adora gr\u00e1fica<\/strong>\u00a0<strong>especializada en branding, videu, redes sociales<\/strong>. Apasionada del mundu del emprendimientu y si te despistes va intentar convencete de qu\u2019empieces el to propiu negociu. Imparte f<strong>ormaciones y mentor\u00edes<\/strong>\u00a0dende un enfoque realista pa que consigas tener una marca coherente y sostenible al llargu plazu.<\/p>\n<p style=\"text-align: center\"><a href=\"https:\/\/musicasturiana.com\/wp-content\/uploads\/2025\/12\/Andrea-Sierra.png\"><img loading=\"lazy\" decoding=\"async\" class=\"aligncenter \" src=\"https:\/\/musicasturiana.com\/wp-content\/uploads\/2025\/12\/Andrea-Sierra.png\" width=\"460\" height=\"464\" \/><\/a><\/p>\n<div class=\"elementor-element elementor-element-a767a8c elementor-widget__width-inherit elementor-widget elementor-widget-theme-post-content\" data-id=\"a767a8c\" data-element_type=\"widget\" data-widget_type=\"theme-post-content.default\">\n<div class=\"elementor-widget-container\">\n<p>D\u2019otra banda, y\u00e1 ta\u00a0<strong>too zarrao pa esta cuarta edici\u00f3n del festival<\/strong>: grupos, carteler\u00eda, realizaci\u00f3n audiovisual y presentadores. Nes pr\u00f3ximes selmanes van dir anunci\u00e1ndose los nomes de los distintos axentes implicaos nun eventu que busca ser m\u00e1s qu\u2019un conciertu y por eso tien una filosof\u00eda caracterizada por puxar pol<strong>\u00a0<\/strong><strong>relevu xeneracional\u00a0<\/strong>na m\u00fasica asturiana; por ufrir un festival con un\u00a0<strong>formatu orixinal\u00a0<\/strong>qu\u2019entemeza aspectos d\u2019una gala colos d\u2019una actuaci\u00f3n; que reivindica les\u00a0<strong>sales de conciertos\u00a0<\/strong>como un espaciu afayadizu pal exposigue de la m\u00fasica de raiga\u00f1u; y qu\u2019apuesta por da-y oportunidaes a les y los\u00a0<strong>creadores x\u00f3venes<\/strong>.<\/p>\n<p>La iniciativa naci\u00f3 en 2023 y nella participaron el d\u00fau d\u2019asturianada\u00a0<strong>Alicia Villanueva y Luis \u00c1lvarez Pola<\/strong>; el tr\u00edu de folk de c\u00e1mara\u00a0<strong>Lo\u00edna<\/strong>; les pandereteres\u00a0<strong>Algaire\u00a0<\/strong>y el d\u00fau d\u2019electr\u00f3nica de raiga\u00f1u\u00a0<strong>Llev\u00f3lu\u2019l Sumiciu<\/strong>.\u00a0<strong>Cecilia D\u00edaz\u00a0<\/strong>foi l\u2019autora del cartelu y la identid\u00e1 visual, mientres que les semeyes y el videu resume del eventu fueron obra de<strong>\u00a0<\/strong><strong>Luc\u00eda Gar\u00f3<\/strong>. Yedra Riesgo y Ra\u00fal Alonso \u2013responsables del programa radiof\u00f3nicu\u00a0<strong>H\u00e9roes Ensin Nome<\/strong>\u2013 fueron los encargaos de presentar l\u2019eventu.<\/p>\n<p>En 2024 xubieron al escenariu\u00a0<strong>Sandra \u00c1lvarez y Noem\u00ed Gonz\u00e1lez<\/strong>\u00a0col so espect\u00e1culu de poes\u00eda feminista y tonada -qu\u2019angua\u00f1o pres\u00e9ntase como Milfueyes-;\u00a0<strong>Mostru l\u2019Horru\u00a0<\/strong>col so rap combativu; la banda de folk celta\u00a0<strong>Guieldu\u00a0<\/strong>y el grupu de punk-rock\u00a0<strong>Ochobre<\/strong>. Beatriz Men\u00e9ndez \u2013alter ego de\u00a0<strong>Made in Chigre\u2013<\/strong>\u00a0foi la responsable de tola parte gr\u00e1fica y\u00a0<strong>Leticia Cernuda\u00a0<\/strong>de les semeyes y del videu. H\u00e9roes Ensin Nome repitieron como presentadores.<\/p>\n<p>Y\u00e1 en 2025, foi\u2019l turnu nel escenariu pa la percusi\u00f3n y les voces d\u2019<strong>Ab\u00e9u<\/strong>, la propuesta novedosa con una montonera de x\u00e9neros estremaos de\u00a0<strong>Ferla Meg\u00eda<\/strong>, el power folk d\u2019<strong>Alienda<\/strong>\u00a0nel so d\u00e9cimu aniversariu nos escenarios magar de la so moced\u00e1 y la banda de post-rock\u00a0<strong>Melandru<\/strong>. L\u2019artista\u00a0<strong>Surimi<\/strong>,\u00a0<strong>\u2013<\/strong>nomatu de Paula Su\u00e1rez<strong>\u2013 encarg\u00f3se de la identid\u00e1 visual, mientres que Nay Semeya fixo lo propio coles semeyes y la realizaci\u00f3n audiovisual. H\u00e9roes ensin nome repitieron na presentaci\u00f3n.<\/strong><\/p>\n<figure class=\"wp-block-embed is-type-video is-provider-youtube wp-block-embed-youtube wp-embed-aspect-16-9 wp-has-aspect-ratio\"><\/figure>\n<\/div>\n<\/div>\n<div class=\"elementor-element elementor-element-6d96732 elementor-widget__width-inherit elementor-post-navigation-borders-yes elementor-widget elementor-widget-post-navigation\" data-id=\"6d96732\" data-element_type=\"widget\" data-widget_type=\"post-navigation.default\">\n<div class=\"elementor-widget-container\">\n<div class=\"elementor-post-navigation\">\n<div class=\"elementor-post-navigation__next elementor-post-navigation__link\"><\/div>\n<\/div>\n<\/div>\n<\/div>\n","protected":false},"excerpt":{"rendered":"<p>El festival de m\u00fasica moza n\u2019asturianu Semando Fest ta acabante d\u2019anunciar la imaxe oficial pa la pr\u00f3xima edici\u00f3n, un dise\u00f1u realiz\u00e1u per Sierra Graphics Con esto arranca formalmente la promoci\u00f3n d\u2019esta nueva edici\u00f3n del festival, qu\u2019aspira a siguir siendo una plataforma de referencia pa la m\u00fasica moza n\u2019asturianu y qu\u2019esti a\u00f1u ta organizada pol proyectu [&hellip;]<\/p>\n","protected":false},"author":117,"featured_media":0,"comment_status":"closed","ping_status":"closed","sticky":false,"template":"","format":"standard","meta":{"footnotes":""},"categories":[204,35,125],"tags":[],"class_list":["post-63125","post","type-post","status-publish","format-standard","hentry","category-festivales","category-musica","category-musicasturiana-com"],"_links":{"self":[{"href":"https:\/\/edublog.educastur.es\/ixuxu\/wp-json\/wp\/v2\/posts\/63125","targetHints":{"allow":["GET"]}}],"collection":[{"href":"https:\/\/edublog.educastur.es\/ixuxu\/wp-json\/wp\/v2\/posts"}],"about":[{"href":"https:\/\/edublog.educastur.es\/ixuxu\/wp-json\/wp\/v2\/types\/post"}],"author":[{"embeddable":true,"href":"https:\/\/edublog.educastur.es\/ixuxu\/wp-json\/wp\/v2\/users\/117"}],"replies":[{"embeddable":true,"href":"https:\/\/edublog.educastur.es\/ixuxu\/wp-json\/wp\/v2\/comments?post=63125"}],"version-history":[{"count":4,"href":"https:\/\/edublog.educastur.es\/ixuxu\/wp-json\/wp\/v2\/posts\/63125\/revisions"}],"predecessor-version":[{"id":63129,"href":"https:\/\/edublog.educastur.es\/ixuxu\/wp-json\/wp\/v2\/posts\/63125\/revisions\/63129"}],"wp:attachment":[{"href":"https:\/\/edublog.educastur.es\/ixuxu\/wp-json\/wp\/v2\/media?parent=63125"}],"wp:term":[{"taxonomy":"category","embeddable":true,"href":"https:\/\/edublog.educastur.es\/ixuxu\/wp-json\/wp\/v2\/categories?post=63125"},{"taxonomy":"post_tag","embeddable":true,"href":"https:\/\/edublog.educastur.es\/ixuxu\/wp-json\/wp\/v2\/tags?post=63125"}],"curies":[{"name":"wp","href":"https:\/\/api.w.org\/{rel}","templated":true}]}}