{"id":63130,"date":"2026-01-01T18:05:21","date_gmt":"2026-01-01T16:05:21","guid":{"rendered":"https:\/\/edublog.educastur.es\/ixuxu\/?p=63130"},"modified":"2025-12-07T21:35:15","modified_gmt":"2025-12-07T19:35:15","slug":"63130","status":"publish","type":"post","link":"https:\/\/edublog.educastur.es\/ixuxu\/2026\/01\/63130\/","title":{"rendered":"Ferla Meg\u00eda, nel\u00a0III\u00a0Semando Fest n&#8217;Uvi\u00e9u"},"content":{"rendered":"<div class=\"elementor-element elementor-element-667e3c7 elementor-widget__width-inherit elementor-widget elementor-widget-theme-post-title elementor-page-title elementor-widget-heading\" data-id=\"667e3c7\" data-element_type=\"widget\" data-widget_type=\"theme-post-title.default\">\n<div class=\"elementor-widget-container\">\n<p class=\"elementor-heading-title elementor-size-default\">\u00abLa xente qu\u2019escoyemos l\u2019asturianu pa facer m\u00fasica ye porque fainos sentir m\u00e1s cerca d\u2019onde vivimos\u00bb Falamos con <strong>Ferla Meg\u00eda<\/strong> p&#8217;afondar na so propuesta y nel relevu xeneracional na m\u00fasica asturiana enantes de que toque nel <strong>III Semando Fest. <a href=\"https:\/\/musicasturiana.com\/la-xente-quescoyemos-lasturianu-pa-facer-musica-ye-porque-faenos-sentir-mas-cerca-donde-vivimos\/\">Musicasturiana.com\u00a0<\/a><\/strong><\/p>\n<p style=\"text-align: center\"><a href=\"https:\/\/musicasturiana.com\/wp-content\/uploads\/2024\/11\/ferla-megia-semando-fest-horizontal.jpg\"><img loading=\"lazy\" decoding=\"async\" class=\"aligncenter size-large\" src=\"https:\/\/musicasturiana.com\/wp-content\/uploads\/2024\/11\/ferla-megia-semando-fest-horizontal.jpg\" width=\"1200\" height=\"600\" \/><\/a><!--more--><\/p>\n<p>El s\u00e1badu\u00a0<strong>8 de febreru<\/strong>\u00a0en\u00a0<strong>Lata de Zinc\u00a0<\/strong>(Uvi\u00e9u) va celebrase\u2019l\u00a0<strong>III\u00a0<a href=\"https:\/\/musicasturiana.com\/semando-fest\/\" target=\"_blank\" rel=\"noreferrer noopener\">Semando Fest<\/a><\/strong>, festival de<strong>\u00a0m\u00fasica moza n\u2019asturianu<\/strong>\u00a0qu\u2019entamen Musicasturiana.com y Ixux\u00fa Cultura. N\u00e9l van participar\u00a0<strong>cuatro proyectos<\/strong>\u00a0d\u2019<strong>estremaos estilos\u00a0<\/strong>musicales cola caracter\u00edstica com\u00fan de que la mayor\u00eda de los sos componentes son\u00a0<strong>menores de 35 a\u00f1os<\/strong>. La segunda confirmaci\u00f3n foi la de\u00a0<a href=\"https:\/\/musicasturiana.com\/wp-content\/uploads\/2024\/11\/ferla-megia-semando-fest-horizontal-300x150.jpg\" target=\"_blank\" rel=\"noreferrer noopener\"><strong>Ferla Meg\u00eda<\/strong><\/a>, que va ufrir un conciertu onde poder sentir estilos como la electr\u00f3nica, ambient, pop, dembow, folk o canci\u00f3n d\u2019autor. Con \u00e9l siguimos una serie d\u2019<strong>entrevistes<\/strong>\u00a0dedicaes a\u00a0<strong>afondar\u00a0<\/strong>nes propuestes que van sonar nesta edici\u00f3n del Semando Fest con\u00a0<strong>reflexones<\/strong>, am\u00e1s, sobre la situaci\u00f3n de la m\u00fasica moza del pa\u00eds angua\u00f1o.<\/p>\n<div class=\"wp-block-spacer\" style=\"text-align: center\" aria-hidden=\"true\">\n<!-- iframe plugin v.6.0 wordpress.org\/plugins\/iframe\/ -->\n<iframe data-testid=\"embed-iframe\" style=\"border-radius:12px\" src=\"https:\/\/open.spotify.com\/embed\/artist\/3uK6ZjRMhvkVah2RAiFg7Y?utm_source=generator\" width=\"100%\" height=\"352\" frameborder=\"0\" allowfullscreen allow=\"autoplay; clipboard-write; encrypted-media; fullscreen; picture-in-picture\" loading=\"lazy\" 0=\"\/iframe\" scrolling=\"yes\" class=\"iframe-class\"><\/iframe>\n<\/div>\n<p><strong>Anque lleves na escena asturiana dende cuasique l\u2019adolescencia con dellos proyectos estremaos, nun foi hasta va unos a\u00f1os que decidisti dar el pasu d\u2019emplegar l\u2019asturianu y el patrimoniu musical del pa\u00eds nes tos composiciones, \u00bfqu\u00e9 foi lo que t\u2019empobin\u00f3 a facelo?<\/strong><\/p>\n<p>A decir verd\u00e1, soi l\u2019\u00fanicu asturianu de la familia. Los mios g\u00fcelos yeren del sur (Castiella La Mancha), pero yo tuvi la suerte de \u00f1acer equ\u00ed y de mamar dende guah.e la m\u00fasica del pa\u00eds y el paisaxe, que tami\u00e9n ye responsable d\u2019inspirame. Entam\u00e9 con 15 a\u00f1os cantando n\u2019ingl\u00e9s porque los mios referentes yeren anglosaxones (lo t\u00edpico: Nirvana, Red Hot Chili Peppers\u2026). Nun foi hasta 2019 o asina qu\u2019entam\u00e9 a cantar en castell\u00e1n, y hasta dempu\u00e9s de la pandemia, cuando fui consciente y asimil\u00e9 dafechu\u2019l mio contestu, cuando me decid\u00ed a camudar d\u2019estilu y llingua pa facelo n\u2019ast. \u00a1Inda qu\u00e9dame la virxen por deprender!<\/p>\n<div class=\"wp-block-spacer\" aria-hidden=\"true\"><\/div>\n<blockquote class=\"wp-block-quote is-style-large is-layout-flow wp-block-quote-is-layout-flow\"><p>\u00abSoi l\u2019\u00fanicu asturianu de la familia. Los mios g\u00fcelos yeren del sur Castiella, pero yo tuvi la suerte de \u00f1acer equ\u00ed y de mamar dende guah.e la m\u00fasica del pa\u00eds y el paisaxe, que tami\u00e9n ye responsable d\u2019inspirame\u00bb<\/p><\/blockquote>\n<div class=\"wp-block-spacer\" aria-hidden=\"true\"><\/div>\n<p><strong>Nesi sen, n\u2019Asturies, anque poca por dellos motivos y, ente ellos, la emigraci\u00f3n, hai m\u00fasica moza, pero munches propuestes nun escueyen les nuestres lling\u00fces, \u00bfpor qu\u00e9 pienses que ye?<\/strong><\/p>\n<p>Siento qu\u2019inda l\u2019asturianu (sacantes escepciones) nun entr\u00f3 na musica \u201cde gran consumu\u201d, entendiendo lo entrecomillao como\u2019l pop, el rnb, el hiphop, el (mal llam\u00e1u) urban\u2026 Supongo que la xente qu\u2019escoyemos l\u2019asturianu pa facer m\u00fasica ye por que nos presta, cenciellamente, porque fainos sentir m\u00e1s cerca d\u2019onde vivimos o medramos.<\/p>\n<div class=\"wp-block-spacer\" aria-hidden=\"true\"><\/div>\n<p><strong>Si afondamos, am\u00e1s, nes escenes d\u2019otros territorios del Est\u00e1u con lling\u00fces propies, vemos ceo que los estilos urbanos t\u00e1n afitaos nos grupos mozos. Sicas\u00ed, equ\u00ed tov\u00eda queda cam\u00edn por andar anque propuestes como la tuya, Mostru l\u2019Horru o Llev\u00f3lu\u2019l Sumiciu y\u00e1 lu entamareis, \u00bfc\u00f3mo lo ves dende la to perspeutiva?<\/strong><\/p>\n<p>De xuru queda cam\u00edn por andar. Nesi sent\u00edu, Llev\u00f3lu y Mostru l\u2019Horru fueron de dalguna manera los proyeutos que me llanzaron\u00a0a facer lo mio n\u2019ast. N\u2019otros territorios hai munch\u00edsimu talentu tami\u00e9n, y soi optimista: nos siguientes a\u00f1os texer\u00e1nse conexones ente estes comunidaes no que se refier a la m\u00fasica.<\/p>\n<div class=\"wp-block-spacer\" aria-hidden=\"true\"><\/div>\n<blockquote class=\"wp-block-quote is-style-large is-layout-flow wp-block-quote-is-layout-flow\"><p>\u00abSiento qu\u2019inda l\u2019asturianu (sacantes escepciones) nun entr\u00f3 na musica \u2018de gran consumu\u2019\u00bb<\/p><\/blockquote>\n<div class=\"wp-block-spacer\" aria-hidden=\"true\"><\/div>\n<p><strong>Dende qu\u2019asoleyasti los \u00faltimos singles y el to discu\u00a0<em>P\u00e1xaros 01<\/em>, tas emplegando les tos redes sociales p\u2019amosar el trabayu de producci\u00f3n qu\u2019hai detr\u00e1s de la to m\u00fasica, \u00bfpor qu\u00e9? \u00bfTr\u00e1tase d\u2019un enfotu pedag\u00f3xicu?<\/strong><\/p>\n<p>Dende llueu l\u2019enfotu pedag\u00f3xicu pue que tea eh\u00ed, porque agora mesmo toi estudiando\u2019l m\u00e1ster de profesor\u00e1u. Bromes aparte, quer\u00eda amosar la mio manera de trabayar porque hai munchu matu y pr\u00e9stame compartilu y xenerar di\u00e1logu.<\/p>\n<div class=\"wp-block-spacer\" aria-hidden=\"true\"><\/div>\n<blockquote class=\"wp-block-quote is-style-large is-layout-flow wp-block-quote-is-layout-flow\"><p>\u00abLlev\u00f3lu\u2019l Sumiciu y Mostru l\u2019Horru fueron de dalguna manera los proyeutos que me llanzaron\u00a0a facer lo mio n\u2019ast\u00bb<\/p><\/blockquote>\n<div class=\"wp-block-spacer\" aria-hidden=\"true\"><\/div>\n<p><strong>Per otru llau, coneutando sol Semando Fest, \u00bfc\u00f3mo ves el relevu xeneracional na m\u00fasica asturiana?<\/strong><\/p>\n<p>Tami\u00e9n siento optimismu. El fechu de qu\u2019haiga un festival dedic\u00e1u a la xente mozo faciendo m\u00fasica n\u2019ast y\u00e1 quier decir daqu\u00e9. Cada vez habr\u00e1 m\u00e1s artistes que se desarrollen n\u2019ast, de xuru.<\/p>\n<div class=\"wp-block-spacer\" aria-hidden=\"true\"><\/div>\n<p><strong>\u00bfQu\u00e9 dificultaes topasti como artista mozu pa entamar y afitate na escena?<\/strong><\/p>\n<p>Nun lo toi sintiendo dif\u00edcil. Los y les artistes que s\u2019averaron a mio musica siempre lo fixeron de bon rollu y yo tov\u00eda p\u00f3ngome color\u00e1u cuando la xente a la qu\u2019almiro cunta conmigo pa facer coses. \u00a1Si\u00e9ntome mui agustu y esti 2025 ser\u00e1 meyor a\u00fan!<\/p>\n<div class=\"wp-block-spacer\" aria-hidden=\"true\"><\/div>\n<blockquote class=\"wp-block-quote is-style-large is-layout-flow wp-block-quote-is-layout-flow\"><p>\u00abLos y les artistes que s\u2019averaron a mio musica siempre lo fixeron de bon rollu y yo tov\u00eda p\u00f3ngome color\u00e1u cuando la xente a la qu\u2019almiro cunta conmigo pa facer coses\u00bb<\/p><\/blockquote>\n<div class=\"wp-block-spacer\" aria-hidden=\"true\"><\/div>\n<p><strong>\u00bfQu\u00e9 aporta la to propuesta a la escena moza?\u00a0<\/strong><\/p>\n<p>Nun sabr\u00eda responder\u2026 eso que lo diga la xente, si ye qu\u2019aporto daqu\u00e9 (rises).<\/p>\n<div class=\"wp-block-spacer\" aria-hidden=\"true\"><\/div>\n<blockquote class=\"wp-block-quote is-style-large is-layout-flow wp-block-quote-is-layout-flow\"><p>\u00abFaedr\u00eda falta dalg\u00fan tipu de colectivu xestion\u00e1u polos propios artistes\u00bb<\/p><\/blockquote>\n<div class=\"wp-block-spacer\" aria-hidden=\"true\"><\/div>\n<p><strong>\u00bfFaen falta m\u00e1s proyectos de m\u00fasica moza n\u2019Asturies? \u00bfQu\u00e9 formatu-yos dar\u00edes? (Non nam\u00e1s grupos o artistes, sin\u00f3n tami\u00e9n festivales, conciertos, residencies art\u00edstiques, etc.)<\/strong><\/p>\n<p>Faedr\u00eda falta dalg\u00fan tipu de colectivu xestion\u00e1u polos propios artistes. Ser\u00eda pernutritivu, incluyendo toles disciplines, estilos y x\u00e9neros.<\/p>\n<div class=\"wp-block-spacer\" aria-hidden=\"true\"><\/div>\n<p><strong>\u00bfQu\u00e9 otros artistes mozos d\u2019angua\u00f1o o d\u2019anta\u00f1o t\u2019inspiraron?<\/strong><\/p>\n<p>Una de les influencies ta clara\u2026 Cuando sent\u00ed\u00a0<em>Manual de Cortejo<\/em>\u00a0en 2019 qued\u00e9 cola boca abierta. Descubri\u00f3me una manera nueva de facer m\u00fasica\u2026 \u00a1Gracies Rodri!\u00a0Llev\u00f3lu\u2019l Sumiciu, am\u00e1s de ser collacios, insp\u00edrenme siempre con cada cosa que van sacando\u2026 son los meyores.<\/p>\n<div class=\"wp-block-spacer\" aria-hidden=\"true\"><\/div>\n<blockquote class=\"wp-block-quote is-style-large is-layout-flow wp-block-quote-is-layout-flow\"><p>\u00abCuando sent\u00ed\u00a0<em>Manual de Cortejo<\/em>\u00a0en 2019 qued\u00e9 cola boca abierta. Descubri\u00f3me una manera nueva de facer m\u00fasica\u00bb<\/p><\/blockquote>\n<div class=\"wp-block-spacer\" aria-hidden=\"true\"><\/div>\n<p><strong>Y\u00e1 p\u2019acabar, \u00bfqu\u00e9 puedes avanzanos del to conciertu nel Semando Fest?<\/strong><\/p>\n<p>Que la xente va baillar y llorar. \u00a1Espero que-yos preste muncho!<\/p>\n<\/div>\n<\/div>\n<p>&nbsp;<\/p>\n","protected":false},"excerpt":{"rendered":"<p>\u00abLa xente qu\u2019escoyemos l\u2019asturianu pa facer m\u00fasica ye porque fainos sentir m\u00e1s cerca d\u2019onde vivimos\u00bb Falamos con Ferla Meg\u00eda p&#8217;afondar na so propuesta y nel relevu xeneracional na m\u00fasica asturiana enantes de que toque nel III Semando Fest. Musicasturiana.com\u00a0<\/p>\n","protected":false},"author":117,"featured_media":0,"comment_status":"closed","ping_status":"closed","sticky":false,"template":"","format":"standard","meta":{"footnotes":""},"categories":[35,125],"tags":[],"class_list":["post-63130","post","type-post","status-publish","format-standard","hentry","category-musica","category-musicasturiana-com"],"_links":{"self":[{"href":"https:\/\/edublog.educastur.es\/ixuxu\/wp-json\/wp\/v2\/posts\/63130","targetHints":{"allow":["GET"]}}],"collection":[{"href":"https:\/\/edublog.educastur.es\/ixuxu\/wp-json\/wp\/v2\/posts"}],"about":[{"href":"https:\/\/edublog.educastur.es\/ixuxu\/wp-json\/wp\/v2\/types\/post"}],"author":[{"embeddable":true,"href":"https:\/\/edublog.educastur.es\/ixuxu\/wp-json\/wp\/v2\/users\/117"}],"replies":[{"embeddable":true,"href":"https:\/\/edublog.educastur.es\/ixuxu\/wp-json\/wp\/v2\/comments?post=63130"}],"version-history":[{"count":3,"href":"https:\/\/edublog.educastur.es\/ixuxu\/wp-json\/wp\/v2\/posts\/63130\/revisions"}],"predecessor-version":[{"id":63133,"href":"https:\/\/edublog.educastur.es\/ixuxu\/wp-json\/wp\/v2\/posts\/63130\/revisions\/63133"}],"wp:attachment":[{"href":"https:\/\/edublog.educastur.es\/ixuxu\/wp-json\/wp\/v2\/media?parent=63130"}],"wp:term":[{"taxonomy":"category","embeddable":true,"href":"https:\/\/edublog.educastur.es\/ixuxu\/wp-json\/wp\/v2\/categories?post=63130"},{"taxonomy":"post_tag","embeddable":true,"href":"https:\/\/edublog.educastur.es\/ixuxu\/wp-json\/wp\/v2\/tags?post=63130"}],"curies":[{"name":"wp","href":"https:\/\/api.w.org\/{rel}","templated":true}]}}